{"id":6179,"date":"2022-12-02T11:01:46","date_gmt":"2022-12-02T11:01:46","guid":{"rendered":"https:\/\/www.automakersnews.cz\/?p=6179"},"modified":"2022-12-02T11:01:46","modified_gmt":"2022-12-02T11:01:46","slug":"cupra-ma-specialy-formentor-a-ateca-tribe-edition","status":"publish","type":"post","link":"https:\/\/www.automakersnews.cz\/index.php\/2022\/12\/02\/cupra-ma-specialy-formentor-a-ateca-tribe-edition\/","title":{"rendered":"CUPRA m\u00e1 speci\u00e1ly Formentor a Ateca Tribe Edition"},"content":{"rendered":"<p><strong>CUPRA p\u0159ipravila pro modely Formentor a Ateca dv\u011b speci\u00e1ln\u00ed edice s ozna\u010den\u00edm Tribe Edition vytvo\u0159en\u00e9 v Barcelon\u011b \u010dleny Kmene CUPRA. V\u00fdroba voz\u016f bude zah\u00e1jena na konci roku 2022. Jak\u00e9 jsou ceny pro \u010cesko?<\/strong><\/p>\n<p>Kmen CUPRA zahrnuje nositele zm\u011bn, lidi, kte\u0159\u00ed sd\u00edlej\u00ed zvyky, hodnoty, vyhran\u011bn\u00fd styl, v\u00e1\u0161niv\u00e9ho ducha a neochv\u011bjn\u00fd postoj. Modely CUPRA Formentor a Ateca ve speci\u00e1ln\u00edch edic\u00edch Tribe Edition zrcadl\u00ed jejich v\u00e1\u0161e\u0148 a ochotu zpochyb\u0148ovat konvence.<\/p>\n<p><strong>Speci\u00e1ln\u00ed edice Tribe Edition model\u016f CUPRA Formentor a Ateca vych\u00e1zej\u00ed z\u00a0individuality ka\u017ed\u00e9ho vozu<\/strong>, k\u00a0n\u00ed\u017e p\u0159id\u00e1vaj\u00ed nov\u00fd styl a sv\u011b\u017e\u00ed impulz v\u00a0podob\u011b v\u00fdb\u011bru nov\u00fdch barev, kol z\u00a0lehk\u00e9 slitiny a u\u0161lechtil\u00fdch detail\u016f v\u00a0exteri\u00e9ru a interi\u00e9ru.<\/p>\n<p><strong>\u201eKmen CUPRA je personifikac\u00ed zna\u010dky a zd\u016fraz\u0148uje jej\u00ed \u00fasil\u00ed b\u00fdt nekonven\u010dn\u00edm vyz\u00fdvatelem, kter\u00fd vyu\u017e\u00edv\u00e1 p\u0159\u00edle\u017eitosti a vytv\u00e1\u0159\u00ed nov\u00e9 cesty,\u201c<\/strong>\u00a0\u0159ekl Antonino Labate, glob\u00e1ln\u00ed \u0159editel zna\u010dky CUPRA odpov\u011bdn\u00fd za jej\u00ed strategii, obchodn\u00ed rozvoj a provozn\u00ed \u010dinnosti.\u00a0<strong>\u201eSpeci\u00e1ln\u00ed edice Tribe Edition model\u016f CUPRA Formentor a Ateca vyza\u0159uj\u00ed ducha pohybu stvo\u0159en\u00e9ho v\u00a0Barcelon\u011b \u010dleny Kmene CUPRA.\u201c<\/strong><\/p>\n<p><strong>Speci\u00e1ln\u00ed edice Tribe Edition<\/strong><\/p>\n<p>CUPRA Formentor Tribe Edition se dod\u00e1v\u00e1 se v\u0161emi variantami pohonu s\u00a0ozna\u010den\u00edm VZ. Prvn\u00ed model navr\u017een\u00fd a vyvinut\u00fd v\u00fdhradn\u011b pro zna\u010dku CUPRA nab\u00edz\u00ed v\u00a0t\u00e9to verzi je\u0161t\u011b v\u00edce exkluzivity, kter\u00e1 umoc\u0148uje esenci tohoto vysokov\u00fdkonn\u00e9ho vozu kategorie crossover SUV.<\/p>\n<p><strong>Nov\u00e9 vn\u011bj\u0161\u00ed designov\u00e9 prvky zv\u00fdraz\u0148uj\u00ed osobit\u00fd charakter<\/strong>\u00a0tohoto modelu, a\u0165 se jedn\u00e1 o tmav\u011b chromovan\u00fd n\u00e1pis CUPRA, nebo o masku chladi\u010de, ochrann\u00e9 li\u0161ty, kryty vn\u011bj\u0161\u00edch zp\u011btn\u00fdch zrc\u00e1tek a 19\u201c kola z\u00a0lehk\u00e9 slitiny v\u00a0matn\u011b \u010dern\u00e9m odst\u00ednu Sport Black.<\/p>\n<p>Vzhled umoc\u0148uje nov\u011b nab\u00edzen\u00e1 exkluzivn\u00ed barva Cliff \u0161ed\u00e1, kter\u00e1 p\u0159in\u00e1\u0161\u00ed novou dimenzi v\u00a0porovn\u00e1n\u00ed s odst\u00ednem Midnight \u010dern\u00e1, nab\u00edzen\u00fdm na p\u0159\u00e1n\u00ed.\u00a0<strong>Vylep\u0161en v\u0161ak nebyl pouze exteri\u00e9r.<\/strong><\/p>\n<p><strong>V\u00a0\u010dern\u00e9m interi\u00e9ru<\/strong>\u00a0modelu CUPRA Formentor Tribe Edition\u00a0<strong>p\u0159iv\u00edt\u00e1 cestuj\u00edc\u00ed nov\u00e1 atmosf\u00e9ra<\/strong>, kterou vytv\u00e1\u0159\u00ed speci\u00e1ln\u00ed \u010daloun\u011bn\u00ed sedadel tkaninou z\u00a0mikrovl\u00e1kna Dinamica a k\u016f\u017e\u00ed Nappa ve spojen\u00ed s\u00a0ped\u00e1ly z\u00a0tmav\u00e9ho hlin\u00edku.\u00a0<strong>Modernost a sportovnost vozu zd\u016fraz\u0148uje jedine\u010dn\u00e1 interpretace charakteru zna\u010dky CUPRA.<\/strong>\u00a0Model CUPRA Formentor Tribe Edition je kompletn\u011b dota\u017een\u00fdm vozem, spl\u0148uj\u00edc\u00edm nejvy\u0161\u0161\u00ed n\u00e1roky \u010dlen\u016f Kmene CUPRA. Proto byla\u00a0<strong>s\u00e9riov\u00e1 v\u00fdbava obohacena o vysp\u011bl\u00e9 komfortn\u00ed prvky<\/strong>\u00a0v\u010detn\u011b nap\u0159\u00edklad Top view kamery, bezdotykov\u00e9ho ovl\u00e1d\u00e1n\u00ed 5. dve\u0159\u00ed, Travel Assist nebo praktick\u00e9 p\u0159ihr\u00e1dky Connectivity box pro bezdr\u00e1tov\u00e9 nab\u00edjen\u00ed smartphone.<\/p>\n<p><strong>Tribe Edition na z\u00e1klad\u011b modelu CUPRA Ateca vych\u00e1z\u00ed z\u00a0jeho mimo\u0159\u00e1dn\u00fdch p\u0159ednost\u00ed a jeho okouzluj\u00edc\u00edmu vn\u011bj\u0161\u00edmu vzhledu dod\u00e1v\u00e1 je\u0161t\u011b v\u011bt\u0161\u00ed hloubku a umoc\u0148uje jeho odv\u00e1\u017en\u00fd vnit\u0159n\u00ed design.<\/strong><\/p>\n<p>Tribe Edition se od ostatn\u00edch verz\u00ed odli\u0161uje nab\u00eddkou barev karoserie v\u00a0odst\u00ednech Magic \u010dern\u00e1 a Camouflage zelen\u00e1, s\u00a0nimi\u017e lad\u00ed nov\u00e1, exkluzivn\u00ed 20\u201c kola z\u00a0lehk\u00e9 slitiny v\u00a0dvoubarevn\u00e9m designu s\u00a0matn\u011b \u010dernou a m\u011bd\u011bnou barvou (m\u011bd\u011bn\u00e9 jsou tak\u00e9 brzdov\u00e9 t\u0159meny s\u00e9riov\u011b dod\u00e1van\u00fdch v\u00fdkonn\u00fdch brzd Brembo) a \u010dern\u011b chromovan\u00fd n\u00e1pis CUPRA. V\u00fdsledkem je je\u0161t\u011b vy\u0161\u0161\u00ed \u00farove\u0148 sofistikovanosti a osobitosti.<\/p>\n<p><strong>Drobn\u00fdmi zm\u011bnami pro\u0161el tak\u00e9 interi\u00e9r\u00a0<\/strong>s\u00a0dvoubarevn\u00fdm \u010daloun\u011bn\u00edm anatomicky tvarovan\u00fdch sedadel tkaninou z\u00a0mikrovl\u00e1kna Dinamica v\u00a0odst\u00ednech \u010dern\u00e1 a \u0161ed\u00e1, kter\u00e1 \u0159idi\u010di a spolujezdci vp\u0159edu nab\u00edzej\u00ed mimo\u0159\u00e1dn\u00fd komfort. Nejvy\u0161\u0161\u00ed \u00farove\u0148 pohodl\u00ed byla d\u00e1le podpo\u0159ena standardn\u011b dod\u00e1van\u00fdm elektricky nastaviteln\u00fdm sedadlem \u0159idi\u010de s\u00a0mo\u017enost\u00ed ulo\u017een\u00ed polohy sedadla a vn\u011bj\u0161\u00edch zp\u011btn\u00fdch zrc\u00e1tek do pam\u011bti vozu.<\/p>\n<p>CUPRA spust\u00ed v\u00fdrobu voz\u016f CUPRA Formentor a Ateca Tribe Edition na konci leto\u0161n\u00edho roku. Na \u010desk\u00e9m trhu startuj\u00ed speci\u00e1ly Tribe Edition od 1\u00a0574\u00a0900,- K\u010d v p\u0159\u00edpad\u011b modelu Ateca (2.0 TSI 300k DSG 4WD) a 1\u00a0239\u00a0900,- K\u010d (2.0 TSI 245k DSG) v\u00a0p\u0159\u00edpad\u011b modelu Formentor.<!--more--><!--more--><\/p>\n","protected":false},"excerpt":{"rendered":"<div class=\"mh-excerpt\"><p>CUPRA p\u0159ipravila pro modely Formentor a Ateca dv\u011b speci\u00e1ln\u00ed edice s ozna\u010den\u00edm Tribe Edition vytvo\u0159en\u00e9 v Barcelon\u011b \u010dleny Kmene CUPRA. V\u00fdroba voz\u016f bude zah\u00e1jena na <a class=\"mh-excerpt-more\" href=\"https:\/\/www.automakersnews.cz\/index.php\/2022\/12\/02\/cupra-ma-specialy-formentor-a-ateca-tribe-edition\/\" title=\"CUPRA m\u00e1 speci\u00e1ly Formentor a Ateca Tribe Edition\">[&#8230;]<\/a><\/p>\n<\/div>","protected":false},"author":1,"featured_media":6180,"comment_status":"open","ping_status":"open","sticky":false,"template":"","format":"standard","meta":{"footnotes":""},"categories":[19],"tags":[],"class_list":["post-6179","post","type-post","status-publish","format-standard","has-post-thumbnail","hentry","category-design"],"_links":{"self":[{"href":"https:\/\/www.automakersnews.cz\/index.php\/wp-json\/wp\/v2\/posts\/6179","targetHints":{"allow":["GET"]}}],"collection":[{"href":"https:\/\/www.automakersnews.cz\/index.php\/wp-json\/wp\/v2\/posts"}],"about":[{"href":"https:\/\/www.automakersnews.cz\/index.php\/wp-json\/wp\/v2\/types\/post"}],"author":[{"embeddable":true,"href":"https:\/\/www.automakersnews.cz\/index.php\/wp-json\/wp\/v2\/users\/1"}],"replies":[{"embeddable":true,"href":"https:\/\/www.automakersnews.cz\/index.php\/wp-json\/wp\/v2\/comments?post=6179"}],"version-history":[{"count":0,"href":"https:\/\/www.automakersnews.cz\/index.php\/wp-json\/wp\/v2\/posts\/6179\/revisions"}],"wp:featuredmedia":[{"embeddable":true,"href":"https:\/\/www.automakersnews.cz\/index.php\/wp-json\/wp\/v2\/media\/6180"}],"wp:attachment":[{"href":"https:\/\/www.automakersnews.cz\/index.php\/wp-json\/wp\/v2\/media?parent=6179"}],"wp:term":[{"taxonomy":"category","embeddable":true,"href":"https:\/\/www.automakersnews.cz\/index.php\/wp-json\/wp\/v2\/categories?post=6179"},{"taxonomy":"post_tag","embeddable":true,"href":"https:\/\/www.automakersnews.cz\/index.php\/wp-json\/wp\/v2\/tags?post=6179"}],"curies":[{"name":"wp","href":"https:\/\/api.w.org\/{rel}","templated":true}]}}