{"id":6183,"date":"2022-12-02T11:14:41","date_gmt":"2022-12-02T11:14:41","guid":{"rendered":"https:\/\/www.automakersnews.cz\/?p=6183"},"modified":"2022-12-08T07:17:46","modified_gmt":"2022-12-08T07:17:46","slug":"dolansky-otevrel-ve-zline-cupra-garage","status":"publish","type":"post","link":"https:\/\/www.automakersnews.cz\/index.php\/2022\/12\/02\/dolansky-otevrel-ve-zline-cupra-garage\/","title":{"rendered":"Dolansk\u00fd otev\u0159el ve Zl\u00edn\u011b CUPRA Garage"},"content":{"rendered":"<p><strong>Zl\u00ednsk\u00fd dealer SEATu Ji\u0159\u00ed Dolansk\u00fd slavnostn\u011b otev\u0159el 1. prosince prvn\u00ed exkluzivn\u00ed showroom CUPRA Garage v \u010cesk\u00e9 republice, kter\u00fd se nach\u00e1z\u00ed v are\u00e1lu autorizovan\u00e9ho prodejce Auto Dolansk\u00fd. Opening nav\u0161t\u00edvilo 150 host\u016f, majiteli dealerstv\u00ed pogratuloval \u0161\u00e9f zna\u010dky Ale\u0161 Nov\u00e1k.<\/strong><!--more--><\/p>\n<p>\u201eM\u00e1m velkou radost, \u017ee i v \u010cesk\u00e9 republice m\u016f\u017eeme ji\u017e na\u0161im klient\u016fm nab\u00eddnout exkluzivn\u00ed z\u00e1kaznick\u00e9 z\u00e1\u017eitky v jedine\u010dn\u011b pojat\u00e9m showroomu\u00a0CUPRA\u00a0Garage,\u201c\u00a0\u0159ekl na podiu Ale\u0161 Nov\u00e1k.<\/p>\n<p>\u201eNa\u0161emu autorizovan\u00e9mu prodejci Auto Dolansk\u00fd v L\u00edp\u011b u Zl\u00edna pat\u0159\u00ed velk\u00e9 uzn\u00e1n\u00ed za perfektn\u00ed realizaci na\u0161eho nekonven\u010dn\u00edho konceptu, kter\u00fd je na \u010desk\u00e9m trhu opravdu unik\u00e1tn\u00ed. Cesta k tomu, jak za\u017e\u00edt zna\u010dku CUPRA naplno za\u010d\u00edn\u00e1 zde,\u201c p\u0159ipomn\u011bl \u0161\u00e9f zna\u010dky host\u016fm eventu.<\/p>\n<p>Ale\u0161 Nov\u00e1k pak spolu s mluv\u010d\u00edm zna\u010dky Filipem Stoulilem p\u0159edali Ji\u0159\u00edmu Dolansk\u00e9mu slavnostn\u00ed plaketu!<\/p>\n<p><img loading=\"lazy\" decoding=\"async\" class=\"alignnone size-medium wp-image-6192\" src=\"http:\/\/www.automakersnews.cz\/wp-content\/uploads\/2022\/12\/Cupra-Zlin-Stoulil-Novak-e1669980920908-300x225.jpg\" alt=\"\" width=\"300\" height=\"225\" srcset=\"https:\/\/www.automakersnews.cz\/wp-content\/uploads\/2022\/12\/Cupra-Zlin-Stoulil-Novak-e1669980920908-300x225.jpg 300w, https:\/\/www.automakersnews.cz\/wp-content\/uploads\/2022\/12\/Cupra-Zlin-Stoulil-Novak-e1669980920908-326x245.jpg 326w, https:\/\/www.automakersnews.cz\/wp-content\/uploads\/2022\/12\/Cupra-Zlin-Stoulil-Novak-e1669980920908-80x60.jpg 80w, https:\/\/www.automakersnews.cz\/wp-content\/uploads\/2022\/12\/Cupra-Zlin-Stoulil-Novak-e1669980920908.jpg 600w\" sizes=\"auto, (max-width: 300px) 100vw, 300px\" \/><\/p>\n<p>Showroom CUPRA Garage v L\u00edp\u011b u Zl\u00edna je podle Nov\u00e1ka navr\u017een tak, aby zt\u011bles\u0148oval identitu zna\u010dky CUPRA a jej\u00ed hodnoty: jedine\u010dnost, sofistikovanost a sportovn\u00ed v\u00fdkony. N\u00e1v\u0161t\u011bvn\u00edk\u016fm nab\u00edz\u00ed ve sv\u00e9m p\u016fsobiv\u00e9m a interaktivn\u00edm prost\u0159ed\u00ed jedine\u010dn\u00fd zp\u016fsob, jak proniknout do exkluzivn\u00edho sv\u011bta zna\u010dky CUPRA. V tzv. \u201egar\u00e1\u017eov\u00e9 z\u00f3n\u011b\u201c jsou vystaveny nejv\u00fdznamn\u011bj\u0161\u00ed modely.<\/p>\n<p><img loading=\"lazy\" decoding=\"async\" class=\"alignnone size-medium wp-image-6187\" src=\"http:\/\/www.automakersnews.cz\/wp-content\/uploads\/2022\/12\/Cupra-Zlin-Dolansky-scaled-e1669979821937-300x225.jpg\" alt=\"\" width=\"300\" height=\"225\" srcset=\"https:\/\/www.automakersnews.cz\/wp-content\/uploads\/2022\/12\/Cupra-Zlin-Dolansky-scaled-e1669979821937-300x225.jpg 300w, https:\/\/www.automakersnews.cz\/wp-content\/uploads\/2022\/12\/Cupra-Zlin-Dolansky-scaled-e1669979821937-326x245.jpg 326w, https:\/\/www.automakersnews.cz\/wp-content\/uploads\/2022\/12\/Cupra-Zlin-Dolansky-scaled-e1669979821937-80x60.jpg 80w, https:\/\/www.automakersnews.cz\/wp-content\/uploads\/2022\/12\/Cupra-Zlin-Dolansky-scaled-e1669979821937.jpg 560w\" sizes=\"auto, (max-width: 300px) 100vw, 300px\" \/><\/p>\n<p><strong>Dolansk\u00fd: rozhodnut\u00ed o investici bylo rychl\u00e9<\/strong><\/p>\n<p>\u201eJi\u017e od za\u010d\u00e1tku jsme s\u00a0nad\u0161en\u00edm sledovali v\u00fdvoj a zejm\u00e9na designov\u00e9 studie zna\u010dky\u00a0CUPRA. Po 4 letech jsme p\u0159ijali v\u00fdzvu pro z\u00edsk\u00e1n\u00ed zastoupen\u00ed vozidel pr\u00e1v\u011b t\u00e9to nov\u00e9 dynamick\u00e9 zna\u010dky. Rozhodnut\u00ed bylo velmi rychl\u00e9\u201c,\u00a0\u0159\u00edk\u00e1 Ji\u0159\u00ed Dolansk\u00fd, majitel spole\u010dnosti Auto Dolansk\u00fd s.r.o.<\/p>\n<p>\u201eV\u00a0\u010dervnu leto\u0161n\u00edho roku jsme se \u00fa\u010dastnili p\u0159edstaven\u00ed nov\u00fdch model\u016f a budouc\u00ed vize zna\u010dky\u00a0CUPRA\u00a0v\u00a0Barcelon\u011b. A ji\u017e p\u0159i zp\u00e1te\u010dn\u00ed cest\u011b jsem byl rozhodnut a v\u011bd\u011bl jsem, \u017ee toto je nov\u00fd sm\u011br, kter\u00fdm chceme j\u00edt a moje nad\u0161en\u00ed pro\u00a0CUPRA\u00a0DNA se mi poda\u0159ilo p\u0159en\u00e9st i na cel\u00fd n\u00e1\u0161 firemn\u00ed t\u00fdm.\u201c<\/p>\n<p>\u201eJako prvn\u00ed v \u010cesk\u00e9 republice jsme v \u0159\u00edjnu 2022 p\u0159ebudovali a dnes otev\u00edr\u00e1me prvn\u00ed autosalon podle nov\u00e9ho konceptu\u00a0CUPRA\u00a0Garage, kde z\u00e1kazn\u00edk\u016fm nab\u00eddneme p\u0159edev\u0161\u00edm novou zna\u010dku\u00a0CUPRA, dopln\u011bnou o nab\u00eddku voz\u016f zna\u010dky SEAT. Zbudovali jsme tak\u00e9 m\u00edsta pro nab\u00edjen\u00ed elektrovozidel a po\u0159\u00eddili nab\u00edjec\u00ed stanice. P\u0159estavba prob\u00edhala pouze p\u011bt t\u00fddn\u016f, a to v pln\u00e9m provozu a s maxim\u00e1ln\u00edm nasazen\u00edm v\u0161ech na\u0161ich zam\u011bstnanc\u016f, \u010deho\u017e si velmi cen\u00edm.\u201c<\/p>\n<p>\u201eJsme p\u0159esv\u011bd\u010deni, \u017ee zna\u010dka\u00a0CUPRA\u00a0m\u00e1 na to, b\u00fdt v t\u00e9to dynamick\u00e9 dob\u011b l\u00eddrem trhu nov\u00fdch vozidel. Je sofistikovan\u00e1, vyu\u017e\u00edv\u00e1 nejmodern\u011bj\u0161\u00ed technologie, p\u016fsob\u00ed odv\u00e1\u017en\u011b a sv\u00fdm jedine\u010dn\u00fdm designem p\u0159itahuje z\u00e1kazn\u00edky, kte\u0159\u00ed se cht\u011bj\u00ed odli\u0161it. Tato emoce v\u00e1s pohlt\u00ed ji\u017e p\u0159i prvn\u00edm vstupu do\u00a0CUPRA\u00a0Garage,\u00a0dod\u00e1v\u00e1 Ji\u0159\u00ed Dolansk\u00fd, majitel spole\u010dnosti Auto Dolansk\u00fd.<\/p>\n<p><img loading=\"lazy\" decoding=\"async\" class=\"alignnone size-medium wp-image-6190\" src=\"http:\/\/www.automakersnews.cz\/wp-content\/uploads\/2022\/12\/Zlin-CUPRA-GARAGE-4-e1669979966364-300x200.jpg\" alt=\"\" width=\"300\" height=\"200\" srcset=\"https:\/\/www.automakersnews.cz\/wp-content\/uploads\/2022\/12\/Zlin-CUPRA-GARAGE-4-e1669979966364-300x200.jpg 300w, https:\/\/www.automakersnews.cz\/wp-content\/uploads\/2022\/12\/Zlin-CUPRA-GARAGE-4-e1669979966364.jpg 500w\" sizes=\"auto, (max-width: 300px) 100vw, 300px\" \/><\/p>\n<p>Spole\u010dnost Auto Dolansk\u00fd s.r.o. se op\u00edr\u00e1 o v\u00edce ne\u017e 30let\u00e9 zku\u0161enosti se servisem a prodejem automobil\u016f. V\u00a0L\u00edp\u011b u Zl\u00edna ji\u017e \u0161est let zaji\u0161\u0165uje autorizovan\u00fd prodej voz\u016f SEAT a servis voz\u016f SEAT a\u00a0CUPRA.<\/p>\n<p><strong>Erich Handl, Zl\u00edn<\/strong><\/p>\n","protected":false},"excerpt":{"rendered":"<div class=\"mh-excerpt\"><p>Zl\u00ednsk\u00fd dealer SEATu Ji\u0159\u00ed Dolansk\u00fd slavnostn\u011b otev\u0159el 1. prosince prvn\u00ed exkluzivn\u00ed showroom CUPRA Garage v \u010cesk\u00e9 republice, kter\u00fd se nach\u00e1z\u00ed v are\u00e1lu autorizovan\u00e9ho prodejce Auto <a class=\"mh-excerpt-more\" href=\"https:\/\/www.automakersnews.cz\/index.php\/2022\/12\/02\/dolansky-otevrel-ve-zline-cupra-garage\/\" title=\"Dolansk\u00fd otev\u0159el ve Zl\u00edn\u011b CUPRA Garage\">[&#8230;]<\/a><\/p>\n<\/div>","protected":false},"author":1,"featured_media":6184,"comment_status":"open","ping_status":"open","sticky":false,"template":"","format":"standard","meta":{"footnotes":""},"categories":[39,9],"tags":[],"class_list":["post-6183","post","type-post","status-publish","format-standard","has-post-thumbnail","hentry","category-dealeri","category-investice"],"_links":{"self":[{"href":"https:\/\/www.automakersnews.cz\/index.php\/wp-json\/wp\/v2\/posts\/6183","targetHints":{"allow":["GET"]}}],"collection":[{"href":"https:\/\/www.automakersnews.cz\/index.php\/wp-json\/wp\/v2\/posts"}],"about":[{"href":"https:\/\/www.automakersnews.cz\/index.php\/wp-json\/wp\/v2\/types\/post"}],"author":[{"embeddable":true,"href":"https:\/\/www.automakersnews.cz\/index.php\/wp-json\/wp\/v2\/users\/1"}],"replies":[{"embeddable":true,"href":"https:\/\/www.automakersnews.cz\/index.php\/wp-json\/wp\/v2\/comments?post=6183"}],"version-history":[{"count":0,"href":"https:\/\/www.automakersnews.cz\/index.php\/wp-json\/wp\/v2\/posts\/6183\/revisions"}],"wp:featuredmedia":[{"embeddable":true,"href":"https:\/\/www.automakersnews.cz\/index.php\/wp-json\/wp\/v2\/media\/6184"}],"wp:attachment":[{"href":"https:\/\/www.automakersnews.cz\/index.php\/wp-json\/wp\/v2\/media?parent=6183"}],"wp:term":[{"taxonomy":"category","embeddable":true,"href":"https:\/\/www.automakersnews.cz\/index.php\/wp-json\/wp\/v2\/categories?post=6183"},{"taxonomy":"post_tag","embeddable":true,"href":"https:\/\/www.automakersnews.cz\/index.php\/wp-json\/wp\/v2\/tags?post=6183"}],"curies":[{"name":"wp","href":"https:\/\/api.w.org\/{rel}","templated":true}]}}