{"id":62835,"date":"2023-07-10T06:26:23","date_gmt":"2023-07-10T06:26:23","guid":{"rendered":"https:\/\/www.automakersnews.cz\/?p=62835"},"modified":"2023-07-10T06:44:34","modified_gmt":"2023-07-10T06:44:34","slug":"skoda-slavi-20-let-s-tour-de-france","status":"publish","type":"post","link":"https:\/\/www.automakersnews.cz\/index.php\/2023\/07\/10\/skoda-slavi-20-let-s-tour-de-france\/","title":{"rendered":"\u0160koda slav\u00ed 20 let s Tour de France"},"content":{"rendered":"<p><strong>Spolupr\u00e1ce mezi automobilkou \u0160koda Auto a cyklistick\u00fdm z\u00e1vodem na sv\u011bt\u011b Tour de France slav\u00ed jubilejn\u00ed 20. v\u00fdro\u010d\u00ed. Smlouvu tehdy za \u0160kodovku podepisoval jej\u00ed tehdej\u0161\u00ed \u0161\u00e9f Detlef Wittig. Letos tak op\u011bt fanou\u0161ci p\u0159\u00edmo na trase i u televizn\u00edch obrazovek vid\u00ed doprovodn\u00e9 organiz\u00e1torsk\u00e9 vozy z Mlad\u00e9 Boleslavi. <\/strong><!--more--><\/p>\n<p>Smlouvu s organiz\u00e1tory podepisoval p\u0159ed 20 lety tehdej\u0161\u00ed \u0161\u00e9f p\u0159edstavcenstva automobilky Detlef Wittig.<\/p>\n<p>&#8222;O partnerstv\u00ed s Tour jsme se p\u0159etahovali s n\u011bkter\u00fdmi konkurenty, nakonec se Francouzi dohodli s n\u00e1mi\u00a0 a ten sponzoring nakonec ani nen\u00ed p\u0159\u00edli\u0161 drah\u00fd,&#8220; \u0159ekl na\u0161emu \u010dasopisu v dobov\u00e9m rozhovoru Wittig.<\/p>\n<p>Flotilu tvo\u0159\u00ed 209 voz\u016f, z toho 207 s elektrick\u00fdm \u010di hybridn\u00edm pohonem. \u0158editelsk\u00fdm vozem pro Christiana Prudhomma je pot\u0159et\u00ed v \u0159ad\u011b pln\u011b elektrick\u00fd Enyaq.<\/p>\n<p>Martin Jahn, \u010dlen p\u0159edstavenstva spole\u010dnosti \u0160koda Auto za oblast Prodeje a marketingu, \u0159\u00edk\u00e1: \u201eJe n\u00e1m ct\u00ed, \u017ee m\u016f\u017eeme letos oslavit 20. v\u00fdro\u010d\u00ed na\u0161\u00ed spolupr\u00e1ce s presti\u017en\u00edm z\u00e1vodem Tour de France. Na na\u0161\u00ed platform\u011b We Love Cycling jsme proto p\u0159ipravili spoustu zaj\u00edmav\u00e9ho obsahu a umo\u017en\u00edme fanou\u0161k\u016fm vyhr\u00e1t profesion\u00e1ln\u00ed j\u00edzdn\u00ed kola a origin\u00e1ln\u00ed zelen\u00e9 dresy s podpisy z\u00e1vodn\u00edk\u016f. Z\u00e1rove\u0148 viditeln\u011b ukazujeme, \u017ee je zna\u010dka \u0160koda t\u00edm spr\u00e1vn\u00fdm partnerem pro na\u0161i c\u00edlovou skupinu Contemporary Explorers a \u017ee se zasazujeme o zelenou elektrickou budoucnost.&#8220;<\/p>\n<p><img loading=\"lazy\" decoding=\"async\" class=\"alignnone size-large wp-image-31225\" src=\"http:\/\/www.automakersnews.cz\/wp-content\/uploads\/2023\/03\/Jahn-CT-24-1024x768.jpg\" alt=\"\" width=\"1024\" height=\"768\" \/><\/p>\n<p><strong>209 doprovodn\u00fdch voz\u016f \u010dek\u00e1 21 etap a p\u0159ekon\u00e1n\u00ed p\u011bti horsk\u00fdch masiv\u016f <\/strong><\/p>\n<p>V baskick\u00e9m m\u011bst\u011b Bilbao odstartuje 1. \u010dervence 110. ro\u010dn\u00edk cyklistick\u00e9ho z\u00e1vodu Tour de France. Z\u00e1vodn\u00edky \u010dek\u00e1 21 etap, kter\u00e9 protnou v\u0161ech p\u011bt francouzsk\u00fdch horsk\u00fdch masiv\u016f. Na fin\u00e1lovou etapu a v c\u00edli na Champs \u00c9lys\u00e9es 23. \u010dervence chyst\u00e1 \u0160koda Auto pro z\u00e1vodn\u00edky i div\u00e1ky p\u0159ekvapen\u00ed, jeho\u017e detaily budou zve\u0159ejn\u011bny pozd\u011bji. Organiz\u00e1to\u0159i Tour de France letos maj\u00ed od hlavn\u00edho partnera \u0160koda Auto k dispozici celkem 209 doprovodn\u00fdch aut, p\u0159i\u010dem\u017e 207 z nich s pln\u011b elektrick\u00fdm nebo hybridn\u00edm pohonem. \u0158editeli z\u00e1vodu bude jako tzv. Red Car slou\u017eit speci\u00e1ln\u011b upraven\u00fd pln\u011b elektrick\u00fd Enyaq Sportline. Je vybaven\u00fd mimo jin\u00e9 \u0161esti ant\u00e9nami, speci\u00e1ln\u00ed sir\u00e9nou, p\u011bti r\u00e1diov\u00fdmi okruhy a panoramatickou prosklenou st\u0159echou. Pro VIP hosty bude k dispozici Superb L&amp;K. \u0160koda Auto nav\u00edc op\u011bt sponzoruje Zelen\u00fd trikot pro nejlep\u0161\u00edho z\u00e1vodn\u00edka v bodovac\u00ed sout\u011b\u017ei. V\u00edt\u011bzov\u00e9 jednotliv\u00fdch kategori\u00ed p\u0159evezmou trofeje navr\u017een\u00e9 t\u00fdmem \u0160koda Design.<\/p>\n<p><img loading=\"lazy\" decoding=\"async\" class=\"alignnone size-large wp-image-62836\" src=\"http:\/\/www.automakersnews.cz\/wp-content\/uploads\/2023\/07\/skoda-tour-de-france-1-small-1024x683.jpg\" alt=\"\" width=\"1024\" height=\"683\" srcset=\"https:\/\/www.automakersnews.cz\/wp-content\/uploads\/2023\/07\/skoda-tour-de-france-1-small-1024x683.jpg 1024w, https:\/\/www.automakersnews.cz\/wp-content\/uploads\/2023\/07\/skoda-tour-de-france-1-small-300x200.jpg 300w, https:\/\/www.automakersnews.cz\/wp-content\/uploads\/2023\/07\/skoda-tour-de-france-1-small-768x512.jpg 768w, https:\/\/www.automakersnews.cz\/wp-content\/uploads\/2023\/07\/skoda-tour-de-france-1-small-1536x1024.jpg 1536w, https:\/\/www.automakersnews.cz\/wp-content\/uploads\/2023\/07\/skoda-tour-de-france-1-small.jpg 2048w\" sizes=\"auto, (max-width: 1024px) 100vw, 1024px\" \/><\/p>\n<p><strong>V\u00fdznamn\u00e9 jubileum p\u0159ipomene v\u00fdstava ve \u0160koda Muzeu <\/strong><\/p>\n<p>Partnerstv\u00ed \u0160koda Auto s cyklistick\u00fdm z\u00e1vodem a jeho 20. v\u00fdro\u010d\u00ed p\u0159in\u00e1\u0161\u00ed fanou\u0161k\u016fm jedine\u010dnou p\u0159\u00edle\u017eitost dozv\u011bd\u011bt se v\u00edce o historii Tour de France, jeho prom\u011bn\u00e1ch i v\u00fdznamn\u00fdch momentech. Ve \u0160koda Muzeu v Mlad\u00e9 Boleslavi budou od 1. \u010dervence do 30. z\u00e1\u0159\u00ed k vid\u011bn\u00ed mimo jin\u00e9 \u0159editelsk\u00e9 vozy z let 2005 a 2020 nebo maskovan\u00fd v\u016fz \u0160koda Kodiaq, kter\u00fd v roce 2016 dovedl peloton do c\u00edle z\u00e1vodu. N\u00e1v\u0161t\u011bvn\u00edci si budou moci tak\u00e9 prohl\u00e9dnout trofeje pro v\u00edt\u011bze Tour de France, kter\u00e9 \u0160koda Auto ji\u017e tradi\u010dn\u011b navrhuje a leto\u0161n\u00ed ro\u010dn\u00edk nebude v\u00fdjimkou.<\/p>\n<p><img loading=\"lazy\" decoding=\"async\" class=\"alignnone wp-image-62837\" src=\"http:\/\/www.automakersnews.cz\/wp-content\/uploads\/2023\/07\/skoda-tour-de-france-3-small-300x200.jpg\" alt=\"\" width=\"795\" height=\"530\" srcset=\"https:\/\/www.automakersnews.cz\/wp-content\/uploads\/2023\/07\/skoda-tour-de-france-3-small-300x200.jpg 300w, https:\/\/www.automakersnews.cz\/wp-content\/uploads\/2023\/07\/skoda-tour-de-france-3-small-1024x683.jpg 1024w, https:\/\/www.automakersnews.cz\/wp-content\/uploads\/2023\/07\/skoda-tour-de-france-3-small-768x512.jpg 768w, https:\/\/www.automakersnews.cz\/wp-content\/uploads\/2023\/07\/skoda-tour-de-france-3-small-1536x1024.jpg 1536w, https:\/\/www.automakersnews.cz\/wp-content\/uploads\/2023\/07\/skoda-tour-de-france-3-small-2048x1365.jpg 2048w\" sizes=\"auto, (max-width: 795px) 100vw, 795px\" \/><\/p>\n<p><strong>P\u0159\u00edb\u011bhy na soci\u00e1ln\u00edch s\u00edt\u00edch i v online magaz\u00ednu We Love Cycling <\/strong><\/p>\n<p>P\u0159i p\u0159\u00edle\u017eitosti v\u00fdjime\u010dn\u00e9ho jubilea \u0160koda Auto p\u0159ipravila \u010dty\u0159d\u00edlnou dokument\u00e1rn\u00ed s\u00e9rii, kter\u00e1 p\u0159inese origin\u00e1ln\u00ed pohled na \u010deskou stopu prost\u0159ednictv\u00edm \u010desk\u00fdch cyklist\u016f spojen\u00fdch s histori\u00ed Tour de France. O svou zku\u0161enost se slavn\u00fdm z\u00e1vodem se pod\u011bl\u00ed J\u00e1n Svorada, Zden\u011bk \u0160tybar, Leopold K\u00f6nig a Ren\u00e9 Anderle. Prvn\u00ed epizoda je ji\u017e k dispozici na YouTube kan\u00e1lu We Love Cycling CZ. Dal\u0161\u00ed zaj\u00edmavosti a doprovodn\u00e9 aktivity bude mo\u017en\u00e9 sledovat prost\u0159ednictv\u00edm soci\u00e1ln\u00edch s\u00edt\u00ed a na cyklistick\u00e9 platfom\u011b We Love Cycling, kter\u00e1 tak\u00e9 vyhla\u0161uje \u010dty\u0159kolovou sout\u011b\u017e o profesion\u00e1ln\u00ed j\u00edzdn\u00ed kola nebo origin\u00e1ln\u00ed zelen\u00e9 trikoty s podpisy.<\/p>\n<p><strong>\u0160koda Auto bude podruh\u00e9 hlavn\u00edm partnerem Tour de France Femmes<\/strong><\/p>\n<p>Pot\u00e9, co doprovodn\u00e9 vozy \u0160koda dovedou peloton Tour de France do c\u00edle, p\u0159edaj\u00ed z\u00e1vodn\u00edci pomyslnou \u0161tafetu \u017een\u00e1m, kter\u00e9 pom\u011b\u0159\u00ed s\u00edly ve druh\u00e9m ro\u010dn\u00edku Tour de France Femmes avec Zwift. Mezi 23. a 30. \u010dervencem zdolaj\u00ed v osmi etap\u00e1ch 956 kilometr\u016f. \u0160koda Auto podpo\u0159ila ji\u017e lo\u0148sk\u00fd prvn\u00ed ro\u010dn\u00edk z\u00e1vodu a hlavn\u00edm partnerem bude i letos.<\/p>\n<p><strong> Podporou cyklistiky \u0160kodovka odkazuje na sv\u00e9 tradice <\/strong><\/p>\n<p>Krom\u011b Tour de France podporuje \u0160koda Auto i dal\u0161\u00ed v\u00fdznamn\u00e9 cyklistick\u00e9 ud\u00e1losti, nap\u0159\u00edklad \u0161pan\u011blsk\u00fd z\u00e1vod La Vuelta nebo sout\u011b\u017e L\u2019Etape pro \u0161irokou ve\u0159ejnost. Symbolicky se tak vrac\u00ed k odkazu sv\u00fdch zakladatel\u016f V\u00e1clava Laurina a V\u00e1clava Klementa, kte\u0159\u00ed v roce 1895 za\u010dali s v\u00fdrobou j\u00edzdn\u00edch kol a o deset let pozd\u011bji p\u0159edstavili prvn\u00ed automobil.<\/p>\n<p><img loading=\"lazy\" decoding=\"async\" class=\"alignnone wp-image-62838\" src=\"http:\/\/www.automakersnews.cz\/wp-content\/uploads\/2023\/07\/skoda-tour-de-france-2-small-300x200.jpg\" alt=\"\" width=\"686\" height=\"457\" srcset=\"https:\/\/www.automakersnews.cz\/wp-content\/uploads\/2023\/07\/skoda-tour-de-france-2-small-300x200.jpg 300w, https:\/\/www.automakersnews.cz\/wp-content\/uploads\/2023\/07\/skoda-tour-de-france-2-small-1024x683.jpg 1024w, https:\/\/www.automakersnews.cz\/wp-content\/uploads\/2023\/07\/skoda-tour-de-france-2-small-768x512.jpg 768w, https:\/\/www.automakersnews.cz\/wp-content\/uploads\/2023\/07\/skoda-tour-de-france-2-small-1536x1024.jpg 1536w, https:\/\/www.automakersnews.cz\/wp-content\/uploads\/2023\/07\/skoda-tour-de-france-2-small-2048x1365.jpg 2048w\" sizes=\"auto, (max-width: 686px) 100vw, 686px\" \/><\/p>\n","protected":false},"excerpt":{"rendered":"<div class=\"mh-excerpt\"><p>Spolupr\u00e1ce mezi automobilkou \u0160koda Auto a cyklistick\u00fdm z\u00e1vodem na sv\u011bt\u011b Tour de France slav\u00ed jubilejn\u00ed 20. v\u00fdro\u010d\u00ed. Smlouvu tehdy za \u0160kodovku podepisoval jej\u00ed tehdej\u0161\u00ed \u0161\u00e9f <a class=\"mh-excerpt-more\" href=\"https:\/\/www.automakersnews.cz\/index.php\/2023\/07\/10\/skoda-slavi-20-let-s-tour-de-france\/\" title=\"\u0160koda slav\u00ed 20 let s Tour de France\">[&#8230;]<\/a><\/p>\n<\/div>","protected":false},"author":4,"featured_media":62836,"comment_status":"open","ping_status":"open","sticky":false,"template":"","format":"standard","meta":{"footnotes":""},"categories":[23],"tags":[],"class_list":["post-62835","post","type-post","status-publish","format-standard","has-post-thumbnail","hentry","category-vyroci"],"_links":{"self":[{"href":"https:\/\/www.automakersnews.cz\/index.php\/wp-json\/wp\/v2\/posts\/62835","targetHints":{"allow":["GET"]}}],"collection":[{"href":"https:\/\/www.automakersnews.cz\/index.php\/wp-json\/wp\/v2\/posts"}],"about":[{"href":"https:\/\/www.automakersnews.cz\/index.php\/wp-json\/wp\/v2\/types\/post"}],"author":[{"embeddable":true,"href":"https:\/\/www.automakersnews.cz\/index.php\/wp-json\/wp\/v2\/users\/4"}],"replies":[{"embeddable":true,"href":"https:\/\/www.automakersnews.cz\/index.php\/wp-json\/wp\/v2\/comments?post=62835"}],"version-history":[{"count":0,"href":"https:\/\/www.automakersnews.cz\/index.php\/wp-json\/wp\/v2\/posts\/62835\/revisions"}],"wp:featuredmedia":[{"embeddable":true,"href":"https:\/\/www.automakersnews.cz\/index.php\/wp-json\/wp\/v2\/media\/62836"}],"wp:attachment":[{"href":"https:\/\/www.automakersnews.cz\/index.php\/wp-json\/wp\/v2\/media?parent=62835"}],"wp:term":[{"taxonomy":"category","embeddable":true,"href":"https:\/\/www.automakersnews.cz\/index.php\/wp-json\/wp\/v2\/categories?post=62835"},{"taxonomy":"post_tag","embeddable":true,"href":"https:\/\/www.automakersnews.cz\/index.php\/wp-json\/wp\/v2\/tags?post=62835"}],"curies":[{"name":"wp","href":"https:\/\/api.w.org\/{rel}","templated":true}]}}