{"id":62840,"date":"2023-07-12T06:55:29","date_gmt":"2023-07-12T06:55:29","guid":{"rendered":"https:\/\/www.automakersnews.cz\/?p=62840"},"modified":"2023-07-12T06:55:29","modified_gmt":"2023-07-12T06:55:29","slug":"stellantis-ma-platformu-stla-medium","status":"publish","type":"post","link":"https:\/\/www.automakersnews.cz\/index.php\/2023\/07\/12\/stellantis-ma-platformu-stla-medium\/","title":{"rendered":"Stellantis m\u00e1 platformu STLA Medium"},"content":{"rendered":"<p><strong>Skupina Stellantis p\u0159edstavila na za\u010d\u00e1tku \u010dervence STLA Medium, glob\u00e1ln\u00ed platformu pro elektromobily. Vozy t\u00e9to platformy maj\u00ed m\u00edt dojezd 700 km a vysokou energetickou \u00fa\u010dinnost.<\/strong><!--more--><\/p>\n<p>Platforma STLA Medium nab\u00edz\u00ed dlouh\u00fd dojezd a flexibilitu. Byla zkoncipov\u00e1na tak, aby ji mohla vyu\u017e\u00edt \u0161irok\u00e1 \u0161k\u00e1la vozidel s r\u016fzn\u00fdmi konfiguracemi pohonn\u00fdch jednotek v segmentech C a D, kter\u00e9 p\u0159edstavuj\u00ed kl\u00ed\u010dovou nab\u00eddku automobil\u016f.<\/p>\n<p>V roce 2022 \u0161lo o 35 milion\u016f prodan\u00fdch voz\u016f, tedy t\u00e9m\u011b\u0159 polovinu ze 78,5 milionu vozidel prodan\u00fdch v roce 2022 po cel\u00e9m sv\u011bt\u011b. Zna\u010dky slupiny Stellantis nab\u00edzej\u00ed v sou\u010dasn\u00e9 dob\u011b v t\u011bchto segmentech 26 model\u016f na r\u016fzn\u00fdch platform\u00e1ch. Na platform\u011b STLA Medium by se mohlo vyr\u00e1b\u011bt a\u017e dva miliony voz\u016f ro\u010dn\u011b, a to v n\u011bkolika v\u00fdrobn\u00edch z\u00e1vodech po cel\u00e9m sv\u011bt\u011b, p\u0159i\u010dem\u017e v Evrop\u011b se spust\u00ed v\u00fdroba u\u017e v leto\u0161n\u00edm roce.<\/p>\n<p>\u201eTo, co dnes vid\u00edme, je v\u00fdsledkem t\u00e9m\u011b\u0159 dvou let nekompromisn\u00edch inovac\u00ed, jejich\u017e c\u00edlem je zajistit bezpe\u010dnou, \u010distou a cenov\u011b dostupnou mobilitu. Jde o v\u00fdsledek na\u0161\u00ed investice do elektrifikace a softwaru, kter\u00e1 v roce 2025 dos\u00e1hne 30 miliard eur,\u201c prohl\u00e1sil Carlos Tavares, gener\u00e1ln\u00ed \u0159editel skupiny Stellantis. \u201ePlatforma STLA Medium demonstruje s\u00edlu glob\u00e1ln\u00ed technick\u00e9 komunity skupiny Stellantis, jej\u00ed\u017e snahou je nab\u00edzet produkty zam\u011b\u0159en\u00e9 na z\u00e1kazn\u00edka, ps\u00e1t budoucnost mobility, a do roku 2038 tak dos\u00e1hnout uhl\u00edkov\u00e9 neutrality.\u201c<\/p>\n<p><img loading=\"lazy\" decoding=\"async\" class=\"alignnone wp-image-62842\" src=\"http:\/\/www.automakersnews.cz\/wp-content\/uploads\/2023\/07\/STLA-Medium03-small-2-300x169.jpg\" alt=\"\" width=\"785\" height=\"442\" srcset=\"https:\/\/www.automakersnews.cz\/wp-content\/uploads\/2023\/07\/STLA-Medium03-small-2-300x169.jpg 300w, https:\/\/www.automakersnews.cz\/wp-content\/uploads\/2023\/07\/STLA-Medium03-small-2-1024x576.jpg 1024w, https:\/\/www.automakersnews.cz\/wp-content\/uploads\/2023\/07\/STLA-Medium03-small-2-768x432.jpg 768w, https:\/\/www.automakersnews.cz\/wp-content\/uploads\/2023\/07\/STLA-Medium03-small-2-1536x864.jpg 1536w, https:\/\/www.automakersnews.cz\/wp-content\/uploads\/2023\/07\/STLA-Medium03-small-2-678x381.jpg 678w, https:\/\/www.automakersnews.cz\/wp-content\/uploads\/2023\/07\/STLA-Medium03-small-2.jpg 1920w\" sizes=\"auto, (max-width: 785px) 100vw, 785px\" \/><\/p>\n<p>STLA Medium je prvn\u00ed ze \u010dty\u0159 glob\u00e1ln\u00edch elektrick\u00fdch platforem, kter\u00e9 skupina ozn\u00e1mila na akci EV Day 2021 a kter\u00e9 budou tvo\u0159it z\u00e1klad jejich budouc\u00edch produkt\u016f. Tyto \u010dty\u0159i platformy jsou kl\u00ed\u010dem k dosa\u017een\u00ed ambici\u00f3zn\u00edch c\u00edl\u016f strategick\u00e9ho pl\u00e1nu Dare Forward 2030 skupiny Stellantis, zejm\u00e9na c\u00edle dos\u00e1hnout toho, aby 100 % prodej\u016f osobn\u00edch automobil\u016f v Evrop\u011b a 50 % prodej\u016f osobn\u00edch automobil\u016f a pick-up\u016f v USA tvo\u0159ila do roku 2030 bateriov\u00e1 elektrick\u00e1 vozidla (BEV). C\u00edlem pl\u00e1nu Dare Forward 2030 je sn\u00ed\u017eit do roku 2030 emise CO2 na polovinu oproti roku 2021 a do roku 2038 dos\u00e1hnout uhl\u00edkov\u00e9 neutrality s jednocifern\u00fdm procentem kompenzace zb\u00fdvaj\u00edc\u00edch emis\u00ed.<\/p>\n<p><strong>STLA Medium je p\u0159ipravena p\u0159ekonat o\u010dek\u00e1v\u00e1n\u00ed z\u00e1kazn\u00edk\u016f<\/strong><\/p>\n<p>Platforma STLA Medium, ur\u010den\u00e1 pro elektromobily, je podle WLTP1 schopn\u00e1 nab\u00eddnout s paketem Performance dojezd v\u00edce ne\u017e 700 km, tady nejlep\u0161\u00ed ve sv\u00e9 kategorii, zat\u00edmco standardn\u00ed paket poskytne 500 km. S u\u017eite\u010dn\u00fdm v\u00fdkonem a\u017e 98 kilowatthodin (kWh) je STLA Medium nejlep\u0161\u00ed ve sv\u00e9 kategorii z hlediska vyu\u017eit\u00ed energie.<\/p>\n<p>STLA Medium se op\u00edr\u00e1 o 400voltovou elektrickou architekturu. Nab\u00eddne bezkonkuren\u010dn\u00ed energetickou \u00fa\u010dinnost a dobu dob\u00edjen\u00ed, stejn\u011b jako kompletn\u00ed ekosyst\u00e9m dob\u00edjen\u00ed a slu\u017eeb. V z\u00e1vislosti na zp\u016fsobu pou\u017eit\u00ed m\u016f\u017ee b\u00fdt spot\u0159eba m\u00e9n\u011b ne\u017e 14 kWh na 100 km, co\u017e je nejlep\u0161\u00ed \u00fa\u010dinnost ve sv\u00e9 kategorii. Majitel\u00e9 si budou moci dob\u00edt baterii z 20 % na 80 % za 27 minut, co\u017e p\u0159edstavuje rychlost 2,4 kWh za minutu.<\/p>\n<p><img loading=\"lazy\" decoding=\"async\" class=\"alignnone wp-image-62843\" src=\"http:\/\/www.automakersnews.cz\/wp-content\/uploads\/2023\/07\/STLA-Medium-small-3-300x169.jpg\" alt=\"\" width=\"756\" height=\"426\" srcset=\"https:\/\/www.automakersnews.cz\/wp-content\/uploads\/2023\/07\/STLA-Medium-small-3-300x169.jpg 300w, https:\/\/www.automakersnews.cz\/wp-content\/uploads\/2023\/07\/STLA-Medium-small-3-1024x576.jpg 1024w, https:\/\/www.automakersnews.cz\/wp-content\/uploads\/2023\/07\/STLA-Medium-small-3-768x432.jpg 768w, https:\/\/www.automakersnews.cz\/wp-content\/uploads\/2023\/07\/STLA-Medium-small-3-1536x864.jpg 1536w, https:\/\/www.automakersnews.cz\/wp-content\/uploads\/2023\/07\/STLA-Medium-small-3-678x381.jpg 678w, https:\/\/www.automakersnews.cz\/wp-content\/uploads\/2023\/07\/STLA-Medium-small-3.jpg 1920w\" sizes=\"auto, (max-width: 756px) 100vw, 756px\" \/><\/p>\n","protected":false},"excerpt":{"rendered":"<div class=\"mh-excerpt\"><p>Skupina Stellantis p\u0159edstavila na za\u010d\u00e1tku \u010dervence STLA Medium, glob\u00e1ln\u00ed platformu pro elektromobily. Vozy t\u00e9to platformy maj\u00ed m\u00edt dojezd 700 km a vysokou energetickou \u00fa\u010dinnost.<\/p>\n<\/div>","protected":false},"author":4,"featured_media":62841,"comment_status":"open","ping_status":"open","sticky":false,"template":"","format":"standard","meta":{"footnotes":""},"categories":[22],"tags":[],"class_list":["post-62840","post","type-post","status-publish","format-standard","has-post-thumbnail","hentry","category-elektromobily"],"_links":{"self":[{"href":"https:\/\/www.automakersnews.cz\/index.php\/wp-json\/wp\/v2\/posts\/62840","targetHints":{"allow":["GET"]}}],"collection":[{"href":"https:\/\/www.automakersnews.cz\/index.php\/wp-json\/wp\/v2\/posts"}],"about":[{"href":"https:\/\/www.automakersnews.cz\/index.php\/wp-json\/wp\/v2\/types\/post"}],"author":[{"embeddable":true,"href":"https:\/\/www.automakersnews.cz\/index.php\/wp-json\/wp\/v2\/users\/4"}],"replies":[{"embeddable":true,"href":"https:\/\/www.automakersnews.cz\/index.php\/wp-json\/wp\/v2\/comments?post=62840"}],"version-history":[{"count":0,"href":"https:\/\/www.automakersnews.cz\/index.php\/wp-json\/wp\/v2\/posts\/62840\/revisions"}],"wp:featuredmedia":[{"embeddable":true,"href":"https:\/\/www.automakersnews.cz\/index.php\/wp-json\/wp\/v2\/media\/62841"}],"wp:attachment":[{"href":"https:\/\/www.automakersnews.cz\/index.php\/wp-json\/wp\/v2\/media?parent=62840"}],"wp:term":[{"taxonomy":"category","embeddable":true,"href":"https:\/\/www.automakersnews.cz\/index.php\/wp-json\/wp\/v2\/categories?post=62840"},{"taxonomy":"post_tag","embeddable":true,"href":"https:\/\/www.automakersnews.cz\/index.php\/wp-json\/wp\/v2\/tags?post=62840"}],"curies":[{"name":"wp","href":"https:\/\/api.w.org\/{rel}","templated":true}]}}