{"id":62884,"date":"2023-07-09T22:30:54","date_gmt":"2023-07-09T22:30:54","guid":{"rendered":"https:\/\/www.automakersnews.cz\/?p=62884"},"modified":"2023-07-09T22:31:39","modified_gmt":"2023-07-09T22:31:39","slug":"sda-pololetni-registrace-aut-rostly","status":"publish","type":"post","link":"https:\/\/www.automakersnews.cz\/index.php\/2023\/07\/09\/sda-pololetni-registrace-aut-rostly\/","title":{"rendered":"SDA: pololetn\u00ed registrace aut rostly"},"content":{"rendered":"<p><strong>Registrace nov\u00fdch vozidel vyk\u00e1zaly v prvn\u00edm pololet\u00ed stabiln\u00ed r\u016fst. U osobn\u00edch automobil\u016f o pln\u00fdch 16,8 % a projevilo se tak i zlep\u0161en\u00ed dod\u00e1vek nov\u00fdch voz\u016f. Ka\u017ed\u00e9 \u010dtvrt\u00e9 prodan\u00e9 vozidlo nad\u00e1le p\u0159ipad\u00e1 na soukrom\u00e9 osoby.<\/strong><!--more--><\/p>\n<p>Pokra\u010duje n\u00e1r\u016fst pod\u00edlu automobil\u016f s alternativn\u00edm pohonem, registrace vozidel s \u010dist\u011b elektrick\u00fdm pohonem vzrostly o 56 %. Dovoz ojet\u00fdch osobn\u00edch automobil\u016f poklesl o 8,9 %, nicm\u00e9n\u011b t\u00e9m\u011b\u0159 \u010dtvrtinu tvo\u0159\u00ed vozy star\u0161\u00ed 15 let. Registrace motocykl\u016f v m\u011bs\u00edci \u010dervnu dos\u00e1hly nejvy\u0161\u0161\u00edho po\u010dtu od r. 2008.<\/p>\n<p>V obdob\u00ed 1\u20116\/2023 bylo v \u010cR registrov\u00e1no celkem 115 548 nov\u00fdch osobn\u00edch automobil\u016f, 10 726 lehk\u00fdch u\u017eitkov\u00fdch<br \/>\nautomobil\u016f, 306 autobus\u016f, 5 250 n\u00e1kladn\u00edch vozidel, 15 459 motocykl\u016f. Za stejn\u00e9 obdob\u00ed minul\u00e9ho roku to bylo<br \/>\n98 916 osobn\u00edch automobil\u016f, 8 841 lehk\u00fdch u\u017eitkov\u00fdch automobil\u016f, 886 autobus\u016f, 4 487 n\u00e1kladn\u00edch vozidel a<br \/>\n15 178 motocykl\u016f.<\/p>\n<p>Celkov\u011b registrace nov\u00fdch osobn\u00edch voz\u016f v obdob\u00ed 1\u2011 6\/2023 vzrostly oproti 1\u2011 6\/2022 o 16,81 % (z 98 916 ks<br \/>\nna 115 548 ks, tj. o 16632 ks). V \u010dervnu vzrostly meziro\u010dn\u011b o 9,30 %. Pod\u00edl firemn\u00edch automobil\u016f \u010dinil v 1. pololet\u00ed 75,1 %,<br \/>\npriv\u00e1tn\u00edch 24,9 %.<\/p>\n<p>Prvn\u00ed je zna\u010dka \u0160koda s 41 099 registrovan\u00fdmi osobn\u00edmi vozy (35,57 %), n\u00e1sleduj\u00ed Hyundai \u2013 10 498 ks (9,09 %),<br \/>\nVolkswagen \u2013 9 673 ks (8,37 %), Toyota \u2013 8 529 ks (7,38 %), Kia \u2013 5 886 ks (5,09 %), Mercedes-Benz \u2013 4 647 ks (4,02<br \/>\n%), Dacia \u2013 4 305 ks (3,73 %), Ford \u2013 3 166 ks (2,74 %), BMW \u2013 3 048 ks (2,64 %), Audi \u2013 2 280 ks (1,97 %), atd<\/p>\n<p>&nbsp;<\/p>\n<p>&nbsp;<\/p>\n","protected":false},"excerpt":{"rendered":"<div class=\"mh-excerpt\"><p>Registrace nov\u00fdch vozidel vyk\u00e1zaly v prvn\u00edm pololet\u00ed stabiln\u00ed r\u016fst. U osobn\u00edch automobil\u016f o pln\u00fdch 16,8 % a projevilo se tak i zlep\u0161en\u00ed dod\u00e1vek nov\u00fdch voz\u016f. <a class=\"mh-excerpt-more\" href=\"https:\/\/www.automakersnews.cz\/index.php\/2023\/07\/09\/sda-pololetni-registrace-aut-rostly\/\" title=\"SDA: pololetn\u00ed registrace aut rostly\">[&#8230;]<\/a><\/p>\n<\/div>","protected":false},"author":1,"featured_media":36792,"comment_status":"open","ping_status":"open","sticky":false,"template":"","format":"standard","meta":{"footnotes":""},"categories":[8],"tags":[],"class_list":["post-62884","post","type-post","status-publish","format-standard","has-post-thumbnail","hentry","category-statistika"],"_links":{"self":[{"href":"https:\/\/www.automakersnews.cz\/index.php\/wp-json\/wp\/v2\/posts\/62884","targetHints":{"allow":["GET"]}}],"collection":[{"href":"https:\/\/www.automakersnews.cz\/index.php\/wp-json\/wp\/v2\/posts"}],"about":[{"href":"https:\/\/www.automakersnews.cz\/index.php\/wp-json\/wp\/v2\/types\/post"}],"author":[{"embeddable":true,"href":"https:\/\/www.automakersnews.cz\/index.php\/wp-json\/wp\/v2\/users\/1"}],"replies":[{"embeddable":true,"href":"https:\/\/www.automakersnews.cz\/index.php\/wp-json\/wp\/v2\/comments?post=62884"}],"version-history":[{"count":0,"href":"https:\/\/www.automakersnews.cz\/index.php\/wp-json\/wp\/v2\/posts\/62884\/revisions"}],"wp:featuredmedia":[{"embeddable":true,"href":"https:\/\/www.automakersnews.cz\/index.php\/wp-json\/wp\/v2\/media\/36792"}],"wp:attachment":[{"href":"https:\/\/www.automakersnews.cz\/index.php\/wp-json\/wp\/v2\/media?parent=62884"}],"wp:term":[{"taxonomy":"category","embeddable":true,"href":"https:\/\/www.automakersnews.cz\/index.php\/wp-json\/wp\/v2\/categories?post=62884"},{"taxonomy":"post_tag","embeddable":true,"href":"https:\/\/www.automakersnews.cz\/index.php\/wp-json\/wp\/v2\/tags?post=62884"}],"curies":[{"name":"wp","href":"https:\/\/api.w.org\/{rel}","templated":true}]}}