{"id":63089,"date":"2023-07-11T09:17:04","date_gmt":"2023-07-11T09:17:04","guid":{"rendered":"https:\/\/www.automakersnews.cz\/?p=63089"},"modified":"2023-07-11T09:17:04","modified_gmt":"2023-07-11T09:17:04","slug":"volkswagen-prepracoval-suv-t-cross","status":"publish","type":"post","link":"https:\/\/www.automakersnews.cz\/index.php\/2023\/07\/11\/volkswagen-prepracoval-suv-t-cross\/","title":{"rendered":"Volkswagen p\u0159epracoval SUV T-Cross"},"content":{"rendered":"<p><b>Volkswagen zve\u0159ejnil prvn\u00ed fakta o nov\u00e9m T-Crossu v\u010detn\u011b fotografi\u00ed. Zah\u00e1jen\u00ed p\u0159edprodeje je napl\u00e1nov\u00e1no na \u010dtvrt\u00e9 \u010dtvrtlet\u00ed 2023. Kompaktn\u00ed SUV bude dod\u00e1v\u00e1no s vylep\u0161en\u00fdm designem, roz\u0161\u00ed\u0159enou s\u00e9riovou v\u00fdbavou, nov\u00fdmi technick\u00fdmi prvky a interi\u00e9rem. <\/b><!--more--><\/p>\n<p>Za pouh\u00e9 \u010dty\u0159i roky si T-Cross vydobyl p\u0159edn\u00ed m\u00edsto mezi kompaktn\u00edmi SUV: tento v\u0161estrann\u00fd Volkswagen si vybralo ji\u017e zhruba 1,2 milionu lid\u00ed. Ka\u017ed\u00fd rok je vyrobeno v pr\u016fm\u011bru 300 000 voz\u016f. T-Cross, kter\u00fd je mimo Evropu nab\u00edzen tak\u00e9 pod n\u00e1zvem Tacqua a Taigun, se tak \u0159ad\u00ed mezi aktu\u00e1ln\u011b glob\u00e1ln\u011b nej\u00fasp\u011b\u0161n\u011bj\u0161\u00ed modely zna\u010dky Volkswagen.<\/p>\n<p><b><\/b>Imelda Labb\u00e9ov\u00e1, \u010dlenka p\u0159edstavenstva spole\u010dnosti Volkswagen odpov\u011bdn\u00e1 za prodej, marketing a poprodejn\u00ed slu\u017eby, k\u00a0tomu \u0159\u00edk\u00e1: \u201eNaslouchali jsme p\u0159\u00e1n\u00edm na\u0161ich z\u00e1kazn\u00edk\u016f, a d\u016fsledn\u011b jsme roz\u0161\u00ed\u0159ili siln\u00e9 str\u00e1nky modelu T-Cross. Vylep\u0161en\u00fd design spolu s nov\u00fdm informa\u010dn\u00edm a z\u00e1bavn\u00edm syst\u00e9mem a kompletn\u011b kvalitn\u011bj\u0161\u00edm interi\u00e9rem snese porovn\u00e1n\u00ed s\u00a0vozy o stupe\u0148 vy\u0161\u0161\u00edho segmentu. Na\u0161e kompaktn\u00ed SUV nav\u00edc nab\u00edz\u00ed velkorys\u00fd prostor pro p\u011bti\u010dlennou rodinu, velk\u00fd po\u010det odkl\u00e1dac\u00edch prostor\u016f, hospod\u00e1rn\u00e9 motory a vysokou \u00farove\u0148 bezpe\u010dnosti.\u201c<b><\/b><\/p>\n<p><b>Modern\u00ed vn\u011bj\u0161\u00ed design a sv\u011b\u017e\u00ed barvy.<\/b> Zvenku lze T-Cross okam\u017eit\u011b rozpoznat podle nov\u011b tvarovan\u00e9 p\u0159edn\u00ed a zadn\u00ed partie. Jej\u00edch ned\u00edlnou sou\u010d\u00e1st\u00ed jsou nov\u00e9 sv\u011btlomety, sv\u011btla pro denn\u00ed sv\u00edcen\u00ed a zadn\u00ed sv\u00edtilny s LED technologi\u00ed. Volkswagen nav\u00edc vyvinul zcela nov\u00e9 \u201esv\u011btlomety IQ.LIGHT LED Matrix\u201c, kter\u00e9 budou pro model T-Cross nab\u00edzeny poprv\u00e9. Paletu barev obohatily t\u0159i nov\u00e9 odst\u00edny: nemetalick\u00fd lak \u201eGrape Yellow\u201c (z\u00e1\u0159iv\u00e1 \u017elut\u00e1 ve sportovn\u00edm stylu), metalick\u00fd lak \u201eClear Blue\u201c (u\u0161lechtil\u00fd sv\u011btle modr\u00fd odst\u00edn) a metalick\u00fd lak \u201eKings Red\u201c (\u010dist\u00e1, z\u00e1\u0159iv\u00e1 \u010derven\u00e1).<\/p>\n<p><img loading=\"lazy\" decoding=\"async\" class=\"alignnone wp-image-63120\" src=\"http:\/\/www.automakersnews.cz\/wp-content\/uploads\/2023\/07\/Volkswagen-SUV-T-Cross-2-small-300x200.jpg\" alt=\"\" width=\"806\" height=\"537\" srcset=\"https:\/\/www.automakersnews.cz\/wp-content\/uploads\/2023\/07\/Volkswagen-SUV-T-Cross-2-small-300x200.jpg 300w, https:\/\/www.automakersnews.cz\/wp-content\/uploads\/2023\/07\/Volkswagen-SUV-T-Cross-2-small-1024x683.jpg 1024w, https:\/\/www.automakersnews.cz\/wp-content\/uploads\/2023\/07\/Volkswagen-SUV-T-Cross-2-small-768x512.jpg 768w, https:\/\/www.automakersnews.cz\/wp-content\/uploads\/2023\/07\/Volkswagen-SUV-T-Cross-2-small-1536x1024.jpg 1536w, https:\/\/www.automakersnews.cz\/wp-content\/uploads\/2023\/07\/Volkswagen-SUV-T-Cross-2-small.jpg 1795w\" sizes=\"auto, (max-width: 806px) 100vw, 806px\" \/><\/p>\n<p><b>Nov\u00e1 generace informa\u010dn\u00edho a z\u00e1bavn\u00edho syst\u00e9mu a velmi kvalitn\u00ed interi\u00e9r.<\/b>\u00a0V\u00fdrazn\u00fdm a \u00fast\u0159edn\u00edm prvkem v\u00a0interi\u00e9ru nov\u00e9ho modelu T-Cross je do prostoru um\u00edst\u011bn displej informa\u010dn\u00edho a z\u00e1bavn\u00edho syst\u00e9mu. S\u00e9riov\u011b dod\u00e1van\u00fd dotykov\u00fd displej m\u00e1 \u00fahlop\u0159\u00ed\u010dku o rozm\u011bru rozm\u011bru 8&#8243;. U navigace Discover Pro bude displej o rozm\u011bru 9,2\u201c za p\u0159\u00edplatek.<\/p>\n<p>V\u0161echny verze p\u011btim\u00edstn\u00e9ho \u010dty\u0159dve\u0159ov\u00e9ho modelu jsou nav\u00edc nov\u011b s\u00e9riov\u011b vybaveny digit\u00e1ln\u00edm panelem sdru\u017een\u00fdch p\u0159\u00edstroj\u016f. Zcela nov\u011b navr\u017eena byla tak\u00e9 p\u0159\u00edstrojov\u00e1 deska modelu T-Cross. Stejn\u011b jako ve v\u011bt\u0161\u00edch modelech zna\u010dky Volkswagen se p\u0159\u00edstrojov\u00e1 deska vyzna\u010duje m\u011bk\u010den\u00fdmi povrchov\u00fdmi materi\u00e1ly v\u00fdrazn\u011b vy\u0161\u0161\u00ed kvality. To sam\u00e9 plat\u00ed i pro v\u00fdpln\u011b p\u0159edn\u00edch dve\u0159\u00ed ve verz\u00edch \u201eStyle\u201c a \u201eR-Line\u201c. T-Cross m\u00e1 v\u00a0s\u00e9riov\u00e9 v\u00fdbav\u011b manu\u00e1ln\u00ed klimatizaci, na p\u0159\u00e1n\u00ed bude k\u00a0dispozici automatick\u00e1 klimatizace (\u201eAir Care Climatronic\u201c) s\u00a0podsv\u00edcen\u00fdmi dotykov\u00fdmi posuvn\u00edky.<a href=\"https:\/\/t.novinky.volkswagen.cz\/mc\/VUQIVICQ\/SFRUNXRXTFOVUZZVFA\/CEPEIWMEMUM\" target=\"_blank\" rel=\"noopener\"><img decoding=\"async\" class=\"-wm-adapt-img\" src=\"https:\/\/img.email.seznam.cz\/image-proxy?hashId=bf94a6fdda&amp;addr=https%3A%2F%2Fu.mailkit.eu%2Faction%2Cimg_local%2Fdc%2C8497%2Fdf%2C424217%2Fdb2023au00754_medium%25204.jpg&amp;sznId=a685c763-7cd5-4310-82a5-97f3f5dc5464\" alt=\"\" width=\"640\" data-szn-src=\"https:\/\/u.mailkit.eu\/action,img_local\/dc,8497\/df,424217\/db2023au00754_medium%204.jpg\" \/><\/a><b><\/b><\/p>\n<p><b>Promy\u0161len\u00fd variabiln\u00ed interi\u00e9r umo\u017e\u0148uje nyn\u00ed bezprobl\u00e9movou p\u0159epravu elektrokol.<\/b>\u00a0Interi\u00e9r modelu T-Cross pat\u0159\u00ed v\u00a0segmentu kompaktn\u00edch SUV od za\u010d\u00e1tku mezi nejprostorn\u011bj\u0161\u00ed a nejvariabiln\u011bj\u0161\u00ed. Boduje p\u0159itom zdokonalen\u00fdm ovl\u00e1d\u00e1n\u00edm, vyv\u00e1\u017eenou nab\u00eddkou prostoru pro a\u017e p\u011bt osob, zadn\u00edmi sedadly pod\u00e9ln\u011b posuvn\u00fdmi v\u00a0rozsahu 140 mm a maxim\u00e1ln\u011b variabiln\u00edm zavazadlov\u00fdm prostorem. Jsou-li v\u0161echna sedadla obsazena, nab\u00edz\u00ed T-Cross zavazadlov\u00fd prostor o objemu 385 a\u017e 455 litr\u016f, m\u011b\u0159eno do v\u00fd\u0161ky op\u011bradel zadn\u00edch sedadel. Po sklopen\u00ed zadn\u00edch sedadel (d\u011blen\u00fdch v\u00a0pom\u011bru 60:40) vznikne rovn\u00e1 lo\u017en\u00e1 plocha a nad n\u00ed prostor pro zavazadla o\u00a0objemu a\u017e 1281 litr\u016f (do v\u00fd\u0161ky op\u011bradel p\u0159edn\u00edch sedadel). Od v\u00fdbavov\u00e9 linie \u201eLife\u201c se nav\u00edc s\u00e9riov\u011b dod\u00e1v\u00e1 sklopn\u00e9 op\u011bradlo sedadla spolujezdce vp\u0159edu. Na lo\u017en\u00e9 plo\u0161e o d\u00e9lce 2398 mm lze pak p\u0159epravit cokoli od surfov\u00e9ho prkna a\u017e po pad\u00e1k pro paragliding.<\/p>\n<p>Volkswagen u modelu T-Cross v\u00fdrazn\u011b zv\u011bt\u0161il tak\u00e9 nejvy\u0161\u0161\u00ed p\u0159\u00edpustn\u00e9 zat\u00ed\u017een\u00ed ta\u017en\u00e9ho za\u0159\u00edzen\u00ed z\u00a055 na 75 kg. O 20 kg se tak zv\u00fd\u0161ila maxim\u00e1ln\u00ed hmotnost, kter\u00e1 m\u016f\u017ee seshora p\u016fsobit na ta\u017en\u00e9 za\u0159\u00edzen\u00ed (v\u00fdbava na p\u0159\u00e1n\u00ed). Nov\u00fd T-Cross tak na jedn\u00e9 stran\u011b nab\u00edz\u00ed v\u011bt\u0161\u00ed rezervy pro j\u00edzdu s\u00a0t\u011b\u017ek\u00fdm p\u0159\u00edv\u011bsem. Sou\u010dasn\u011b se zv\u011bt\u0161ila nejvy\u0161\u0161\u00ed p\u0159\u00edpustn\u00e1 hmotnost j\u00edzdn\u00edch kol, kter\u00e1 si m\u016f\u017ee pos\u00e1dka vz\u00edt na cestu s\u00a0sebou na nosi\u010di p\u0159ipevn\u011bn\u00e9m k\u00a0ta\u017en\u00e9mu za\u0159\u00edzen\u00ed \u2013 to je d\u016fle\u017eit\u00e9 p\u0159edev\u0161\u00edm p\u0159i p\u0159eprav\u011b elektrick\u00fdch j\u00edzdn\u00edch kol.<\/p>\n<p><img loading=\"lazy\" decoding=\"async\" class=\"alignnone wp-image-63121\" src=\"http:\/\/www.automakersnews.cz\/wp-content\/uploads\/2023\/07\/Volkswagen-SUV-T-Cross-3-small-300x200.jpg\" alt=\"\" width=\"776\" height=\"517\" srcset=\"https:\/\/www.automakersnews.cz\/wp-content\/uploads\/2023\/07\/Volkswagen-SUV-T-Cross-3-small-300x200.jpg 300w, https:\/\/www.automakersnews.cz\/wp-content\/uploads\/2023\/07\/Volkswagen-SUV-T-Cross-3-small-1024x683.jpg 1024w, https:\/\/www.automakersnews.cz\/wp-content\/uploads\/2023\/07\/Volkswagen-SUV-T-Cross-3-small-768x512.jpg 768w, https:\/\/www.automakersnews.cz\/wp-content\/uploads\/2023\/07\/Volkswagen-SUV-T-Cross-3-small-1536x1024.jpg 1536w, https:\/\/www.automakersnews.cz\/wp-content\/uploads\/2023\/07\/Volkswagen-SUV-T-Cross-3-small.jpg 1795w\" sizes=\"auto, (max-width: 776px) 100vw, 776px\" \/><\/p>\n<p><b>\u201eTravel Assist\u201c nab\u00edz\u00ed v\u00fdrazn\u00e9 zv\u00fd\u0161en\u00ed komfortu.<\/b>\u00a0T-Cross m\u016f\u017ee b\u00fdt jako jeden z\u00a0m\u00e1la model\u016f t\u00e9to t\u0159\u00eddy na glob\u00e1ln\u00edm trhu na p\u0159\u00e1n\u00ed vybaven asisten\u010dn\u00edm syst\u00e9mem \u201eTravel Assist\u201c, kter\u00fd zaji\u0161\u0165uje asistovan\u00e9 \u0159\u00edzen\u00ed vozidla v\u00a0pod\u00e9ln\u00e9m i p\u0159\u00ed\u010dn\u00e9m sm\u011bru. V\u00a0z\u00e1vislosti na vp\u0159edu jedouc\u00edch vozidlech a nejvy\u0161\u0161\u00ed povolen\u00e9 rychlosti dok\u00e1\u017ee T-Cross upravovat rychlost j\u00edzdy automatick\u00fdm zrychlov\u00e1n\u00edm a zpomalov\u00e1n\u00edm. \u201eTravel Assist\u201c p\u0159itom dok\u00e1\u017ee, v\u00a0r\u00e1mci syst\u00e9mov\u00fdch limit\u016f, zohled\u0148ovat p\u0159i sv\u00e9 funkci tak\u00e9 omezen\u00ed rychlosti j\u00edzdy, zat\u00e1\u010dky a kruhov\u00e9 objezdy. Volkswagen je sou\u010dasn\u011b udr\u017eov\u00e1n ve sv\u00e9m j\u00edzdn\u00edm pruhu syst\u00e9mem \u201eLane Assist\u201c. Je-li nov\u00fd T-Cross vybaven p\u0159evodovkou DSG, m\u016f\u017ee automaticky absolvovat tak\u00e9 j\u00edzdu v\u00a0dopravn\u00ed kolon\u011b s\u00a0\u010dast\u00fdmi rozjezdy a zastaven\u00edmi.<\/p>\n<p><b>LED sv\u011btlomety a zadn\u00ed LED plus sv\u00edtilny a \u201eDigital Cockpit\u201c v\u00a0s\u00e9riov\u00e9 v\u00fdbav\u011b.<\/b>\u00a0Ji\u017e z\u00e1kladn\u00ed verze \u201eT-Cross\u201c m\u00e1 v\u00fdrazn\u011b roz\u0161\u00ed\u0159enou s\u00e9riovou v\u00fdbavu, kter\u00e1 zahrnuje mimo jin\u00e9 nov\u00e9 LED sv\u011btlomety (nahrazuj\u00ed halogenov\u00e9), nov\u00e9 zadn\u00ed LED sv\u00edtilny, multifunk\u010dn\u00ed kameru, rozpozn\u00e1v\u00e1n\u00ed dopravn\u00edch zna\u010dek, \u201eDigital Cockpit\u201c a nov\u00fd displej informa\u010dn\u00edho a z\u00e1bavn\u00edho syst\u00e9mu, kter\u00fd ve v\u0161ech verz\u00edch vy\u010dn\u00edv\u00e1 do prostoru nad\u00a0p\u0159\u00edstrojovou deskou. O stupe\u0148 v\u00fd\u0161 stoj\u00ed verze \u201eLife\u201c, mimo jin\u00e9 s\u00a0nov\u00fdmi 16\u201c koly z\u00a0lehk\u00e9 slitiny a multifunk\u010dn\u00edm ko\u017een\u00fdm volantem. Jako vrcholn\u00e9 verze jsou k\u00a0dispozici v\u00fdbavov\u00e9 linie \u201eStyle\u201c (elegantn\u011bj\u0161\u00ed styl) a \u201eR-Line\u201c (se sportovn\u00edmi prvky). Nov\u00fd model T-Cross je poh\u00e1n\u011bn osv\u011bd\u010den\u00fdmi, hospod\u00e1rn\u00fdmi motory TSI spole\u010dnosti Volkswagen.<\/p>\n<p><b>Dostupnost nov\u00e9ho modelu T-Cross.<\/b>\u00a0Zah\u00e1jen\u00ed p\u0159edprodeje a spu\u0161t\u011bn\u00ed on-line konfigur\u00e1toru je pl\u00e1nov\u00e1no na \u010dtvrt\u00e9 \u010dtvrtlet\u00ed 2023. Uveden\u00ed na trh u prodejc\u016f prob\u011bhne v\u00a0prvn\u00edm \u010dtvrtlet\u00ed 2024. Navzdory rozs\u00e1hl\u00e9mu zv\u00fd\u0161en\u00ed kvality a roz\u0161\u00ed\u0159en\u00ed v\u00fdbavy bude i nov\u00fd T-Cross nab\u00edzen za velmi atraktivn\u00ed z\u00e1kladn\u00ed cenu.<\/p>\n<p>Aktu\u00e1ln\u00ed verze bestselleru pro rok 2023 je na mnoha evropsk\u00fdch trz\u00edch ji\u017e vyprodan\u00e1 a v\u00a0N\u011bmecku bude nab\u00edzena u\u017e jen po kr\u00e1tkou dobu. Nov\u00e9 vozy, kter\u00e9 si z\u00e1kazn\u00edci nakonfiguruj\u00ed a objednaj\u00ed po ukon\u010den\u00ed prodeje na z\u00e1klad\u011b sou\u010dasn\u00e9ho modelu, budou p\u0159i jejich p\u0159ed\u00e1n\u00ed v\u00a0prvn\u00edm \u010dtvrtlet\u00ed 2024 pat\u0159it ji\u017e k\u00a0nov\u00e9 generaci modelu T-Cross. Volkswagen proto poskytuje z\u00e1kazn\u00edk\u016fm i z\u00e1stupc\u016fm m\u00e9di\u00ed prvn\u00ed informace o velk\u00e9 modernizaci modelu T-Cross s\u00a0\u010dasov\u00fdm p\u0159edstihem.<\/p>\n<p><img loading=\"lazy\" decoding=\"async\" class=\"alignnone wp-image-63122\" src=\"http:\/\/www.automakersnews.cz\/wp-content\/uploads\/2023\/07\/Volkswagen-SUV-T-Cross-4-small-300x200.jpg\" alt=\"\" width=\"810\" height=\"540\" srcset=\"https:\/\/www.automakersnews.cz\/wp-content\/uploads\/2023\/07\/Volkswagen-SUV-T-Cross-4-small-300x200.jpg 300w, https:\/\/www.automakersnews.cz\/wp-content\/uploads\/2023\/07\/Volkswagen-SUV-T-Cross-4-small-1024x683.jpg 1024w, https:\/\/www.automakersnews.cz\/wp-content\/uploads\/2023\/07\/Volkswagen-SUV-T-Cross-4-small-768x512.jpg 768w, https:\/\/www.automakersnews.cz\/wp-content\/uploads\/2023\/07\/Volkswagen-SUV-T-Cross-4-small-1536x1024.jpg 1536w, https:\/\/www.automakersnews.cz\/wp-content\/uploads\/2023\/07\/Volkswagen-SUV-T-Cross-4-small.jpg 1795w\" sizes=\"auto, (max-width: 810px) 100vw, 810px\" \/><\/p>\n","protected":false},"excerpt":{"rendered":"<div class=\"mh-excerpt\"><p>Volkswagen zve\u0159ejnil prvn\u00ed fakta o nov\u00e9m T-Crossu v\u010detn\u011b fotografi\u00ed. Zah\u00e1jen\u00ed p\u0159edprodeje je napl\u00e1nov\u00e1no na \u010dtvrt\u00e9 \u010dtvrtlet\u00ed 2023. Kompaktn\u00ed SUV bude dod\u00e1v\u00e1no s vylep\u0161en\u00fdm designem, roz\u0161\u00ed\u0159enou <a class=\"mh-excerpt-more\" href=\"https:\/\/www.automakersnews.cz\/index.php\/2023\/07\/11\/volkswagen-prepracoval-suv-t-cross\/\" title=\"Volkswagen p\u0159epracoval SUV T-Cross\">[&#8230;]<\/a><\/p>\n<\/div>","protected":false},"author":4,"featured_media":63119,"comment_status":"open","ping_status":"open","sticky":false,"template":"","format":"standard","meta":{"footnotes":""},"categories":[19],"tags":[],"class_list":["post-63089","post","type-post","status-publish","format-standard","has-post-thumbnail","hentry","category-design"],"_links":{"self":[{"href":"https:\/\/www.automakersnews.cz\/index.php\/wp-json\/wp\/v2\/posts\/63089","targetHints":{"allow":["GET"]}}],"collection":[{"href":"https:\/\/www.automakersnews.cz\/index.php\/wp-json\/wp\/v2\/posts"}],"about":[{"href":"https:\/\/www.automakersnews.cz\/index.php\/wp-json\/wp\/v2\/types\/post"}],"author":[{"embeddable":true,"href":"https:\/\/www.automakersnews.cz\/index.php\/wp-json\/wp\/v2\/users\/4"}],"replies":[{"embeddable":true,"href":"https:\/\/www.automakersnews.cz\/index.php\/wp-json\/wp\/v2\/comments?post=63089"}],"version-history":[{"count":0,"href":"https:\/\/www.automakersnews.cz\/index.php\/wp-json\/wp\/v2\/posts\/63089\/revisions"}],"wp:featuredmedia":[{"embeddable":true,"href":"https:\/\/www.automakersnews.cz\/index.php\/wp-json\/wp\/v2\/media\/63119"}],"wp:attachment":[{"href":"https:\/\/www.automakersnews.cz\/index.php\/wp-json\/wp\/v2\/media?parent=63089"}],"wp:term":[{"taxonomy":"category","embeddable":true,"href":"https:\/\/www.automakersnews.cz\/index.php\/wp-json\/wp\/v2\/categories?post=63089"},{"taxonomy":"post_tag","embeddable":true,"href":"https:\/\/www.automakersnews.cz\/index.php\/wp-json\/wp\/v2\/tags?post=63089"}],"curies":[{"name":"wp","href":"https:\/\/api.w.org\/{rel}","templated":true}]}}