{"id":63124,"date":"2023-07-11T09:14:34","date_gmt":"2023-07-11T09:14:34","guid":{"rendered":"https:\/\/www.automakersnews.cz\/?p=63124"},"modified":"2023-07-11T09:14:34","modified_gmt":"2023-07-11T09:14:34","slug":"bmw-nabizi-smartglasses-pro-motorkare","status":"publish","type":"post","link":"https:\/\/www.automakersnews.cz\/index.php\/2023\/07\/11\/bmw-nabizi-smartglasses-pro-motorkare\/","title":{"rendered":"BMW nab\u00edz\u00ed Smartglasses pro motork\u00e1\u0159e"},"content":{"rendered":"<p><strong>BMW Motorrad p\u0159edstavuje chytr\u00e9 br\u00fdle ConnectedRide Smartglasses. To, co bylo je\u0161t\u011b p\u0159ed n\u011bkolika lety pova\u017eov\u00e1no za science fiction, se dnes d\u00edky chytr\u00fdm br\u00fdl\u00edm BMW Motorrad ConnectedRide Smartglasses st\u00e1v\u00e1 realitou.<\/strong><!--more--><\/p>\n<p>Inovativn\u00ed motocyklov\u00e9 br\u00fdle vyu\u017e\u00edvaj\u00ed technologii head-up displeje, kter\u00e1 je ji\u017e zn\u00e1m\u00e1 z automobilov\u00e9ho pr\u016fmyslu, a prom\u00edtaj\u00ed v\u0161echny d\u016fle\u017eit\u00e9 \u00fadaje, jako jsou pokyny navigace, rychlost nebo za\u0159azen\u00fd p\u0159evod, p\u0159\u00edmo do zorn\u00e9ho pole jezdce v\u00a0re\u00e1ln\u00e9m \u010dase. T\u00edm umo\u017e\u0148uj\u00ed mimo\u0159\u00e1dn\u011b p\u0159edv\u00eddavou, a tedy bezpe\u010dn\u011bj\u0161\u00ed j\u00edzdu na motocyklu.<\/p>\n<p>Chytr\u00e9 br\u00fdle BMW Motorrad ConnectedRide Smartglasses lze snadno propojit s chytr\u00fdm telefonem prost\u0159ednictv\u00edm Bluetooth a aplikace. M\u00edsto i obsah prom\u00edtan\u00fdch \u00fadaj\u016f lze nastavit p\u0159ed j\u00edzdou i b\u011bhem n\u00ed prost\u0159ednictv\u00edm multifunk\u010dn\u00edho ovlada\u010de na \u0159\u00edd\u00edtk\u00e1ch motocyklu.<\/p>\n<p><img loading=\"lazy\" decoding=\"async\" class=\"alignnone wp-image-63126\" src=\"http:\/\/www.automakersnews.cz\/wp-content\/uploads\/2023\/07\/P90512823_lowRes_bmw-motorrad-connect-small-1-300x200.jpg\" alt=\"\" width=\"840\" height=\"560\" srcset=\"https:\/\/www.automakersnews.cz\/wp-content\/uploads\/2023\/07\/P90512823_lowRes_bmw-motorrad-connect-small-1-300x200.jpg 300w, https:\/\/www.automakersnews.cz\/wp-content\/uploads\/2023\/07\/P90512823_lowRes_bmw-motorrad-connect-small-1-1024x683.jpg 1024w, https:\/\/www.automakersnews.cz\/wp-content\/uploads\/2023\/07\/P90512823_lowRes_bmw-motorrad-connect-small-1-768x512.jpg 768w, https:\/\/www.automakersnews.cz\/wp-content\/uploads\/2023\/07\/P90512823_lowRes_bmw-motorrad-connect-small-1.jpg 1500w\" sizes=\"auto, (max-width: 840px) 100vw, 840px\" \/><\/p>\n<p>Krom\u011b individualizovateln\u00e9ho u\u017eivatelsk\u00e9ho rozhran\u00ed a zv\u00fd\u0161en\u00ed bezpe\u010dnosti j\u00edzdy p\u0159in\u00e1\u0161ej\u00ed chytr\u00e9 br\u00fdle tak\u00e9 vysokou \u00farove\u0148 komfortu no\u0161en\u00ed. Pojet\u00ed chytr\u00fdch br\u00fdl\u00ed a jejich displeje byly p\u0159izp\u016fsobeny speci\u00e1ln\u00edm pot\u0159eb\u00e1m motork\u00e1\u0159\u016f. Chytr\u00e9 br\u00fdle BMW Motorrad ConnectedRide Smartglasses lze p\u0159izp\u016fsobit mnoha p\u0159ilb\u00e1m a tvar\u016fm obli\u010deje. D\u00edky tomu se chytr\u00e9 br\u00fdle pohodln\u011b nos\u00ed i na dlouh\u00fdch celodenn\u00edch cest\u00e1ch. Lithium-iontov\u00e1 baterie umo\u017e\u0148uje a\u017e desetihodinov\u00fd provoz.<\/p>\n<p>BMW Motorrad dod\u00e1v\u00e1 spole\u010dn\u011b s\u00a0r\u00e1me\u010dkem tak\u00e9 dv\u011b sady certifikovan\u00fdch UVA\/UVB \u010do\u010dek. Jedna sada \u010do\u010dek vykazuje pr\u016fhlednost 85 % a lze ji pou\u017e\u00edt zejm\u00e9na ve spojen\u00ed p\u0159ilbami s\u00a0integrovanou slune\u010dn\u00ed clonou. Druh\u00e1 sada m\u00e1 t\u00f3novan\u00e1 skla, kter\u00e1 z\u00a0chytr\u00fdch br\u00fdl\u00ed d\u011blaj\u00ed dokonal\u00e9 slune\u010dn\u00ed br\u00fdle.<\/p>\n<p>Pro jezdce, kte\u0159\u00ed nos\u00ed dioptrick\u00e9 br\u00fdle, lze \u010do\u010dky vybrousit a upravit na po\u017eadovanou zrakovou ostrost (max. 4 dioptrie) u optika pomoc\u00ed adapt\u00e9ru RX. Pro ty, kte\u0159\u00ed nos\u00ed kontaktn\u00ed \u010do\u010dky, lze chytr\u00e9 br\u00fdle pou\u017e\u00edvat bez omezen\u00ed. Sou\u010d\u00e1st\u00ed dod\u00e1vky je tak\u00e9 pouzdro na br\u00fdle a nab\u00edjec\u00ed kabel USB.<\/p>\n<p>Chytr\u00e9 br\u00fdle BMW Motorrad ConnectedRide Smartglasses budou p\u0159edstaveny 7.\u00a0\u010dervence 2023 v r\u00e1mci akce BMW Motorrad Days v\u00a0Berl\u00edn\u011b.<\/p>\n<p><img loading=\"lazy\" decoding=\"async\" class=\"alignnone wp-image-63128\" src=\"http:\/\/www.automakersnews.cz\/wp-content\/uploads\/2023\/07\/P90512818_lowRes_bmw-motorrad-connect-small-3-300x225.jpg\" alt=\"\" width=\"824\" height=\"618\" srcset=\"https:\/\/www.automakersnews.cz\/wp-content\/uploads\/2023\/07\/P90512818_lowRes_bmw-motorrad-connect-small-3-300x225.jpg 300w, https:\/\/www.automakersnews.cz\/wp-content\/uploads\/2023\/07\/P90512818_lowRes_bmw-motorrad-connect-small-3-1024x768.jpg 1024w, https:\/\/www.automakersnews.cz\/wp-content\/uploads\/2023\/07\/P90512818_lowRes_bmw-motorrad-connect-small-3-768x576.jpg 768w, https:\/\/www.automakersnews.cz\/wp-content\/uploads\/2023\/07\/P90512818_lowRes_bmw-motorrad-connect-small-3-1536x1151.jpg 1536w, https:\/\/www.automakersnews.cz\/wp-content\/uploads\/2023\/07\/P90512818_lowRes_bmw-motorrad-connect-small-3-678x509.jpg 678w, https:\/\/www.automakersnews.cz\/wp-content\/uploads\/2023\/07\/P90512818_lowRes_bmw-motorrad-connect-small-3-326x245.jpg 326w, https:\/\/www.automakersnews.cz\/wp-content\/uploads\/2023\/07\/P90512818_lowRes_bmw-motorrad-connect-small-3-80x60.jpg 80w, https:\/\/www.automakersnews.cz\/wp-content\/uploads\/2023\/07\/P90512818_lowRes_bmw-motorrad-connect-small-3.jpg 2001w\" sizes=\"auto, (max-width: 824px) 100vw, 824px\" \/><\/p>\n","protected":false},"excerpt":{"rendered":"<div class=\"mh-excerpt\"><p>BMW Motorrad p\u0159edstavuje chytr\u00e9 br\u00fdle ConnectedRide Smartglasses. To, co bylo je\u0161t\u011b p\u0159ed n\u011bkolika lety pova\u017eov\u00e1no za science fiction, se dnes d\u00edky chytr\u00fdm br\u00fdl\u00edm BMW Motorrad <a class=\"mh-excerpt-more\" href=\"https:\/\/www.automakersnews.cz\/index.php\/2023\/07\/11\/bmw-nabizi-smartglasses-pro-motorkare\/\" title=\"BMW nab\u00edz\u00ed Smartglasses pro motork\u00e1\u0159e\">[&#8230;]<\/a><\/p>\n<\/div>","protected":false},"author":4,"featured_media":63125,"comment_status":"open","ping_status":"open","sticky":false,"template":"","format":"standard","meta":{"footnotes":""},"categories":[2],"tags":[],"class_list":["post-63124","post","type-post","status-publish","format-standard","has-post-thumbnail","hentry","category-news"],"_links":{"self":[{"href":"https:\/\/www.automakersnews.cz\/index.php\/wp-json\/wp\/v2\/posts\/63124","targetHints":{"allow":["GET"]}}],"collection":[{"href":"https:\/\/www.automakersnews.cz\/index.php\/wp-json\/wp\/v2\/posts"}],"about":[{"href":"https:\/\/www.automakersnews.cz\/index.php\/wp-json\/wp\/v2\/types\/post"}],"author":[{"embeddable":true,"href":"https:\/\/www.automakersnews.cz\/index.php\/wp-json\/wp\/v2\/users\/4"}],"replies":[{"embeddable":true,"href":"https:\/\/www.automakersnews.cz\/index.php\/wp-json\/wp\/v2\/comments?post=63124"}],"version-history":[{"count":0,"href":"https:\/\/www.automakersnews.cz\/index.php\/wp-json\/wp\/v2\/posts\/63124\/revisions"}],"wp:featuredmedia":[{"embeddable":true,"href":"https:\/\/www.automakersnews.cz\/index.php\/wp-json\/wp\/v2\/media\/63125"}],"wp:attachment":[{"href":"https:\/\/www.automakersnews.cz\/index.php\/wp-json\/wp\/v2\/media?parent=63124"}],"wp:term":[{"taxonomy":"category","embeddable":true,"href":"https:\/\/www.automakersnews.cz\/index.php\/wp-json\/wp\/v2\/categories?post=63124"},{"taxonomy":"post_tag","embeddable":true,"href":"https:\/\/www.automakersnews.cz\/index.php\/wp-json\/wp\/v2\/tags?post=63124"}],"curies":[{"name":"wp","href":"https:\/\/api.w.org\/{rel}","templated":true}]}}