{"id":63479,"date":"2023-07-11T09:32:10","date_gmt":"2023-07-11T09:32:10","guid":{"rendered":"https:\/\/www.automakersnews.cz\/?p=63479"},"modified":"2023-07-11T09:35:16","modified_gmt":"2023-07-11T09:35:16","slug":"renault-sezval-porotce-coty-do-guyancourtu","status":"publish","type":"post","link":"https:\/\/www.automakersnews.cz\/index.php\/2023\/07\/11\/renault-sezval-porotce-coty-do-guyancourtu\/","title":{"rendered":"Renault sezval porotce COTY do Guyancourtu"},"content":{"rendered":"<p><strong>Renault sezval 5. \u010dervence vybran\u00e9 novin\u00e1\u0159e do sv\u00e9ho v\u00fdvojov\u00e9ho \u00fast\u0159ed\u00ed v Guyancourtu na jihoz\u00e1padn\u00edm p\u0159edm\u011bst\u00ed Pa\u0159\u00ed\u017ee k exkluzivn\u00ed prezentaci pro \u010dleny poroty vol\u00edc\u00ed evropsk\u00fd V\u016fz roku (Car of the Year). P\u0159edstavil jim tam v\u0161echny sv\u00e9 modely pro dal\u0161\u00edch n\u011bkolik let.<\/strong><!--more--><\/p>\n<p>Vid\u011bli jsme tak t\u0159eba facelift st\u00e1vaj\u00edc\u00edho Clia, n\u00e1slednick\u00fd Captur i n\u011bkolik dal\u0161\u00edch nov\u00fdch typ\u016f, zat\u00edm zna\u010den\u00fdch trojm\u00edstn\u00fdmi p\u00edsmenn\u00fdmi k\u00f3dy, popsal akci pro Automakers \u010desk\u00fd \u010dlen COTY Jirka Ducho\u0148.<\/p>\n<p>Vesm\u011bs jde o SUV a crossovery r\u016fzn\u00fdch velikost\u00ed a tvar\u016f, ov\u0161em p\u0159ekvapiv\u011b nikoli elektrick\u00e9, ale \u201efull hybridn\u00ed\u201c: u Renaultu jsou zkr\u00e1tka p\u0159ipraveni na v\u0161echny alternativy budouc\u00edho v\u00fdvoje, p\u0159i\u010dem\u017e spol\u00e9haj\u00ed zejm\u00e9na na zda\u0159il\u00fd \u010dty\u0159v\u00e1lec H5H. P\u0159\u00edmovst\u0159ikov\u00e1 \u201et\u0159in\u00e1ctistovka\u201c ze spole\u010dn\u00e9ho v\u00fdvoje s\u00a0mercedesem se hod\u00ed i pro kombinaci s\u00a0r\u016fzn\u00fdmi druhy elektrifikovan\u00fdch pohon\u016f, s\u00a0nimi\u017e dok\u00e1\u017ee b\u00fdt mimo\u0159\u00e1dn\u011b efektivn\u00ed a je p\u0159\u00edslibem i pro \u0159adu dal\u0161\u00edch rok\u016f.<\/p>\n<p>St\u011b\u017eejn\u00edm bodem COTY programu v\u0161ak byla p\u0159edpremi\u00e9ra typu Scenic. Jde o elektromobil vych\u00e1zej\u00edc\u00ed z platformy Renault-Nissan CMF-EF. Bl\u00edzko m\u00e1 zejm\u00e9na k Nissanu Ariya, tak\u017ee je uvnit\u0159 citeln\u011b prostorn\u011bj\u0161\u00ed ne\u017e st\u00e1vaj\u00edc\u00ed elektromobil Megane E-Tech, ov\u0161em p\u0159i zachov\u00e1n\u00ed v\u0161ech p\u0159ednost\u00ed v\u010detn\u011b kompaktn\u00edho elektrick\u00e9ho pohonu soust\u0159ed\u011bn\u00e9ho vp\u0159edu. Tedy s na minimum zkr\u00e1cen\u00fdmi kabely a objemn\u00fdm prostorem pro zavazadla.<\/p>\n<p>&#8222;Nav\u00edc jsme dostali p\u0159\u00edle\u017eitost sezn\u00e1mit se se stylov\u00fdmi elektromobily R5 a R4, esteticky p\u0159ipom\u00ednaj\u00edc\u00edmi legend\u00e1rn\u00ed \u201eklasiku\u201c. Dobrou zpr\u00e1vou je, \u017ee cenov\u011b budou oba tyto typy situov\u00e1ny pod elektrick\u00fd Megane E-Tech,&#8220; uzav\u00edr\u00e1 Ducho\u0148.<\/p>\n<p><img loading=\"lazy\" decoding=\"async\" class=\"alignnone size-large wp-image-63481\" src=\"http:\/\/www.automakersnews.cz\/wp-content\/uploads\/2023\/07\/Duchon-akce-Renault-Pariz-scaled-e1689068106485-768x1024.jpg\" alt=\"\" width=\"768\" height=\"1024\" srcset=\"https:\/\/www.automakersnews.cz\/wp-content\/uploads\/2023\/07\/Duchon-akce-Renault-Pariz-scaled-e1689068106485-768x1024.jpg 768w, https:\/\/www.automakersnews.cz\/wp-content\/uploads\/2023\/07\/Duchon-akce-Renault-Pariz-scaled-e1689068106485-225x300.jpg 225w, https:\/\/www.automakersnews.cz\/wp-content\/uploads\/2023\/07\/Duchon-akce-Renault-Pariz-scaled-e1689068106485.jpg 920w\" sizes=\"auto, (max-width: 768px) 100vw, 768px\" \/><\/p>\n","protected":false},"excerpt":{"rendered":"<div class=\"mh-excerpt\"><p>Renault sezval 5. \u010dervence vybran\u00e9 novin\u00e1\u0159e do sv\u00e9ho v\u00fdvojov\u00e9ho \u00fast\u0159ed\u00ed v Guyancourtu na jihoz\u00e1padn\u00edm p\u0159edm\u011bst\u00ed Pa\u0159\u00ed\u017ee k exkluzivn\u00ed prezentaci pro \u010dleny poroty vol\u00edc\u00ed evropsk\u00fd V\u016fz <a class=\"mh-excerpt-more\" href=\"https:\/\/www.automakersnews.cz\/index.php\/2023\/07\/11\/renault-sezval-porotce-coty-do-guyancourtu\/\" title=\"Renault sezval porotce COTY do Guyancourtu\">[&#8230;]<\/a><\/p>\n<\/div>","protected":false},"author":1,"featured_media":5959,"comment_status":"open","ping_status":"open","sticky":false,"template":"","format":"standard","meta":{"footnotes":""},"categories":[10,27],"tags":[],"class_list":["post-63479","post","type-post","status-publish","format-standard","has-post-thumbnail","hentry","category-eventy","category-media"],"_links":{"self":[{"href":"https:\/\/www.automakersnews.cz\/index.php\/wp-json\/wp\/v2\/posts\/63479","targetHints":{"allow":["GET"]}}],"collection":[{"href":"https:\/\/www.automakersnews.cz\/index.php\/wp-json\/wp\/v2\/posts"}],"about":[{"href":"https:\/\/www.automakersnews.cz\/index.php\/wp-json\/wp\/v2\/types\/post"}],"author":[{"embeddable":true,"href":"https:\/\/www.automakersnews.cz\/index.php\/wp-json\/wp\/v2\/users\/1"}],"replies":[{"embeddable":true,"href":"https:\/\/www.automakersnews.cz\/index.php\/wp-json\/wp\/v2\/comments?post=63479"}],"version-history":[{"count":0,"href":"https:\/\/www.automakersnews.cz\/index.php\/wp-json\/wp\/v2\/posts\/63479\/revisions"}],"wp:featuredmedia":[{"embeddable":true,"href":"https:\/\/www.automakersnews.cz\/index.php\/wp-json\/wp\/v2\/media\/5959"}],"wp:attachment":[{"href":"https:\/\/www.automakersnews.cz\/index.php\/wp-json\/wp\/v2\/media?parent=63479"}],"wp:term":[{"taxonomy":"category","embeddable":true,"href":"https:\/\/www.automakersnews.cz\/index.php\/wp-json\/wp\/v2\/categories?post=63479"},{"taxonomy":"post_tag","embeddable":true,"href":"https:\/\/www.automakersnews.cz\/index.php\/wp-json\/wp\/v2\/tags?post=63479"}],"curies":[{"name":"wp","href":"https:\/\/api.w.org\/{rel}","templated":true}]}}