{"id":63897,"date":"2023-07-13T19:49:47","date_gmt":"2023-07-13T19:49:47","guid":{"rendered":"https:\/\/www.automakersnews.cz\/?p=63897"},"modified":"2023-07-13T19:51:19","modified_gmt":"2023-07-13T19:51:19","slug":"car4way-hlasi-velky-zajem-o-parkovani-na-letisti","status":"publish","type":"post","link":"https:\/\/www.automakersnews.cz\/index.php\/2023\/07\/13\/car4way-hlasi-velky-zajem-o-parkovani-na-letisti\/","title":{"rendered":"Car4way hl\u00e1s\u00ed r\u016fst z\u00e1jmu o parkov\u00e1n\u00ed na leti\u0161ti"},"content":{"rendered":"<p><strong>Meziro\u010dn\u00ed r\u016fst z\u00e1jmu o 180 procent hl\u00e1s\u00ed bezplatn\u00e9 parkovi\u0161t\u011b na Leti\u0161ti V\u00e1clava Havla. Provozuje ho spole\u010dnosti CAR4WAY, kter\u00e1 je nejv\u011bt\u0161\u00edm provozovatelem carsharingu v \u010cesk\u00e9 republice.<\/strong><!--more--><\/p>\n<p>\u201eKdokoliv z des\u00edtek tis\u00edc u\u017eivatel\u016f na\u0161eho carsharingu dnes m\u016f\u017ee pohodln\u011b dojet na leti\u0161t\u011b z centra Prahy a zaparkovat bl\u00edzko u odletov\u00e9ho termin\u00e1lu. Po p\u0159\u00edletu zp\u011bt do Prahy si pak na stejn\u00e9m m\u00edst\u011b jednodu\u0161e vyp\u016fj\u010d\u00ed n\u011bkter\u00fd z voz\u016f, kter\u00e9 jsou tam nonstop p\u0159ipraveny k odjezdu,\u201c uvedl obchodn\u00ed mana\u017eer spole\u010dnosti CAR4WAY Josef Ciglansk\u00fd. P\u0159ipomn\u011bl tak\u00e9, \u017ee ostatn\u00ed poskytovatel\u00e9 carsharingu tuto atraktivn\u00ed v\u00fdhodu nenab\u00edzej\u00ed.<\/p>\n<p>Dal\u0161\u00ed letn\u00ed novinkou u CAR4WAY je roz\u0161\u00ed\u0159en\u00ed nab\u00eddky sd\u00edlen\u00fdch voz\u016f o model Volkswagen T-Roc, kter\u00fd dopln\u00ed sou\u010dasnou flotilu vozidel zna\u010dky \u0160koda a Audi. \u201eO\u010dek\u00e1v\u00e1me, \u017ee stylov\u00fd model T-Roc oslov\u00ed hlavn\u011b mlad\u0161\u00ed u\u017eivatele, kte\u0159\u00ed preferuj\u00ed vozy kategorie SUV,\u201c dodal Josef Ciglansk\u00fd.<\/p>\n<p>T\u0159et\u00ed novinkou u CAR4WAY jsou speci\u00e1ln\u00ed ak\u010dn\u00ed nab\u00eddky jen na l\u00e9to. &#8222;Nap\u0159\u00edklad z\u00e1novn\u00ed v\u016fz \u0160koda Scala na \u010dty\u0159i dny m\u016f\u017eete m\u00edt v r\u00e1mci letn\u00ed akce od 2983 K\u010d a prostornou Octavii na t\u00fdden k mo\u0159i od 3511 K\u010d,&#8220; p\u0159ipomn\u011bl Josef Ciglansk\u00fd. Sta\u010d\u00ed st\u00e1hnout aplikaci a vyrazit na cesty.<\/p>\n<p>Spole\u010dnosti CAR4WAY je nejv\u011bt\u0161\u00edm provozovatelem carsharingu v \u010cesk\u00e9 republice, provozuje 1300 sd\u00edlen\u00fdch voz\u016f v ulic\u00edch Prahy a p\u0159es 100 voz\u016f v Brn\u011b. Je sou\u010d\u00e1st\u00ed \u010desk\u00e9 skupiny Louda, kter\u00e1 p\u016fsob\u00ed na trhu 31 let a je nejv\u011bt\u0161\u00edm prodejcem nov\u00fdch voz\u016f \u0160KODA a HYUNDAI v \u010cesk\u00e9 republice a velk\u00fdm dealerem dal\u0161\u00edch deseti zna\u010dek automobil\u016f. Louda je sou\u010dasn\u011b i nejv\u011bt\u0161\u00edm prodejcem z\u00e1novn\u00edch ojet\u00fdch voz\u016f v \u010cR.<\/p>\n","protected":false},"excerpt":{"rendered":"<div class=\"mh-excerpt\"><p>Meziro\u010dn\u00ed r\u016fst z\u00e1jmu o 180 procent hl\u00e1s\u00ed bezplatn\u00e9 parkovi\u0161t\u011b na Leti\u0161ti V\u00e1clava Havla. Provozuje ho spole\u010dnosti CAR4WAY, kter\u00e1 je nejv\u011bt\u0161\u00edm provozovatelem carsharingu v \u010cesk\u00e9 republice.<\/p>\n<\/div>","protected":false},"author":4,"featured_media":63898,"comment_status":"open","ping_status":"open","sticky":false,"template":"","format":"standard","meta":{"footnotes":""},"categories":[2],"tags":[],"class_list":["post-63897","post","type-post","status-publish","format-standard","has-post-thumbnail","hentry","category-news"],"_links":{"self":[{"href":"https:\/\/www.automakersnews.cz\/index.php\/wp-json\/wp\/v2\/posts\/63897","targetHints":{"allow":["GET"]}}],"collection":[{"href":"https:\/\/www.automakersnews.cz\/index.php\/wp-json\/wp\/v2\/posts"}],"about":[{"href":"https:\/\/www.automakersnews.cz\/index.php\/wp-json\/wp\/v2\/types\/post"}],"author":[{"embeddable":true,"href":"https:\/\/www.automakersnews.cz\/index.php\/wp-json\/wp\/v2\/users\/4"}],"replies":[{"embeddable":true,"href":"https:\/\/www.automakersnews.cz\/index.php\/wp-json\/wp\/v2\/comments?post=63897"}],"version-history":[{"count":0,"href":"https:\/\/www.automakersnews.cz\/index.php\/wp-json\/wp\/v2\/posts\/63897\/revisions"}],"wp:featuredmedia":[{"embeddable":true,"href":"https:\/\/www.automakersnews.cz\/index.php\/wp-json\/wp\/v2\/media\/63898"}],"wp:attachment":[{"href":"https:\/\/www.automakersnews.cz\/index.php\/wp-json\/wp\/v2\/media?parent=63897"}],"wp:term":[{"taxonomy":"category","embeddable":true,"href":"https:\/\/www.automakersnews.cz\/index.php\/wp-json\/wp\/v2\/categories?post=63897"},{"taxonomy":"post_tag","embeddable":true,"href":"https:\/\/www.automakersnews.cz\/index.php\/wp-json\/wp\/v2\/tags?post=63897"}],"curies":[{"name":"wp","href":"https:\/\/api.w.org\/{rel}","templated":true}]}}