{"id":63942,"date":"2023-07-13T08:35:34","date_gmt":"2023-07-13T08:35:34","guid":{"rendered":"https:\/\/www.automakersnews.cz\/?p=63942"},"modified":"2023-07-13T08:35:34","modified_gmt":"2023-07-13T08:35:34","slug":"akcni-bonus-pro-klienty-das-weltauto","status":"publish","type":"post","link":"https:\/\/www.automakersnews.cz\/index.php\/2023\/07\/13\/akcni-bonus-pro-klienty-das-weltauto\/","title":{"rendered":"Ak\u010dn\u00ed bonus pro klienty Das WeltAuto"},"content":{"rendered":"<p><strong>Program certifikovan\u00e9ho prodeje ojetin Das WeltAuto nab\u00eddl ve spolupr\u00e1ci s Volkswagen Financial Services ak\u010dn\u00ed bonus pro z\u00e1kazn\u00edky, kte\u0159\u00ed se rozhodnou pro financov\u00e1n\u00ed \u00fav\u011brem CHYT\u0158E. Benefity doplnil poukazem na t\u0159i bezplatn\u00e9 servisn\u00ed prohl\u00eddky.<\/strong><!--more--><\/p>\n<p>\u201eNa\u0161i z\u00e1kazn\u00edci mohou nyn\u00ed v s\u00edti Das WeltAuto po\u0159\u00eddit kvalitn\u00ed a ov\u011b\u0159en\u00e9 ojet\u00e9 vozy nejen v\u00fdhodn\u011b, ale tak\u00e9 CHYT\u0158E, pokud se rozhodnou pro obl\u00edben\u00e9 financov\u00e1n\u00ed od spole\u010dnosti Volkswagen Financial Services,\u201c \u0159\u00edk\u00e1 Martin Kade\u010dka, vedouc\u00ed divize Das WeltAuto spole\u010dnosti Porsche \u010cesk\u00e1 republika, a dod\u00e1v\u00e1: \u201eFinancov\u00e1n\u00ed CHYT\u0158E nab\u00edz\u00ed libovoln\u00e9 mo\u017enosti nastaven\u00ed spl\u00e1tek, aby si na\u0161i klienti mohli spl\u00e1cen\u00ed flexibiln\u011b p\u0159izp\u016fsobit sv\u00fdm mo\u017enostem. A jako bonus nav\u00edc k tomu p\u0159id\u00e1v\u00e1me t\u0159i servisn\u00ed prohl\u00eddky zcela zdarma.\u201c<\/p>\n<p>Nov\u00e1 nab\u00eddka zna\u010dky Das WeltAuto se vztahuje na pou\u017eit\u00e9 vozy zna\u010dek Volkswagen, Volkswagen U\u017eitkov\u00e9 vozy, SEAT a CUPRA ve st\u00e1\u0159\u00ed do p\u011bti let od prvn\u00ed registrace. Poukazy na bezplatnou servisn\u00ed prohl\u00eddku lze uplatnit pouze po dobu financov\u00e1n\u00ed vozu, a to ve v\u0161ech autorizovan\u00fdch servisech v\u00fd\u0161e uveden\u00fdch zna\u010dek v \u010cesk\u00e9 republice. \u201eJedn\u00e1 se o dal\u0161\u00ed krok, jak podpo\u0159it loajalitu na\u0161ich z\u00e1kazn\u00edk\u016f a z\u00e1rove\u0148 d\u016fkaz, jak si v\u00e1\u017e\u00edme jejich p\u0159\u00edzn\u011b\u201c, vysv\u011btluje Martin Kade\u010dka.<\/p>\n<p>CHYTR\u00c9 financov\u00e1n\u00ed od spole\u010dnosti Volkswagen Financial Services plat\u00ed pro nov\u00e9 i ojet\u00e9 vozy a umo\u017e\u0148uje v\u00fdrazn\u011b sn\u00ed\u017eit m\u011bs\u00ed\u010dn\u00ed spl\u00e1tky. Z\u00e1kazn\u00edci si tak mohou za stejnou m\u011bs\u00ed\u010dn\u00ed spl\u00e1tku po\u0159\u00eddit lep\u0161\u00ed, v\u00fdkonn\u011bj\u0161\u00ed \u010di l\u00e9pe vybaven\u00fd v\u016fz a podnikatel\u00e9 mohou uplat\u0148ovat n\u00e1rok na vratku DPH. Posledn\u00ed nav\u00fd\u0161enou spl\u00e1tku lze vypo\u0159\u00e1dat t\u0159emi zp\u016fsoby \u2013 jednor\u00e1zov\u011b, rozlo\u017eit ji do spl\u00e1tek za stejn\u00fdch podm\u00ednek v del\u0161\u00edm obdob\u00ed nebo prodejem vozu dealerovi. D\u00e9lku financov\u00e1n\u00ed je mo\u017en\u00e9 nastavit na 2 a\u017e 5 let, akontace m\u016f\u017ee pokr\u00fdt 0 a\u017e 40 % z ceny vozu a na posledn\u00ed nav\u00fd\u0161enou spl\u00e1tku lze ponechat 20 a\u017e 60 % z po\u0159izovac\u00ed ceny.<\/p>\n<p>&nbsp;<\/p>\n","protected":false},"excerpt":{"rendered":"<div class=\"mh-excerpt\"><p>Program certifikovan\u00e9ho prodeje ojetin Das WeltAuto nab\u00eddl ve spolupr\u00e1ci s Volkswagen Financial Services ak\u010dn\u00ed bonus pro z\u00e1kazn\u00edky, kte\u0159\u00ed se rozhodnou pro financov\u00e1n\u00ed \u00fav\u011brem CHYT\u0158E. Benefity <a class=\"mh-excerpt-more\" href=\"https:\/\/www.automakersnews.cz\/index.php\/2023\/07\/13\/akcni-bonus-pro-klienty-das-weltauto\/\" title=\"Ak\u010dn\u00ed bonus pro klienty Das WeltAuto\">[&#8230;]<\/a><\/p>\n<\/div>","protected":false},"author":4,"featured_media":63943,"comment_status":"open","ping_status":"open","sticky":false,"template":"","format":"standard","meta":{"footnotes":""},"categories":[17],"tags":[],"class_list":["post-63942","post","type-post","status-publish","format-standard","has-post-thumbnail","hentry","category-servis"],"_links":{"self":[{"href":"https:\/\/www.automakersnews.cz\/index.php\/wp-json\/wp\/v2\/posts\/63942","targetHints":{"allow":["GET"]}}],"collection":[{"href":"https:\/\/www.automakersnews.cz\/index.php\/wp-json\/wp\/v2\/posts"}],"about":[{"href":"https:\/\/www.automakersnews.cz\/index.php\/wp-json\/wp\/v2\/types\/post"}],"author":[{"embeddable":true,"href":"https:\/\/www.automakersnews.cz\/index.php\/wp-json\/wp\/v2\/users\/4"}],"replies":[{"embeddable":true,"href":"https:\/\/www.automakersnews.cz\/index.php\/wp-json\/wp\/v2\/comments?post=63942"}],"version-history":[{"count":0,"href":"https:\/\/www.automakersnews.cz\/index.php\/wp-json\/wp\/v2\/posts\/63942\/revisions"}],"wp:featuredmedia":[{"embeddable":true,"href":"https:\/\/www.automakersnews.cz\/index.php\/wp-json\/wp\/v2\/media\/63943"}],"wp:attachment":[{"href":"https:\/\/www.automakersnews.cz\/index.php\/wp-json\/wp\/v2\/media?parent=63942"}],"wp:term":[{"taxonomy":"category","embeddable":true,"href":"https:\/\/www.automakersnews.cz\/index.php\/wp-json\/wp\/v2\/categories?post=63942"},{"taxonomy":"post_tag","embeddable":true,"href":"https:\/\/www.automakersnews.cz\/index.php\/wp-json\/wp\/v2\/tags?post=63942"}],"curies":[{"name":"wp","href":"https:\/\/api.w.org\/{rel}","templated":true}]}}