{"id":64,"date":"2022-01-06T10:57:02","date_gmt":"2022-01-06T10:57:02","guid":{"rendered":"http:\/\/www.automakersnews.cz\/?p=64"},"modified":"2022-01-06T10:57:02","modified_gmt":"2022-01-06T10:57:02","slug":"startuje-anketa-pr-roku-2021-sda","status":"publish","type":"post","link":"https:\/\/www.automakersnews.cz\/index.php\/2022\/01\/06\/startuje-anketa-pr-roku-2021-sda\/","title":{"rendered":"Startuje anketa PR roku 2021 SDA"},"content":{"rendered":"<p><strong>\u010casopis Automakers letos op\u011bt organizuje, ve spolupr\u00e1ci s novin\u00e1\u0159sk\u00fdmi kluby, anketu o nejlep\u0161\u00ed medi\u00e1ln\u00ed servis v r\u00e1mci Svazu dovozc\u016f automobil\u016f v roce 2021. Jak\u00fd bude itiner\u00e1\u0159 sout\u011b\u017ee?<br \/>\n<\/strong><span id=\"more-147229\"><\/span><!--more--><\/p>\n<p>Klub motoristick\u00fdch novin\u00e1\u0159\u016f a Klub motoristick\u00fdch publicist\u016f vyhla\u0161uj\u00ed anketu v novodob\u00e9 historii u\u017e po\u0161est\u00e9.<\/p>\n<p>Jejich \u010dlenov\u00e9 budou moci d\u00e1vat sv\u00e9 hlasy v\u0161em ofici\u00e1ln\u00edm mluv\u010d\u00edm spole\u010dnost\u00ed sdru\u017een\u00fdch v SDA, kte\u0159\u00ed poskytovali PR servis v pr\u016fb\u011bhu roku 2021.<\/p>\n<p>\u201eV lednu 2022 budou distribuov\u00e1ny hlasovac\u00ed l\u00edstky, motoristi\u010dt\u00ed novin\u00e1\u0159i je vypln\u00ed v pr\u016fb\u011bhu \u00fanora, vyhl\u00e1\u0161en\u00ed mana\u017eer\u016f, kte\u0159\u00ed loni poskytovali nejdostupn\u011bj\u0161\u00ed informa\u010dn\u00ed servis pro jejich redakce, chyst\u00e1me na b\u0159ezen,\u201c up\u0159es\u0148uje p\u0159edseda KMN Michal Busta.<\/p>\n<p>Do sout\u011b\u017ee bude op\u011bt nominov\u00e1n ka\u017ed\u00fd mana\u017eer, kter\u00fd obdr\u017e\u00ed alespo\u0148 jeden novin\u00e1\u0159sk\u00fd hlas. Loni takto volilo sv\u00e9 obl\u00edben\u00e9 mluv\u010d\u00ed p\u0159es 20 motonovin\u00e1\u0159\u016f.<\/p>\n<p>\u201eLetos se op\u011bt po\u010d\u00edt\u00e1 s vedlej\u0161\u00ed kategori\u00ed Tiskovka roku,\u201c uvedl \u0161\u00e9fredaktor Automakers Erich Handl s t\u00edm, \u017ee organiza\u010dn\u00ed v\u00fdbor zva\u017euje jin\u00e9 doprovodn\u00e9 kategorie.<\/p>\n<p>\u201eV\u00fdsledky ankety ale ka\u017edop\u00e1dn\u011b dopln\u00edme statistikou po\u010dtu tiskov\u00fdch online \u010di \u017eiv\u00fdch konferenc\u00ed pro motonovin\u00e1\u0159e jednotliv\u00fdch import\u00e9r\u016f v lo\u0148sk\u00e9m roce,\u201c uzav\u0159el Handl.<\/p>\n","protected":false},"excerpt":{"rendered":"<div class=\"mh-excerpt\"><p>\u010casopis Automakers letos op\u011bt organizuje, ve spolupr\u00e1ci s novin\u00e1\u0159sk\u00fdmi kluby, anketu o nejlep\u0161\u00ed medi\u00e1ln\u00ed servis v r\u00e1mci Svazu dovozc\u016f automobil\u016f v roce 2021. Jak\u00fd bude <a class=\"mh-excerpt-more\" href=\"https:\/\/www.automakersnews.cz\/index.php\/2022\/01\/06\/startuje-anketa-pr-roku-2021-sda\/\" title=\"Startuje anketa PR roku 2021 SDA\">[&#8230;]<\/a><\/p>\n<\/div>","protected":false},"author":1,"featured_media":65,"comment_status":"open","ping_status":"open","sticky":false,"template":"","format":"standard","meta":{"footnotes":""},"categories":[7],"tags":[],"class_list":["post-64","post","type-post","status-publish","format-standard","has-post-thumbnail","hentry","category-ankety"],"_links":{"self":[{"href":"https:\/\/www.automakersnews.cz\/index.php\/wp-json\/wp\/v2\/posts\/64","targetHints":{"allow":["GET"]}}],"collection":[{"href":"https:\/\/www.automakersnews.cz\/index.php\/wp-json\/wp\/v2\/posts"}],"about":[{"href":"https:\/\/www.automakersnews.cz\/index.php\/wp-json\/wp\/v2\/types\/post"}],"author":[{"embeddable":true,"href":"https:\/\/www.automakersnews.cz\/index.php\/wp-json\/wp\/v2\/users\/1"}],"replies":[{"embeddable":true,"href":"https:\/\/www.automakersnews.cz\/index.php\/wp-json\/wp\/v2\/comments?post=64"}],"version-history":[{"count":0,"href":"https:\/\/www.automakersnews.cz\/index.php\/wp-json\/wp\/v2\/posts\/64\/revisions"}],"wp:featuredmedia":[{"embeddable":true,"href":"https:\/\/www.automakersnews.cz\/index.php\/wp-json\/wp\/v2\/media\/65"}],"wp:attachment":[{"href":"https:\/\/www.automakersnews.cz\/index.php\/wp-json\/wp\/v2\/media?parent=64"}],"wp:term":[{"taxonomy":"category","embeddable":true,"href":"https:\/\/www.automakersnews.cz\/index.php\/wp-json\/wp\/v2\/categories?post=64"},{"taxonomy":"post_tag","embeddable":true,"href":"https:\/\/www.automakersnews.cz\/index.php\/wp-json\/wp\/v2\/tags?post=64"}],"curies":[{"name":"wp","href":"https:\/\/api.w.org\/{rel}","templated":true}]}}