{"id":64069,"date":"2023-07-13T08:55:07","date_gmt":"2023-07-13T08:55:07","guid":{"rendered":"https:\/\/www.automakersnews.cz\/?p=64069"},"modified":"2023-07-13T08:57:15","modified_gmt":"2023-07-13T08:57:15","slug":"novinari-testovali-jizdni-asistenty-v-uhelnici","status":"publish","type":"post","link":"https:\/\/www.automakersnews.cz\/index.php\/2023\/07\/13\/novinari-testovali-jizdni-asistenty-v-uhelnici\/","title":{"rendered":"Novin\u00e1\u0159i testovali j\u00edzdn\u00ed asistenty v \u00dahelnici"},"content":{"rendered":"<p><strong>\u0160koda Auto sezvala 12. \u010dervence motoristick\u00e9 novin\u00e1\u0159e na sv\u016fj polygon a crashov\u00e9 laborato\u0159e v\u00a0 \u00dahelnici. Absolvovali workshop k v\u00fdvoji aktivn\u00ed bezpe\u010dnosti voz\u016f.<\/strong><!--more--><\/p>\n<p>Polygon v \u00dahelnici m\u00e1 d\u00e9lku 2,5 kilometru, \u0160kodovka pro novin\u00e1\u0159e p\u0159ipravila na jeho dr\u00e1ze celkem \u0161est m\u00edst pro testov\u00e1n\u00ed j\u00edzdn\u00edch asistent\u016f. P\u0159ed ka\u017ed\u00fdm testem absolvovali technick\u00e9 pou\u010den\u00ed od specialist\u016f automobilky.<\/p>\n<p><img loading=\"lazy\" decoding=\"async\" class=\"alignnone size-large wp-image-64074\" src=\"http:\/\/www.automakersnews.cz\/wp-content\/uploads\/2023\/07\/Skoda-media-workshop-polygon-1024x768.jpg\" alt=\"\" width=\"1024\" height=\"768\" srcset=\"https:\/\/www.automakersnews.cz\/wp-content\/uploads\/2023\/07\/Skoda-media-workshop-polygon-1024x768.jpg 1024w, https:\/\/www.automakersnews.cz\/wp-content\/uploads\/2023\/07\/Skoda-media-workshop-polygon-300x225.jpg 300w, https:\/\/www.automakersnews.cz\/wp-content\/uploads\/2023\/07\/Skoda-media-workshop-polygon-768x576.jpg 768w, https:\/\/www.automakersnews.cz\/wp-content\/uploads\/2023\/07\/Skoda-media-workshop-polygon-1536x1152.jpg 1536w, https:\/\/www.automakersnews.cz\/wp-content\/uploads\/2023\/07\/Skoda-media-workshop-polygon-678x509.jpg 678w, https:\/\/www.automakersnews.cz\/wp-content\/uploads\/2023\/07\/Skoda-media-workshop-polygon-326x245.jpg 326w, https:\/\/www.automakersnews.cz\/wp-content\/uploads\/2023\/07\/Skoda-media-workshop-polygon-80x60.jpg 80w, https:\/\/www.automakersnews.cz\/wp-content\/uploads\/2023\/07\/Skoda-media-workshop-polygon.jpg 2040w\" sizes=\"auto, (max-width: 1024px) 100vw, 1024px\" \/><\/p>\n<p>Prvn\u00ed \u010d\u00e1st workshop\u016f zahrnovala testy n\u00e1sleduj\u00edc\u00edch j\u00edzdn\u00edch asistent\u016f:<\/p>\n<ul>\n<li>Bezpe\u010dnost cyklist\u016f a chodc\u016f<\/li>\n<li>Nouzov\u00e9 br\u017ed\u011bn\u00ed &#8211; aktivn\u00ed workshop<\/li>\n<li>Asistent udr\u017eov\u00e1n\u00ed j\u00edzdn\u00edho pruhu &#8211; aktivn\u00ed workshop<\/li>\n<\/ul>\n<p><img loading=\"lazy\" decoding=\"async\" class=\"alignnone size-large wp-image-64104\" src=\"http:\/\/www.automakersnews.cz\/wp-content\/uploads\/2023\/07\/Skoda-Uhelnice-figurina-1024x768.jpg\" alt=\"\" width=\"1024\" height=\"768\" srcset=\"https:\/\/www.automakersnews.cz\/wp-content\/uploads\/2023\/07\/Skoda-Uhelnice-figurina-1024x768.jpg 1024w, https:\/\/www.automakersnews.cz\/wp-content\/uploads\/2023\/07\/Skoda-Uhelnice-figurina-300x225.jpg 300w, https:\/\/www.automakersnews.cz\/wp-content\/uploads\/2023\/07\/Skoda-Uhelnice-figurina-768x576.jpg 768w, https:\/\/www.automakersnews.cz\/wp-content\/uploads\/2023\/07\/Skoda-Uhelnice-figurina-1536x1152.jpg 1536w, https:\/\/www.automakersnews.cz\/wp-content\/uploads\/2023\/07\/Skoda-Uhelnice-figurina-678x509.jpg 678w, https:\/\/www.automakersnews.cz\/wp-content\/uploads\/2023\/07\/Skoda-Uhelnice-figurina-326x245.jpg 326w, https:\/\/www.automakersnews.cz\/wp-content\/uploads\/2023\/07\/Skoda-Uhelnice-figurina-80x60.jpg 80w, https:\/\/www.automakersnews.cz\/wp-content\/uploads\/2023\/07\/Skoda-Uhelnice-figurina.jpg 2040w\" sizes=\"auto, (max-width: 1024px) 100vw, 1024px\" \/><\/p>\n<p>Druh\u00e1 \u010d\u00e1st workshop\u016f nab\u00eddla syst\u00e9m p\u0159\u00edpravy na n\u00e1raz p\u0159ed nehodou a testy asistence p\u0159i vyh\u00fdb\u00e1n\u00ed se nehod\u00e1m.<\/p>\n<p><img loading=\"lazy\" decoding=\"async\" class=\"alignnone size-full wp-image-64073\" src=\"http:\/\/www.automakersnews.cz\/wp-content\/uploads\/2023\/07\/Skoda-Uhelnice-polygon-kolaz.jpg\" alt=\"\" width=\"1008\" height=\"1008\" srcset=\"https:\/\/www.automakersnews.cz\/wp-content\/uploads\/2023\/07\/Skoda-Uhelnice-polygon-kolaz.jpg 1008w, https:\/\/www.automakersnews.cz\/wp-content\/uploads\/2023\/07\/Skoda-Uhelnice-polygon-kolaz-300x300.jpg 300w, https:\/\/www.automakersnews.cz\/wp-content\/uploads\/2023\/07\/Skoda-Uhelnice-polygon-kolaz-150x150.jpg 150w, https:\/\/www.automakersnews.cz\/wp-content\/uploads\/2023\/07\/Skoda-Uhelnice-polygon-kolaz-768x768.jpg 768w\" sizes=\"auto, (max-width: 1008px) 100vw, 1008px\" \/><\/p>\n","protected":false},"excerpt":{"rendered":"<div class=\"mh-excerpt\"><p>\u0160koda Auto sezvala 12. \u010dervence motoristick\u00e9 novin\u00e1\u0159e na sv\u016fj polygon a crashov\u00e9 laborato\u0159e v\u00a0 \u00dahelnici. Absolvovali workshop k v\u00fdvoji aktivn\u00ed bezpe\u010dnosti voz\u016f.<\/p>\n<\/div>","protected":false},"author":1,"featured_media":64072,"comment_status":"open","ping_status":"open","sticky":false,"template":"","format":"standard","meta":{"footnotes":""},"categories":[49,67],"tags":[],"class_list":["post-64069","post","type-post","status-publish","format-standard","has-post-thumbnail","hentry","category-novinari","category-test"],"_links":{"self":[{"href":"https:\/\/www.automakersnews.cz\/index.php\/wp-json\/wp\/v2\/posts\/64069","targetHints":{"allow":["GET"]}}],"collection":[{"href":"https:\/\/www.automakersnews.cz\/index.php\/wp-json\/wp\/v2\/posts"}],"about":[{"href":"https:\/\/www.automakersnews.cz\/index.php\/wp-json\/wp\/v2\/types\/post"}],"author":[{"embeddable":true,"href":"https:\/\/www.automakersnews.cz\/index.php\/wp-json\/wp\/v2\/users\/1"}],"replies":[{"embeddable":true,"href":"https:\/\/www.automakersnews.cz\/index.php\/wp-json\/wp\/v2\/comments?post=64069"}],"version-history":[{"count":0,"href":"https:\/\/www.automakersnews.cz\/index.php\/wp-json\/wp\/v2\/posts\/64069\/revisions"}],"wp:featuredmedia":[{"embeddable":true,"href":"https:\/\/www.automakersnews.cz\/index.php\/wp-json\/wp\/v2\/media\/64072"}],"wp:attachment":[{"href":"https:\/\/www.automakersnews.cz\/index.php\/wp-json\/wp\/v2\/media?parent=64069"}],"wp:term":[{"taxonomy":"category","embeddable":true,"href":"https:\/\/www.automakersnews.cz\/index.php\/wp-json\/wp\/v2\/categories?post=64069"},{"taxonomy":"post_tag","embeddable":true,"href":"https:\/\/www.automakersnews.cz\/index.php\/wp-json\/wp\/v2\/tags?post=64069"}],"curies":[{"name":"wp","href":"https:\/\/api.w.org\/{rel}","templated":true}]}}