{"id":64311,"date":"2023-07-14T06:56:00","date_gmt":"2023-07-14T06:56:00","guid":{"rendered":"https:\/\/www.automakersnews.cz\/?p=64311"},"modified":"2023-07-14T06:56:42","modified_gmt":"2023-07-14T06:56:42","slug":"gebruder-weiss-rozsiri-centralu-v-jenci","status":"publish","type":"post","link":"https:\/\/www.automakersnews.cz\/index.php\/2023\/07\/14\/gebruder-weiss-rozsiri-centralu-v-jenci\/","title":{"rendered":"Gebr\u00fcder Weiss roz\u0161\u00ed\u0159\u00ed centr\u00e1lu v Jen\u010di"},"content":{"rendered":"<p><strong>Gebr\u00fcder Weiss zah\u00e1j\u00ed v srpnu dal\u0161\u00ed roz\u0161i\u0159ov\u00e1n\u00ed centr\u00e1ly v Jen\u010di u Prahy. B\u011bhem p\u016fl roku se sklad rozroste o 4 400 metr\u016f \u010dtvere\u010dn\u00edch na celkovou plochu 25 400 m2. <\/strong><!--more--><\/p>\n<p>\u201eKapacita are\u00e1lu po dostavb\u011b stoupne o 5 000 paletov\u00fdch m\u00edst, co\u017e n\u00e1m umo\u017en\u00ed roz\u0161\u00ed\u0159it portfolio na\u0161ich logistick\u00fdch z\u00e1kazn\u00edk\u016f, kter\u00fdm nab\u00edz\u00edme vysok\u00fd standard slu\u017eeb,\u201c uv\u00e1d\u00ed Karel \u0160indel\u00e1\u0159, oblastn\u00ed \u0159editel Gebr\u00fcder Weiss \u010cR pro oblast \u010cechy.<\/p>\n<p>Celkov\u011b p\u0159ibudou v jene\u010dsk\u00e9m are\u00e1lu dv\u011b skladov\u00e9 haly. Roz\u0161i\u0159ovat se bude tak\u00e9 kapacita pro skladov\u00e1n\u00ed nebezpe\u010dn\u00e9ho zbo\u017e\u00ed, konkr\u00e9tn\u011b o v\u00edce ne\u017e 300 paletov\u00fdch m\u00edst pro ho\u0159laviny 1. a 2. t\u0159\u00eddy a tak\u00e9 pro skladov\u00e1n\u00ed kapaln\u00fdch peroxid\u016f v teplotn\u00edm re\u017eimu. \u201eTato investice je mo\u017en\u00e1 d\u00edky skv\u011bl\u00e9 pr\u00e1ci na\u0161ich zam\u011bstnanc\u016f, kte\u0159\u00ed p\u0159isp\u011bli k dlouhodob\u00e9mu \u00fasp\u011bchu Gebr\u00fcder Weiss na \u010desk\u00e9m trhu,\u201c dod\u00e1v\u00e1 Karel \u0160indel\u00e1\u0159.<\/p>\n<p><img loading=\"lazy\" decoding=\"async\" class=\"alignnone wp-image-64313\" src=\"http:\/\/www.automakersnews.cz\/wp-content\/uploads\/2023\/07\/Celkova-plocha-skladu-se-rozroste-na-25-400-m2-8-small-300x225.jpg\" alt=\"\" width=\"731\" height=\"548\" srcset=\"https:\/\/www.automakersnews.cz\/wp-content\/uploads\/2023\/07\/Celkova-plocha-skladu-se-rozroste-na-25-400-m2-8-small-300x225.jpg 300w, https:\/\/www.automakersnews.cz\/wp-content\/uploads\/2023\/07\/Celkova-plocha-skladu-se-rozroste-na-25-400-m2-8-small-1024x768.jpg 1024w, https:\/\/www.automakersnews.cz\/wp-content\/uploads\/2023\/07\/Celkova-plocha-skladu-se-rozroste-na-25-400-m2-8-small-768x576.jpg 768w, https:\/\/www.automakersnews.cz\/wp-content\/uploads\/2023\/07\/Celkova-plocha-skladu-se-rozroste-na-25-400-m2-8-small-1536x1152.jpg 1536w, https:\/\/www.automakersnews.cz\/wp-content\/uploads\/2023\/07\/Celkova-plocha-skladu-se-rozroste-na-25-400-m2-8-small-678x509.jpg 678w, https:\/\/www.automakersnews.cz\/wp-content\/uploads\/2023\/07\/Celkova-plocha-skladu-se-rozroste-na-25-400-m2-8-small-326x245.jpg 326w, https:\/\/www.automakersnews.cz\/wp-content\/uploads\/2023\/07\/Celkova-plocha-skladu-se-rozroste-na-25-400-m2-8-small-80x60.jpg 80w, https:\/\/www.automakersnews.cz\/wp-content\/uploads\/2023\/07\/Celkova-plocha-skladu-se-rozroste-na-25-400-m2-8-small.jpg 2000w\" sizes=\"auto, (max-width: 731px) 100vw, 731px\" \/><\/p>\n<p>Haly budou modern\u011b vybaven\u00e9 inteligentn\u00edm LED osv\u011btlen\u00edm, jeho\u017e \u010didla reaguj\u00ed na intenzitu venkovn\u00edho sv\u011btla a tak\u00e9 na pohyb lid\u00ed \u010di techniky. Topen\u00ed zajist\u00ed tepeln\u00e1 \u010derpadla, d\u00edky kter\u00fdm bude mo\u017en\u00e9 sklad z\u00e1rove\u0148 v letn\u00edch m\u011bs\u00edc\u00edch chladit. Na m\u00edst\u011b bude i vybaven\u00ed pro pot\u0159ebn\u00fd monitoring teploty a vlhkosti vzduchu.<\/p>\n<p>Nosnost st\u0159ech bude uzp\u016fsobena instalaci fotovoltaick\u00e9 elektr\u00e1rny, se kterou se v budoucnu po\u010d\u00edt\u00e1. \u201eFotovoltaick\u00e9 panely pro v\u00fdrobu sol\u00e1rn\u00ed energie pl\u00e1nuje Gebr\u00fcder Weiss postupn\u011b instalovat i v dal\u0161\u00edch sv\u00fdch pobo\u010dk\u00e1ch, aby tak d\u00e1l sni\u017eoval z\u00e1vislost na omezen\u00fdch zdroj\u00edch,\u201c dod\u00e1v\u00e1 Jan Kodada, \u0159editel obchodu a marketingu Gebr\u00fcder Weiss \u010cR. Ve druh\u00e9m pololet\u00ed leto\u0161n\u00edho roku tak budou instalov\u00e1ny na ji\u017e postavenou \u010d\u00e1st budovy v Jen\u010di u Prahy, stejn\u011b jako na budovu pobo\u010dky v Syrovic\u00edch u Brna.<\/p>\n<p><img loading=\"lazy\" decoding=\"async\" class=\"alignnone wp-image-64314\" src=\"http:\/\/www.automakersnews.cz\/wp-content\/uploads\/2023\/07\/Kapacita-arealu-po-dostavbe-stoupne-o-5-000-paletovych-mist-10-small-300x152.jpg\" alt=\"\" width=\"740\" height=\"375\" srcset=\"https:\/\/www.automakersnews.cz\/wp-content\/uploads\/2023\/07\/Kapacita-arealu-po-dostavbe-stoupne-o-5-000-paletovych-mist-10-small-300x152.jpg 300w, https:\/\/www.automakersnews.cz\/wp-content\/uploads\/2023\/07\/Kapacita-arealu-po-dostavbe-stoupne-o-5-000-paletovych-mist-10-small-1024x520.jpg 1024w, https:\/\/www.automakersnews.cz\/wp-content\/uploads\/2023\/07\/Kapacita-arealu-po-dostavbe-stoupne-o-5-000-paletovych-mist-10-small-768x390.jpg 768w, https:\/\/www.automakersnews.cz\/wp-content\/uploads\/2023\/07\/Kapacita-arealu-po-dostavbe-stoupne-o-5-000-paletovych-mist-10-small-1536x780.jpg 1536w, https:\/\/www.automakersnews.cz\/wp-content\/uploads\/2023\/07\/Kapacita-arealu-po-dostavbe-stoupne-o-5-000-paletovych-mist-10-small.jpg 2000w\" sizes=\"auto, (max-width: 740px) 100vw, 740px\" \/><\/p>\n","protected":false},"excerpt":{"rendered":"<div class=\"mh-excerpt\"><p>Gebr\u00fcder Weiss zah\u00e1j\u00ed v srpnu dal\u0161\u00ed roz\u0161i\u0159ov\u00e1n\u00ed centr\u00e1ly v Jen\u010di u Prahy. B\u011bhem p\u016fl roku se sklad rozroste o 4 400 metr\u016f \u010dtvere\u010dn\u00edch na celkovou <a class=\"mh-excerpt-more\" href=\"https:\/\/www.automakersnews.cz\/index.php\/2023\/07\/14\/gebruder-weiss-rozsiri-centralu-v-jenci\/\" title=\"Gebr\u00fcder Weiss roz\u0161\u00ed\u0159\u00ed centr\u00e1lu v Jen\u010di\">[&#8230;]<\/a><\/p>\n<\/div>","protected":false},"author":4,"featured_media":64312,"comment_status":"open","ping_status":"open","sticky":false,"template":"","format":"standard","meta":{"footnotes":""},"categories":[26,2],"tags":[],"class_list":["post-64311","post","type-post","status-publish","format-standard","has-post-thumbnail","hentry","category-logistika","category-news"],"_links":{"self":[{"href":"https:\/\/www.automakersnews.cz\/index.php\/wp-json\/wp\/v2\/posts\/64311","targetHints":{"allow":["GET"]}}],"collection":[{"href":"https:\/\/www.automakersnews.cz\/index.php\/wp-json\/wp\/v2\/posts"}],"about":[{"href":"https:\/\/www.automakersnews.cz\/index.php\/wp-json\/wp\/v2\/types\/post"}],"author":[{"embeddable":true,"href":"https:\/\/www.automakersnews.cz\/index.php\/wp-json\/wp\/v2\/users\/4"}],"replies":[{"embeddable":true,"href":"https:\/\/www.automakersnews.cz\/index.php\/wp-json\/wp\/v2\/comments?post=64311"}],"version-history":[{"count":0,"href":"https:\/\/www.automakersnews.cz\/index.php\/wp-json\/wp\/v2\/posts\/64311\/revisions"}],"wp:featuredmedia":[{"embeddable":true,"href":"https:\/\/www.automakersnews.cz\/index.php\/wp-json\/wp\/v2\/media\/64312"}],"wp:attachment":[{"href":"https:\/\/www.automakersnews.cz\/index.php\/wp-json\/wp\/v2\/media?parent=64311"}],"wp:term":[{"taxonomy":"category","embeddable":true,"href":"https:\/\/www.automakersnews.cz\/index.php\/wp-json\/wp\/v2\/categories?post=64311"},{"taxonomy":"post_tag","embeddable":true,"href":"https:\/\/www.automakersnews.cz\/index.php\/wp-json\/wp\/v2\/tags?post=64311"}],"curies":[{"name":"wp","href":"https:\/\/api.w.org\/{rel}","templated":true}]}}