{"id":64316,"date":"2023-07-16T19:11:31","date_gmt":"2023-07-16T19:11:31","guid":{"rendered":"https:\/\/www.automakersnews.cz\/?p=64316"},"modified":"2023-07-16T19:11:31","modified_gmt":"2023-07-16T19:11:31","slug":"peugeot-partnerem-under-the-pole","status":"publish","type":"post","link":"https:\/\/www.automakersnews.cz\/index.php\/2023\/07\/16\/peugeot-partnerem-under-the-pole\/","title":{"rendered":"Peugeot partnerem Under The Pole"},"content":{"rendered":"<p><strong>Peugeot se stal ofici\u00e1ln\u00edm partnerem podmo\u0159sk\u00e9ho pr\u016fzkumn\u00e9ho programu Under The Pole, kter\u00fd spojuje expedice po sv\u011bt\u011b, v\u011bdeck\u00fd v\u00fdzkum a osv\u011btu. Zna\u010dka se tak sna\u017e\u00ed p\u0159isp\u011bt k lep\u0161\u00edmu pochopen\u00ed a ochran\u011b oce\u00e1n\u016f. Oba partne\u0159i sd\u00edlej\u00ed vizi, aby v\u00fdzkum p\u0159isp\u00edval k ochran\u011b \u017eivotn\u00edho prost\u0159ed\u00ed.<\/strong><!--more--><\/p>\n<p>Program Under The Pole zalo\u017eili Ghislain Bardout a Emmanuelle P\u00e9ri\u00e9-Bardout v roce 2008 ve francouzsk\u00e9m m\u011bst\u011b Concarneau. Se zna\u010dkou Peugeot ho spojuje ambice vyu\u017e\u00edvat v\u011bdeck\u00e9 poznatky k ochran\u011b oce\u00e1n\u016f.<\/p>\n<p>Zna\u010dka Peugeot se rozhodla k aktivit\u00e1m programu Under The Pole hmatateln\u011b p\u0159isp\u011bt, a poskytne mu proto dva u\u017eitkov\u00e9 vozy Boxer, kter\u00e9 budou moci v\u011bdci pou\u017e\u00edvat pro p\u0159epravu ve\u0161ker\u00e9ho vybaven\u00ed pot\u0159ebn\u00e9ho k pln\u011bn\u00ed jednotliv\u00fdch \u00fakol\u016f programu.<\/p>\n<p><strong>T\u0159i mise programu Under The Pole<\/strong><\/p>\n<p>\u2022 Organizovat inovativn\u00ed expedice po cel\u00e9m sv\u011bt\u011b zam\u011b\u0159en\u00e9 na v\u011bdeck\u00fd pr\u016fzkum oce\u00e1n\u016f, zejm\u00e9na v pol\u00e1rn\u00edch nebo izolovan\u00fdch oblastech;<\/p>\n<p>\u2022 Podporovat v\u011bdeck\u00fd v\u00fdzkum prost\u0159ednictv\u00edm programu Deeplife, kter\u00fd si klade za c\u00edl zkoumat podmo\u0159skou \u017eivo\u010di\u0161n\u00e9 lesy v mezofotick\u00e9 z\u00f3n\u011b (30 a\u017e 200 metr\u016f hluboko) a jejich kl\u00ed\u010dovou roli ve fungov\u00e1n\u00ed mo\u0159sk\u00e9ho ekosyst\u00e9mu;<\/p>\n<p>\u2022 Pracovat na osv\u011bt\u011b a ochran\u011b oce\u00e1n\u016f na z\u00e1klad\u011b p\u0159esv\u011bd\u010den\u00ed, \u017ee znalosti maj\u00ed smysl pouze tehdy, jsou-li sd\u00edleny.<\/p>\n<p><strong>Peugeot se anga\u017euje v oblasti ochrany \u017eivotn\u00edho prost\u0159ed\u00ed<\/strong><\/p>\n<p>Program Under The Pole poskytuje v\u011bdeck\u00e9 poznatky o oce\u00e1nech za \u00fa\u010delem jejich ochrany a Peugeot podobn\u011b neust\u00e1le inovuje, aby co nejv\u011bt\u0161\u00edmu po\u010dtu lid\u00ed nab\u00eddl \u010distou, dostupnou a udr\u017eitelnou mobilitu, a to s glob\u00e1ln\u00edm c\u00edlem: do roku 2038 dos\u00e1hnout nulov\u00fdch emis\u00ed uhl\u00edku.<\/p>\n<p>Pro spln\u011bn\u00ed t\u00e9to ambice si zna\u010dka Peugeot nastolila pl\u00e1n elektrifikace sv\u00fdch produkt\u016f:<\/p>\n<p>\u2022 2023: V\u0161echny modely \u0159ady Peugeot jsou elektrifikovan\u00e9;<\/p>\n<p>\u2022 2025: Ka\u017ed\u00fd model Peugeot bude m\u00edt minim\u00e1ln\u011b jednu pln\u011b elektrickou verzi;<\/p>\n<p>\u2022 2030: 100 % voz\u016f Peugeot prod\u00e1van\u00fdch v Evrop\u011b bude elektrick\u00fdch.<\/p>\n<p>Pl\u00e1n dos\u00e1hnout do roku 2038 nulov\u00fdch emis\u00ed uhl\u00edku v\u0161ak p\u0159ekra\u010duje r\u00e1mec celkov\u00e9 elektrifikace model\u016f Peugeot a zohled\u0148uje tak\u00e9:<\/p>\n<p>\u2022 Materi\u00e1ly pou\u017e\u00edvan\u00e9 p\u0159i v\u00fdvoji a v\u00fdrob\u011b produkt\u016f, zejm\u00e9na pou\u017e\u00edv\u00e1n\u00ed v\u011bt\u0161\u00edho mno\u017estv\u00ed recyklovan\u00fdch materi\u00e1l\u016f;<\/p>\n<p>\u2022 Pou\u017eitou energii, a to sn\u00ed\u017een\u00edm po\u017eadavk\u016f v\u00fdroby a jejich st\u00e1le v\u011bt\u0161\u00edm uspokojov\u00e1n\u00edm pomoc\u00ed obnoviteln\u00fdch zdroj\u016f energie;<\/p>\n<p>\u2022 Zaveden\u00ed ob\u011bhov\u00e9ho hospod\u00e1\u0159stv\u00ed pro materi\u00e1ly a zbo\u017e\u00ed, od n\u00e1vrhu v\u00fdrobku a\u017e po ukon\u010den\u00ed jeho \u017eivotnosti, s co nejv\u011bt\u0161\u00edm vyu\u017eit\u00edm p\u0159\u00edstupu \u201e4R\u201c: Repair (opravit), Remanufacture (repasovat), Reuse (op\u011btovn\u011b pou\u017e\u00edt), Recycle (recyklovat).<\/p>\n<p>Na zah\u00e1jen\u00ed tohoto partnerstv\u00ed p\u0159evzali \u010dlenov\u00e9 t\u00fdmu Under The Pole 29. \u010dervna 2023 dva vozy Peugeot Boxer, kter\u00e9 budou pou\u017e\u00edvat k p\u0159eprav\u011b sv\u00e9ho vybaven\u00ed na budouc\u00edch expedic\u00edch. Prvn\u00ed Peugeot Boxer bude slou\u017eit k ta\u017een\u00ed pot\u00e1p\u011b\u010dsk\u00e9ho \u010dlunu a p\u0159evozu ve\u0161ker\u00e9ho vybaven\u00ed pot\u0159ebn\u00e9ho pro jednotliv\u00e9 mise programu. Druh\u00fd v\u016fz bude pou\u017e\u00edv\u00e1n k ta\u017een\u00ed vzd\u011bl\u00e1vac\u00edho karavanu Under The Pole nap\u0159\u00ed\u010d Franci\u00ed. C\u00edlem t\u00e9to iniciativy je zv\u00fd\u0161it pov\u011bdom\u00ed o oce\u00e1nech mezi \u0161irokou ve\u0159ejnost\u00ed.<\/p>\n<p>P\u0159\u00ed\u0161t\u00ed expedice je napl\u00e1nov\u00e1na na duben 2024. Z\u00e1kulis\u00ed tohoto vzru\u0161uj\u00edc\u00edho dobrodru\u017estv\u00ed i nadch\u00e1zej\u00edc\u00ed mise lze sledovat na webov\u00fdch str\u00e1nk\u00e1ch a soci\u00e1ln\u00edch s\u00edt\u00edch obou partner\u016f.<\/p>\n<p><img loading=\"lazy\" decoding=\"async\" class=\"alignnone wp-image-64320\" src=\"http:\/\/www.automakersnews.cz\/wp-content\/uploads\/2023\/07\/Under-The-Pole-300x200.jpg\" alt=\"\" width=\"1043\" height=\"695\" srcset=\"https:\/\/www.automakersnews.cz\/wp-content\/uploads\/2023\/07\/Under-The-Pole-300x200.jpg 300w, https:\/\/www.automakersnews.cz\/wp-content\/uploads\/2023\/07\/Under-The-Pole-768x512.jpg 768w, https:\/\/www.automakersnews.cz\/wp-content\/uploads\/2023\/07\/Under-The-Pole.jpg 800w\" sizes=\"auto, (max-width: 1043px) 100vw, 1043px\" \/><\/p>\n","protected":false},"excerpt":{"rendered":"<div class=\"mh-excerpt\"><p>Peugeot se stal ofici\u00e1ln\u00edm partnerem podmo\u0159sk\u00e9ho pr\u016fzkumn\u00e9ho programu Under The Pole, kter\u00fd spojuje expedice po sv\u011bt\u011b, v\u011bdeck\u00fd v\u00fdzkum a osv\u011btu. Zna\u010dka se tak sna\u017e\u00ed p\u0159isp\u011bt <a class=\"mh-excerpt-more\" href=\"https:\/\/www.automakersnews.cz\/index.php\/2023\/07\/16\/peugeot-partnerem-under-the-pole\/\" title=\"Peugeot partnerem Under The Pole\">[&#8230;]<\/a><\/p>\n<\/div>","protected":false},"author":4,"featured_media":64321,"comment_status":"open","ping_status":"open","sticky":false,"template":"","format":"standard","meta":{"footnotes":""},"categories":[2],"tags":[],"class_list":["post-64316","post","type-post","status-publish","format-standard","has-post-thumbnail","hentry","category-news"],"_links":{"self":[{"href":"https:\/\/www.automakersnews.cz\/index.php\/wp-json\/wp\/v2\/posts\/64316","targetHints":{"allow":["GET"]}}],"collection":[{"href":"https:\/\/www.automakersnews.cz\/index.php\/wp-json\/wp\/v2\/posts"}],"about":[{"href":"https:\/\/www.automakersnews.cz\/index.php\/wp-json\/wp\/v2\/types\/post"}],"author":[{"embeddable":true,"href":"https:\/\/www.automakersnews.cz\/index.php\/wp-json\/wp\/v2\/users\/4"}],"replies":[{"embeddable":true,"href":"https:\/\/www.automakersnews.cz\/index.php\/wp-json\/wp\/v2\/comments?post=64316"}],"version-history":[{"count":0,"href":"https:\/\/www.automakersnews.cz\/index.php\/wp-json\/wp\/v2\/posts\/64316\/revisions"}],"wp:featuredmedia":[{"embeddable":true,"href":"https:\/\/www.automakersnews.cz\/index.php\/wp-json\/wp\/v2\/media\/64321"}],"wp:attachment":[{"href":"https:\/\/www.automakersnews.cz\/index.php\/wp-json\/wp\/v2\/media?parent=64316"}],"wp:term":[{"taxonomy":"category","embeddable":true,"href":"https:\/\/www.automakersnews.cz\/index.php\/wp-json\/wp\/v2\/categories?post=64316"},{"taxonomy":"post_tag","embeddable":true,"href":"https:\/\/www.automakersnews.cz\/index.php\/wp-json\/wp\/v2\/tags?post=64316"}],"curies":[{"name":"wp","href":"https:\/\/api.w.org\/{rel}","templated":true}]}}