{"id":64323,"date":"2023-07-14T07:30:17","date_gmt":"2023-07-14T07:30:17","guid":{"rendered":"https:\/\/www.automakersnews.cz\/?p=64323"},"modified":"2023-07-14T07:30:17","modified_gmt":"2023-07-14T07:30:17","slug":"personalie-agc-automotive-ridi-hofbauer","status":"publish","type":"post","link":"https:\/\/www.automakersnews.cz\/index.php\/2023\/07\/14\/personalie-agc-automotive-ridi-hofbauer\/","title":{"rendered":"Person\u00e1lie AGC Automotive \u0159\u00edd\u00ed Hofbauer"},"content":{"rendered":"<p><b>Nov\u00fdm person\u00e1ln\u00edm \u0159editelem AGC Automotive Czech, jednoho z nejv\u011bt\u0161\u00edch evropsk\u00fdch z\u00e1vod\u016f na v\u00fdrobu automobilov\u00fdch skel, se stal Ji\u0159\u00ed Hofbauer.<\/b><!--more--><\/p>\n<p>Absolvent Jiho\u010desk\u00e9 univerzity a postgradu\u00e1ln\u00edho studia Person\u00e1ln\u00edho managementu a rozvoje na Nottingham Trent Business School m\u00e1 mnohalet\u00e9 zku\u0161enosti s \u0159\u00edzen\u00edm person\u00e1ln\u00edch odd\u011blen\u00ed ve finan\u010dn\u00edch instituc\u00edch, firem z oblasti FMCG nebo v\u00fdrobn\u00edho z\u00e1vodu.<\/p>\n<p class=\"v1MsoNormal\"><b>Ji\u0159\u00ed Hofbauer, person\u00e1ln\u00ed \u0159editel AGC Automotive Czech:<\/b>\u00a0<i>\u201eM\u00fdm hlavn\u00edm \u00fakolem je upevnit pozici AGC Automotivce Czech na pracovn\u00edm trhu, a to jak pro d\u011blnick\u00e9 profese, tak zejm\u00e9na pro technick\u00e9 specialisty, kter\u00fdch je obecn\u011b na trhu pr\u00e1ce nedostatek. Sou\u010dasn\u011b chci zv\u00fd\u0161it atraktivitu firmy pro mlad\u00e9 talenty. Z\u00e1rove\u0148 chci spole\u010dn\u011b se sv\u00fdm t\u00fdmem implementovat vhodn\u00e9 n\u00e1stroje pro na\u0161e zam\u011bstnance na v\u0161ech \u00farovn\u00edch a posouvat a vylep\u0161ovat atmosf\u00e9ru ve firm\u011b. AGC Automotive Czech o\u010dek\u00e1v\u00e1 rozvoj a tomu chceme p\u0159izp\u016fsobit tak\u00e9 person\u00e1ln\u00ed oblast. Na spolupr\u00e1ci s\u00a0kolegy ve firm\u011b se t\u011b\u0161\u00edm.&#8220;<\/i><\/p>\n<p class=\"v1MsoNormal\"><b>\u00a0<\/b>Ji\u0159\u00ed Hofbauer vystudoval pedagogiku na Jiho\u010desk\u00e9 univerzit\u011b v \u010cesk\u00fdch Bud\u011bjovic\u00edch a dvoulet\u00e9 postgradu\u00e1ln\u00ed studium Person\u00e1ln\u00edho managementu na Nottingham Trent Business School. Od roku 2002 zast\u00e1val vysok\u00e9 mana\u017eersk\u00e9 pozice v person\u00e1ln\u00edch \u00fasec\u00edch \u010cesk\u00e9 spo\u0159itelny, Generali \u010cesk\u00e1 poji\u0161\u0165ovna nebo pro velkoobchodn\u00ed \u0159et\u011bzec Makro v \u010cesku a na Slovensku. V oblasti v\u00fdroby p\u0159ed lety zast\u00e1val funkci HR mana\u017eera v Electric Powersteering Components Europe.<\/p>\n<p class=\"v1MsoNormal\"><strong>AGC Automotive Czech v\u00a0Chude\u0159ic\u00edch<\/strong><\/p>\n<p class=\"v1MsoNormal\">Firma je nejv\u011bt\u0161\u00edm z\u00e1vodem na v\u00fdrobu autoskel skupiny AGC a jedn\u00edm z nejv\u011bt\u0161\u00edch a nejkomplexn\u011bj\u0161\u00edch v Evrop\u011b. Zam\u011bstn\u00e1v\u00e1 zhruba 1700 lid\u00ed. Ka\u017ed\u00e9 \u0161est\u00e9 auto nov\u011b vyroben\u00e9 v Evrop\u011b je kompletn\u011b zaskleno z chude\u0159ick\u00e9 AGC Automotive Czech.<\/p>\n<p class=\"v1MsoNormal\">Skupina AGC je nejv\u011bt\u0161\u00edm sv\u011btov\u00fdm v\u00fdrobcem ploch\u00e9ho skla. AGC Automotive Czech\u00a0dod\u00e1v\u00e1 automobilov\u00e1 skla pro v\u0161echny nejv\u011bt\u0161\u00ed sv\u011btov\u00e9 automobilky, vedle Mercedesu jsou to jednotliv\u00e9 zna\u010dky koncern\u016f Volkswagen, BMW, \u0160koda, GM, FORD, Renault, Toyota, Peugeot, Citro\u00ebn, Suzuki, Fiat a dal\u0161\u00ed.<\/p>\n<p><img loading=\"lazy\" decoding=\"async\" class=\"alignnone size-large wp-image-312\" src=\"http:\/\/www.automakersnews.cz\/wp-content\/uploads\/2022\/07\/Volvo_celni-skla-AGC-1024x684.jpg\" alt=\"\" width=\"1024\" height=\"684\" srcset=\"https:\/\/www.automakersnews.cz\/wp-content\/uploads\/2022\/07\/Volvo_celni-skla-AGC-1024x684.jpg 1024w, https:\/\/www.automakersnews.cz\/wp-content\/uploads\/2022\/07\/Volvo_celni-skla-AGC-300x200.jpg 300w, https:\/\/www.automakersnews.cz\/wp-content\/uploads\/2022\/07\/Volvo_celni-skla-AGC-768x513.jpg 768w, https:\/\/www.automakersnews.cz\/wp-content\/uploads\/2022\/07\/Volvo_celni-skla-AGC-1536x1025.jpg 1536w\" sizes=\"auto, (max-width: 1024px) 100vw, 1024px\" \/><\/p>\n","protected":false},"excerpt":{"rendered":"<div class=\"mh-excerpt\"><p>Nov\u00fdm person\u00e1ln\u00edm \u0159editelem AGC Automotive Czech, jednoho z nejv\u011bt\u0161\u00edch evropsk\u00fdch z\u00e1vod\u016f na v\u00fdrobu automobilov\u00fdch skel, se stal Ji\u0159\u00ed Hofbauer.<\/p>\n<\/div>","protected":false},"author":1,"featured_media":64353,"comment_status":"open","ping_status":"open","sticky":false,"template":"","format":"standard","meta":{"footnotes":""},"categories":[52,3],"tags":[],"class_list":["post-64323","post","type-post","status-publish","format-standard","has-post-thumbnail","hentry","category-kariera","category-personalie"],"_links":{"self":[{"href":"https:\/\/www.automakersnews.cz\/index.php\/wp-json\/wp\/v2\/posts\/64323","targetHints":{"allow":["GET"]}}],"collection":[{"href":"https:\/\/www.automakersnews.cz\/index.php\/wp-json\/wp\/v2\/posts"}],"about":[{"href":"https:\/\/www.automakersnews.cz\/index.php\/wp-json\/wp\/v2\/types\/post"}],"author":[{"embeddable":true,"href":"https:\/\/www.automakersnews.cz\/index.php\/wp-json\/wp\/v2\/users\/1"}],"replies":[{"embeddable":true,"href":"https:\/\/www.automakersnews.cz\/index.php\/wp-json\/wp\/v2\/comments?post=64323"}],"version-history":[{"count":0,"href":"https:\/\/www.automakersnews.cz\/index.php\/wp-json\/wp\/v2\/posts\/64323\/revisions"}],"wp:featuredmedia":[{"embeddable":true,"href":"https:\/\/www.automakersnews.cz\/index.php\/wp-json\/wp\/v2\/media\/64353"}],"wp:attachment":[{"href":"https:\/\/www.automakersnews.cz\/index.php\/wp-json\/wp\/v2\/media?parent=64323"}],"wp:term":[{"taxonomy":"category","embeddable":true,"href":"https:\/\/www.automakersnews.cz\/index.php\/wp-json\/wp\/v2\/categories?post=64323"},{"taxonomy":"post_tag","embeddable":true,"href":"https:\/\/www.automakersnews.cz\/index.php\/wp-json\/wp\/v2\/tags?post=64323"}],"curies":[{"name":"wp","href":"https:\/\/api.w.org\/{rel}","templated":true}]}}