{"id":64514,"date":"2023-07-16T19:54:23","date_gmt":"2023-07-16T19:54:23","guid":{"rendered":"https:\/\/www.automakersnews.cz\/?p=64514"},"modified":"2023-07-16T19:54:43","modified_gmt":"2023-07-16T19:54:43","slug":"amg-driving-academy-jede-7-sezonu","status":"publish","type":"post","link":"https:\/\/www.automakersnews.cz\/index.php\/2023\/07\/16\/amg-driving-academy-jede-7-sezonu\/","title":{"rendered":"AMG Driving Academy jede 7. sez\u00f3nu"},"content":{"rendered":"<p><strong>AMG Driving Academy pokra\u010duje na z\u00e1vodn\u00edch okruz\u00edch v \u010cesk\u00e9 republice sedmou sezonou. Organiz\u00e1to\u0159i vypsali celkem osm term\u00edn\u016f kurzu AMG PERFORMANCE Training, ur\u010den\u00e9ho pro za\u010d\u00e1te\u010dn\u00edky i zku\u0161en\u011bj\u0161\u00ed \u0161of\u00e9ry.<\/strong><!--more--><\/p>\n<p>Pokro\u010dil\u00ed jezdci a \u00fasp\u011b\u0161n\u00ed absolventi prvn\u00edho stupn\u011b mohou letos s \u010deskou AMG Driving Academy zav\u00edtat na okruh N\u00fcrburgring na navazuj\u00edc\u00ed kurz AMG ADVANCED Training, kter\u00fd je organizov\u00e1n ve spolupr\u00e1ci s t\u00fdmem mezin\u00e1rodn\u00ed AMG Driving Academy.<\/p>\n<p>\u201eKomunita majitel\u016f a p\u0159\u00edznivc\u016f voz\u016f Mercedes-AMG se ozna\u010duje jako nejrychlej\u0161\u00ed rodina na sv\u011bt\u011b a na lok\u00e1ln\u00edch akc\u00edch AMG Driving Academy to plat\u00ed dvojn\u00e1sob \u2013 panuje zde p\u0159\u00e1telsk\u00e1 atmosf\u00e9ra fanou\u0161k\u016f technicky vyt\u0159\u00edben\u00fdch voz\u016f, nad\u0161enc\u016f pro j\u00edzdu na z\u00e1vodn\u00edm okruhu, ale i cel\u00fdch rodin, pro kter\u00e9 je vlastnictv\u00ed vozu Mercedes-AMG p\u0159\u00edle\u017eitost\u00ed pozn\u00e1vat nov\u00e1 m\u00edsta a p\u0159\u00e1tele s podobn\u00fdmi z\u00e1jmy. AMG Driving Academy pak v\u0161em d\u00e1v\u00e1 mo\u017enost postupn\u011b zlep\u0161ovat sv\u00e9 \u0159idi\u010dsk\u00e9 schopnosti v bezpe\u010dn\u00e9m prost\u0159ed\u00ed z\u00e1vodn\u00edho okruhu,\u201c \u0159\u00edk\u00e1 Josef Hl\u00e1vka, vedouc\u00ed projektu AMG Driving Academy v \u010cesk\u00e9 republice.<\/p>\n<p>\u201eZ\u00e1jemci si mohou ka\u017ed\u00fd rok vyb\u00edrat z v\u00edce \u00farovn\u00ed, kter\u00e9 se li\u0161\u00ed d\u00e9lkou i n\u00e1ro\u010dnost\u00ed. Vstupn\u00ed branou do sv\u011bta sportovn\u00ed j\u00edzdy na z\u00e1vodn\u00edm okruhu s vozy Mercedes-AMG je z\u00e1rove\u0148 u \u010desk\u00fdch \u00fa\u010dastn\u00edk\u016f nejobl\u00edben\u011bj\u0161\u00ed form\u00e1t AMG PERFORMANCE Training,\u201c dopl\u0148uje Josef Hl\u00e1vka.<\/p>\n<p>V \u010cesk\u00e9 republice se na trat\u00edch v Most\u011b a Brn\u011b konaj\u00ed akce do \u00farovn\u011b AMG PERFORMANCE Training, nadan\u00ed jezdci v\u0161ak mohou sv\u00e9 j\u00edzdn\u00ed schopnosti a zku\u0161enosti d\u00e1le rozv\u00edjet.<\/p>\n<p>Po \u00fasp\u011b\u0161n\u00e9m absolvov\u00e1n\u00ed z\u00edskaj\u00ed \u00fa\u010dastn\u00edci certifik\u00e1t, kter\u00fd je oprav\u0148uje pokra\u010dovat v n\u00e1ro\u010dn\u011bj\u0161\u00edch programech AMG ADVANCED Training, AMG PRO Training \u010di AMG MASTERS. Zde mohou klienti usednout za volant i z\u00e1vodn\u00edch model\u016f r\u016fzn\u00fdch kategori\u00ed, jako jsou Mercedes-AMG GT4, GT3, GT2 \u010di Mercedes-AMG GT Track Series.<\/p>\n<p>Absolutn\u00ed vrchol p\u0159edstavuje n\u011bkolikadenn\u00ed intenzivn\u00ed program AMG TRACKWEEK, kam m\u00ed\u0159\u00ed nej\u010dast\u011bji p\u0159\u00edmo jezdci z\u00e1kaznick\u00fdch t\u00fdm\u016f AMG Customer Racing \u010di majitel\u00e9 hypersportu Mercedes-AMG ONE. P\u0159\u00edznivci sportovn\u00ed j\u00edzdy na sn\u011bhu a ledu zahajuj\u00ed sezonu jako prvn\u00ed v r\u00e1mci \u0161irok\u00e9 nab\u00eddky kurz\u016f AMG Experience ve \u0160v\u00e9dsku a Rakousku.<\/p>\n<p>\u00da\u010dastn\u00edci jsou na kurzech vedeni zku\u0161en\u00fdmi instruktory, z nich\u017e mnoz\u00ed jsou aktivn\u00edmi nebo b\u00fdval\u00fdmi z\u00e1vodn\u00edky. V \u010cesk\u00e9 republice p\u011btici instruktor\u016f AMG Driving Academy tvo\u0159\u00ed Martin Semer\u00e1d, Ale\u0161 Jir\u00e1sek, Jakub Michalovi\u010d, Adam Lacko a Tom\u00e1\u0161 Peka\u0159. Akce jsou ur\u010deny pro men\u0161\u00ed skupiny \u0159idi\u010d\u016f, aby si ka\u017ed\u00fd vyzkou\u0161el v\u0161e pot\u0159ebn\u00e9 a instrukto\u0159i se mohli \u00fa\u010dastn\u00edk\u016fm d\u016fkladn\u011b v\u011bnovat.<\/p>\n<p>B\u011bhem \u0161kolen\u00ed se jezd\u00ed s flotilou voz\u016f Mercedes-AMG, od \u0159idi\u010dsky obl\u00edben\u00e9ho a v\u0161estrann\u00e9ho A 45 S 4MATIC+ p\u0159es ikonick\u00e9 SL 63 4MATIC+ a\u017e po pln\u011b elektrickou novinku Mercedes-AMG EQE 53 4MATIC+, kter\u00e1 na okruhu ohromuje kombinac\u00ed razantn\u00edho zrychlen\u00ed a jist\u00e9 trakce. Nejv\u00fdkonn\u011bj\u0161\u00edm vozem v portfoliu je AMG GT 63 S E Performance, s v\u00fdkonem 620 kW (843 k) pokra\u010duje v odkazu zna\u010dky, kter\u00e1 m\u00e1 \u0159adu sv\u00fdch historick\u00fdch miln\u00edk\u016f pr\u00e1v\u011b v podob\u011b extr\u00e9mn\u011b v\u00fdkonn\u00fdch 4dve\u0159ov\u00fdch voz\u016f.<\/p>\n<p>V druh\u00e9 polovin\u011b sezony bude p\u0159\u00edle\u017eitost sezn\u00e1mit se s atraktivn\u00ed novinkou \u2013 vozem Mercedes-AMG C 63 S E Performance. Tento model p\u0159edstavuje zlomovou zm\u011bnu v 55let\u00e9 historii zna\u010dky AMG d\u00edky pou\u017eit\u00e9 hybridn\u00ed technologii p\u016fvodem z voz\u016f formule 1. Kombinace spalovac\u00edho motoru vp\u0159edu a v\u00fdkonn\u00e9ho elektromotoru vzadu nab\u00edz\u00ed naprosto ojedin\u011bl\u00e9 j\u00edzdn\u00ed v\u00fdkony: celkov\u00fd nejvy\u0161\u0161\u00ed v\u00fdkon \u010din\u00ed 500 kW (680 k), celkov\u00fd maxim\u00e1ln\u00ed to\u010div\u00fd moment dosahuje 1020 Nm.<\/p>\n","protected":false},"excerpt":{"rendered":"<div class=\"mh-excerpt\"><p>AMG Driving Academy pokra\u010duje na z\u00e1vodn\u00edch okruz\u00edch v \u010cesk\u00e9 republice sedmou sezonou. Organiz\u00e1to\u0159i vypsali celkem osm term\u00edn\u016f kurzu AMG PERFORMANCE Training, ur\u010den\u00e9ho pro za\u010d\u00e1te\u010dn\u00edky i <a class=\"mh-excerpt-more\" href=\"https:\/\/www.automakersnews.cz\/index.php\/2023\/07\/16\/amg-driving-academy-jede-7-sezonu\/\" title=\"AMG Driving Academy jede 7. sez\u00f3nu\">[&#8230;]<\/a><\/p>\n<\/div>","protected":false},"author":4,"featured_media":44787,"comment_status":"open","ping_status":"open","sticky":false,"template":"","format":"standard","meta":{"footnotes":""},"categories":[2],"tags":[],"class_list":["post-64514","post","type-post","status-publish","format-standard","has-post-thumbnail","hentry","category-news"],"_links":{"self":[{"href":"https:\/\/www.automakersnews.cz\/index.php\/wp-json\/wp\/v2\/posts\/64514","targetHints":{"allow":["GET"]}}],"collection":[{"href":"https:\/\/www.automakersnews.cz\/index.php\/wp-json\/wp\/v2\/posts"}],"about":[{"href":"https:\/\/www.automakersnews.cz\/index.php\/wp-json\/wp\/v2\/types\/post"}],"author":[{"embeddable":true,"href":"https:\/\/www.automakersnews.cz\/index.php\/wp-json\/wp\/v2\/users\/4"}],"replies":[{"embeddable":true,"href":"https:\/\/www.automakersnews.cz\/index.php\/wp-json\/wp\/v2\/comments?post=64514"}],"version-history":[{"count":0,"href":"https:\/\/www.automakersnews.cz\/index.php\/wp-json\/wp\/v2\/posts\/64514\/revisions"}],"wp:featuredmedia":[{"embeddable":true,"href":"https:\/\/www.automakersnews.cz\/index.php\/wp-json\/wp\/v2\/media\/44787"}],"wp:attachment":[{"href":"https:\/\/www.automakersnews.cz\/index.php\/wp-json\/wp\/v2\/media?parent=64514"}],"wp:term":[{"taxonomy":"category","embeddable":true,"href":"https:\/\/www.automakersnews.cz\/index.php\/wp-json\/wp\/v2\/categories?post=64514"},{"taxonomy":"post_tag","embeddable":true,"href":"https:\/\/www.automakersnews.cz\/index.php\/wp-json\/wp\/v2\/tags?post=64514"}],"curies":[{"name":"wp","href":"https:\/\/api.w.org\/{rel}","templated":true}]}}