{"id":647,"date":"2022-10-24T08:47:35","date_gmt":"2022-10-24T08:47:35","guid":{"rendered":"https:\/\/www.automakersnews.cz\/?p=647"},"modified":"2022-10-24T08:47:35","modified_gmt":"2022-10-24T08:47:35","slug":"rusko-v-prosinci-obnovi-vyrobu-moskvicu","status":"publish","type":"post","link":"https:\/\/www.automakersnews.cz\/index.php\/2022\/10\/24\/rusko-v-prosinci-obnovi-vyrobu-moskvicu\/","title":{"rendered":"Rusko v prosinci obnov\u00ed v\u00fdrobu moskvi\u010d\u016f"},"content":{"rendered":"<p><strong>Rusko pl\u00e1nuje letos v prosinci obnovit v\u00fdrobu automobil\u016f zna\u010dky Moskvi\u010d ze sov\u011btsk\u00e9 \u00e9ry, uvedl podle agentury Reuters moskevsk\u00fd starosta Sergej Sobjanin. O\u017eiven\u00ed zanikl\u00e9 automobilov\u00e9 zna\u010dky inicioval odchod Renaultu z rusk\u00e9ho automobilov\u00e9ho trhu kv\u016fli rusk\u00e9 invazi na Ukrajinu.<\/strong> <!--more--><\/p>\n<div class=\"e_a7\" data-dot=\"mol-paragraph\">\n<p class=\"c_a7\"><span class=\"c_bU\">Kontroln\u00ed pod\u00edl v\u00a0moskevsk\u00e9 tov\u00e1rn\u011b, v\u00a0jej\u00edch\u017e hal\u00e1ch se p\u0159ed renaulty vyr\u00e1b\u011bly pr\u00e1v\u011b moskvi\u010de, francouzsk\u00e1 automobilka prodala m\u011bstu Moskva. Sobjanin v\u00a0kv\u011btnu uvedl, \u017ee v\u00a0tov\u00e1rn\u011b zachov\u00e1 pracovn\u00ed m\u00edsta a\u00a0obnov\u00ed v\u00fdrobu moskvi\u010d\u016f. Zna\u010dka Moskvi\u010d byla zalo\u017eena kolem roku 1930\u00a0a\u00a0fungovala a\u017e do roku 1991.<\/span><\/p>\n<\/div>\n<div class=\"e_a7\" data-dot=\"mol-paragraph\">\n<p class=\"c_a7\"><span class=\"c_bU\">\u201eAutomobilov\u00fd pr\u016fmysl letos v\u00e1\u017en\u011b propadl, ale p\u0159esto douf\u00e1m, \u017ee se n\u00e1m s\u00a0pomoc\u00ed ministerstva pr\u016fmyslu a\u00a0obchodu poda\u0159\u00ed z\u00e1vod v\u00a0prosinci spustit,\u201c \u0159ekl podle agentury Interfax Sobjanin. Z\u00e1vod pl\u00e1nuje letos vyrobit 600\u00a0aut, z\u00a0toho 200\u00a0elektromobil\u016f. V\u00a0n\u00e1sleduj\u00edc\u00edm roce m\u00e1 z\u00a0tov\u00e1rn\u00edch hal vyjet 50\u00a0000\u00a0voz\u016f.<\/span><\/p>\n<\/div>\n<div class=\"e_a7\" data-dot=\"mol-paragraph\">\n<p class=\"c_a7\"><span class=\"c_bU\">Zat\u00edm nen\u00ed jasn\u00e9, o\u00a0jak\u00e9 automobily p\u016fjde. Posledn\u00ed modelem zna\u010dky byl sedan 2142, kter\u00fd se vyr\u00e1b\u011bl v\u00a0letech 1997\u00a0a\u017e 2001.<\/span><\/p>\n<\/div>\n","protected":false},"excerpt":{"rendered":"<div class=\"mh-excerpt\"><p>Rusko pl\u00e1nuje letos v prosinci obnovit v\u00fdrobu automobil\u016f zna\u010dky Moskvi\u010d ze sov\u011btsk\u00e9 \u00e9ry, uvedl podle agentury Reuters moskevsk\u00fd starosta Sergej Sobjanin. O\u017eiven\u00ed zanikl\u00e9 automobilov\u00e9 zna\u010dky <a class=\"mh-excerpt-more\" href=\"https:\/\/www.automakersnews.cz\/index.php\/2022\/10\/24\/rusko-v-prosinci-obnovi-vyrobu-moskvicu\/\" title=\"Rusko v prosinci obnov\u00ed v\u00fdrobu moskvi\u010d\u016f\">[&#8230;]<\/a><\/p>\n<\/div>","protected":false},"author":1,"featured_media":648,"comment_status":"open","ping_status":"open","sticky":false,"template":"","format":"standard","meta":{"footnotes":""},"categories":[9,2],"tags":[],"class_list":["post-647","post","type-post","status-publish","format-standard","has-post-thumbnail","hentry","category-investice","category-news"],"_links":{"self":[{"href":"https:\/\/www.automakersnews.cz\/index.php\/wp-json\/wp\/v2\/posts\/647","targetHints":{"allow":["GET"]}}],"collection":[{"href":"https:\/\/www.automakersnews.cz\/index.php\/wp-json\/wp\/v2\/posts"}],"about":[{"href":"https:\/\/www.automakersnews.cz\/index.php\/wp-json\/wp\/v2\/types\/post"}],"author":[{"embeddable":true,"href":"https:\/\/www.automakersnews.cz\/index.php\/wp-json\/wp\/v2\/users\/1"}],"replies":[{"embeddable":true,"href":"https:\/\/www.automakersnews.cz\/index.php\/wp-json\/wp\/v2\/comments?post=647"}],"version-history":[{"count":0,"href":"https:\/\/www.automakersnews.cz\/index.php\/wp-json\/wp\/v2\/posts\/647\/revisions"}],"wp:featuredmedia":[{"embeddable":true,"href":"https:\/\/www.automakersnews.cz\/index.php\/wp-json\/wp\/v2\/media\/648"}],"wp:attachment":[{"href":"https:\/\/www.automakersnews.cz\/index.php\/wp-json\/wp\/v2\/media?parent=647"}],"wp:term":[{"taxonomy":"category","embeddable":true,"href":"https:\/\/www.automakersnews.cz\/index.php\/wp-json\/wp\/v2\/categories?post=647"},{"taxonomy":"post_tag","embeddable":true,"href":"https:\/\/www.automakersnews.cz\/index.php\/wp-json\/wp\/v2\/tags?post=647"}],"curies":[{"name":"wp","href":"https:\/\/api.w.org\/{rel}","templated":true}]}}