{"id":650,"date":"2022-10-24T08:51:35","date_gmt":"2022-10-24T08:51:35","guid":{"rendered":"https:\/\/www.automakersnews.cz\/?p=650"},"modified":"2022-10-24T08:51:35","modified_gmt":"2022-10-24T08:51:35","slug":"nemecko-chce-milion-dobijecek-pro-elektroauta","status":"publish","type":"post","link":"https:\/\/www.automakersnews.cz\/index.php\/2022\/10\/24\/nemecko-chce-milion-dobijecek-pro-elektroauta\/","title":{"rendered":"N\u011bmecko chce milion dob\u00edje\u010dek pro elektroauta"},"content":{"rendered":"<div class=\"e_a7\" data-dot=\"mol-paragraph\">\n<p class=\"c_a7\"><span class=\"c_bU\"><strong>N\u011bmecko chce m\u00edt do konce tohoto desetilet\u00ed milion ve\u0159ejn\u00fdch dob\u00edjec\u00edch stanic pro elektrick\u00e1 auta, nyn\u00ed jich m\u00e1 zhruba 70\u00a0tis\u00edc. Po\u010d\u00edt\u00e1 s\u00a0t\u00edm rozvojov\u00fd pl\u00e1n, kter\u00fd ve st\u0159edu 19.\u00a0\u0159\u00edjna schv\u00e1lila spolkov\u00e1 vl\u00e1da.<\/strong> <\/span><\/p>\n<\/div>\n<p><!--more--><\/p>\n<div class=\"e_a7\" data-dot=\"mol-paragraph\">\n<p class=\"c_a7\"><span class=\"c_bU\">Ministr dopravy Volker Wissing na tiskov\u00e9 konferenci \u0159ekl, \u017ee kl\u00ed\u010dem rozvoje elektromobility jsou co nejdostupn\u011bj\u0161\u00ed dob\u00edjec\u00ed stanice<\/span><\/p>\n<p class=\"c_a7\"><span class=\"c_bU\">\u201eDob\u00edjen\u00ed bude tak jednoduch\u00e9 a\u00a0samoz\u0159ejm\u00e9, jako je nyn\u00ed tankov\u00e1n\u00ed. A\u00a0mo\u017en\u00e1 je\u0161t\u011b komfortn\u011bj\u0161\u00ed,\u201c \u0159ekl Wissing. Pl\u00e1n rozvoje po\u010d\u00edt\u00e1 nejen s\u00a0v\u00edce dob\u00edjec\u00edmi m\u00edsty, ale tak\u00e9 s\u00a0t\u00edm, aby o\u00a0jejich provozu m\u011bli majitel\u00e9 elektromobil\u016f p\u0159edem p\u0159ehled. \u201eKa\u017ed\u00fd by m\u011bl v\u011bd\u011bt, kolik nab\u00edjen\u00ed stoj\u00ed a\u00a0zda je stanice voln\u00e1. V\u00a0budoucnu tak budou k\u00a0dispozici aktu\u00e1ln\u00ed \u00fadaje o\u00a0cen\u011b \u010di vyt\u00ed\u017eenosti,\u201c \u0159ekl ministr<\/span>.<\/p>\n<p class=\"c_a7\"><img loading=\"lazy\" decoding=\"async\" class=\"alignnone size-medium wp-image-286\" src=\"http:\/\/www.automakersnews.cz\/wp-content\/uploads\/2022\/07\/Ilustracni_elektromobil-small-2-300x200.jpg\" alt=\"\" width=\"300\" height=\"200\" srcset=\"https:\/\/www.automakersnews.cz\/wp-content\/uploads\/2022\/07\/Ilustracni_elektromobil-small-2-300x200.jpg 300w, https:\/\/www.automakersnews.cz\/wp-content\/uploads\/2022\/07\/Ilustracni_elektromobil-small-2.jpg 627w\" sizes=\"auto, (max-width: 300px) 100vw, 300px\" \/><!--more--><\/p>\n<\/div>\n","protected":false},"excerpt":{"rendered":"<div class=\"mh-excerpt\"><p>N\u011bmecko chce m\u00edt do konce tohoto desetilet\u00ed milion ve\u0159ejn\u00fdch dob\u00edjec\u00edch stanic pro elektrick\u00e1 auta, nyn\u00ed jich m\u00e1 zhruba 70\u00a0tis\u00edc. Po\u010d\u00edt\u00e1 s\u00a0t\u00edm rozvojov\u00fd pl\u00e1n, kter\u00fd ve <a class=\"mh-excerpt-more\" href=\"https:\/\/www.automakersnews.cz\/index.php\/2022\/10\/24\/nemecko-chce-milion-dobijecek-pro-elektroauta\/\" title=\"N\u011bmecko chce milion dob\u00edje\u010dek pro elektroauta\">[&#8230;]<\/a><\/p>\n<\/div>","protected":false},"author":1,"featured_media":338,"comment_status":"open","ping_status":"open","sticky":false,"template":"","format":"standard","meta":{"footnotes":""},"categories":[22],"tags":[],"class_list":["post-650","post","type-post","status-publish","format-standard","has-post-thumbnail","hentry","category-elektromobily"],"_links":{"self":[{"href":"https:\/\/www.automakersnews.cz\/index.php\/wp-json\/wp\/v2\/posts\/650","targetHints":{"allow":["GET"]}}],"collection":[{"href":"https:\/\/www.automakersnews.cz\/index.php\/wp-json\/wp\/v2\/posts"}],"about":[{"href":"https:\/\/www.automakersnews.cz\/index.php\/wp-json\/wp\/v2\/types\/post"}],"author":[{"embeddable":true,"href":"https:\/\/www.automakersnews.cz\/index.php\/wp-json\/wp\/v2\/users\/1"}],"replies":[{"embeddable":true,"href":"https:\/\/www.automakersnews.cz\/index.php\/wp-json\/wp\/v2\/comments?post=650"}],"version-history":[{"count":0,"href":"https:\/\/www.automakersnews.cz\/index.php\/wp-json\/wp\/v2\/posts\/650\/revisions"}],"wp:featuredmedia":[{"embeddable":true,"href":"https:\/\/www.automakersnews.cz\/index.php\/wp-json\/wp\/v2\/media\/338"}],"wp:attachment":[{"href":"https:\/\/www.automakersnews.cz\/index.php\/wp-json\/wp\/v2\/media?parent=650"}],"wp:term":[{"taxonomy":"category","embeddable":true,"href":"https:\/\/www.automakersnews.cz\/index.php\/wp-json\/wp\/v2\/categories?post=650"},{"taxonomy":"post_tag","embeddable":true,"href":"https:\/\/www.automakersnews.cz\/index.php\/wp-json\/wp\/v2\/tags?post=650"}],"curies":[{"name":"wp","href":"https:\/\/api.w.org\/{rel}","templated":true}]}}