{"id":65463,"date":"2023-07-18T07:46:59","date_gmt":"2023-07-18T07:46:59","guid":{"rendered":"https:\/\/www.automakersnews.cz\/?p=65463"},"modified":"2023-07-18T10:59:56","modified_gmt":"2023-07-18T10:59:56","slug":"toyota-gratuluje-barbore-strycove","status":"publish","type":"post","link":"https:\/\/www.automakersnews.cz\/index.php\/2023\/07\/18\/toyota-gratuluje-barbore-strycove\/","title":{"rendered":"Toyota gratuluje Barbo\u0159e Str\u00fdcov\u00e9 (VIDEO)"},"content":{"rendered":"<p><strong>Ambasadorka Toyoty Barbora Str\u00fdcov\u00e1 dok\u00e1zala se spoluhr\u00e1\u010dkou Sie \u0160u-wej u\u017e podruh\u00e9 zv\u00edt\u011bzit ve fin\u00e1le \u010dty\u0159hry na Wimbledonu. Automobilka hr\u00e1\u010dce pogratulovala, \u0161\u00e9f importu Martin Pele\u0161ka p\u0159ipomn\u011bl na\u0161emu \u010dasopisu v\u0161echny leto\u0161n\u00ed ambasadory zna\u010dek Toyota i Lexus.<\/strong><!--more--><\/p>\n<p align=\"JUSTIFY\"><span style=\"font-family: Arial, serif;\">&#8222;Team Toyota m\u00e1 nyn\u00ed ji\u017e 14 \u010dlen\u016f. \u0158ady na\u0161ich sportovn\u00edch ambasador\u016f \u2013 Barboru Str\u00fdcovou, Luk\u00e1\u0161e Rohana, Nikolu Ogrodn\u00edkovou, Davida a Tom\u00e1\u0161e Svobodovi, Kristiinu M\u00e4ki, Maxima Habance, Barboru Seemanovou, Annu Luxovou a Martina Fuksu \u2013 vloni roz\u0161\u00ed\u0159il \u0161erm\u00ed\u0159 Alexander Choupenitch, a tak\u00e9 mlad\u00fd dokumentarista a ochr\u00e1nce p\u0159\u00edrody Prokop Pithart a dvojice Taste of Prague, kter\u00e1 se v\u011bnuje gastronomii a s n\u00ed spojen\u00e9mu cestov\u00e1n\u00ed,&#8220; uvedl \u0161\u00e9f importu v rozhovoru pro Automakers na za\u010d\u00e1tku leto\u0161n\u00edho roku.<br \/>\n<\/span><\/p>\n<figure id=\"attachment_65498\" aria-describedby=\"caption-attachment-65498\" style=\"width: 1024px\" class=\"wp-caption alignnone\"><img loading=\"lazy\" decoding=\"async\" class=\"size-large wp-image-65498\" src=\"http:\/\/www.automakersnews.cz\/wp-content\/uploads\/2023\/07\/Strycova-Handl-1024x768.jpg\" alt=\"\" width=\"1024\" height=\"768\" srcset=\"https:\/\/www.automakersnews.cz\/wp-content\/uploads\/2023\/07\/Strycova-Handl-1024x768.jpg 1024w, https:\/\/www.automakersnews.cz\/wp-content\/uploads\/2023\/07\/Strycova-Handl-300x225.jpg 300w, https:\/\/www.automakersnews.cz\/wp-content\/uploads\/2023\/07\/Strycova-Handl-768x576.jpg 768w, https:\/\/www.automakersnews.cz\/wp-content\/uploads\/2023\/07\/Strycova-Handl-1536x1152.jpg 1536w, https:\/\/www.automakersnews.cz\/wp-content\/uploads\/2023\/07\/Strycova-Handl-678x509.jpg 678w, https:\/\/www.automakersnews.cz\/wp-content\/uploads\/2023\/07\/Strycova-Handl-326x245.jpg 326w, https:\/\/www.automakersnews.cz\/wp-content\/uploads\/2023\/07\/Strycova-Handl-80x60.jpg 80w, https:\/\/www.automakersnews.cz\/wp-content\/uploads\/2023\/07\/Strycova-Handl.jpg 2048w\" sizes=\"auto, (max-width: 1024px) 100vw, 1024px\" \/><figcaption id=\"caption-attachment-65498\" class=\"wp-caption-text\">Gratulaci p\u0159ipojil i \u0161\u00e9fredaktor Automakers Erich Handl<\/figcaption><\/figure>\n<p align=\"JUSTIFY\"><span style=\"font-family: Arial, serif;\">Zna\u010dka Lexus pokra\u010duje ve spolupr\u00e1ci se \u0161\u00e9fkucha\u0159em Zde\u0148kem Pohlreichem, here\u010dkou Terezou Ramba, m\u00f3dn\u00edm n\u00e1vrh\u00e1\u0159em Janem \u010cern\u00fdm a pilotem Petrem Kopfsteinem.<br \/>\n<\/span><\/p>\n<p align=\"JUSTIFY\"><iframe loading=\"lazy\"  style=\"display: block; margin: 0px auto;\"  id=\"_ytid_17883\"  width=\"800\" height=\"450\"  data-origwidth=\"800\" data-origheight=\"450\" src=\"https:\/\/www.youtube.com\/embed\/-r8ZHbOAhcg?enablejsapi=1&autoplay=1&cc_load_policy=0&iv_load_policy=1&loop=1&playlist=-r8ZHbOAhcg&modestbranding=0&fs=1&playsinline=0&controls=1&color=red&cc_lang_pref=&rel=1&autohide=2&theme=dark&\" class=\"__youtube_prefs__  no-lazyload\" title=\"YouTube player\"  allow=\"accelerometer; autoplay; clipboard-write; encrypted-media; gyroscope; picture-in-picture\" allowfullscreen data-no-lazy=\"1\" data-skipgform_ajax_framebjll=\"\"><\/iframe><\/p>\n<p>&nbsp;<\/p>\n","protected":false},"excerpt":{"rendered":"<div class=\"mh-excerpt\"><p>Ambasadorka Toyoty Barbora Str\u00fdcov\u00e1 dok\u00e1zala se spoluhr\u00e1\u010dkou Sie \u0160u-wej u\u017e podruh\u00e9 zv\u00edt\u011bzit ve fin\u00e1le \u010dty\u0159hry na Wimbledonu. Automobilka hr\u00e1\u010dce pogratulovala, \u0161\u00e9f importu Martin Pele\u0161ka p\u0159ipomn\u011bl <a class=\"mh-excerpt-more\" href=\"https:\/\/www.automakersnews.cz\/index.php\/2023\/07\/18\/toyota-gratuluje-barbore-strycove\/\" title=\"Toyota gratuluje Barbo\u0159e Str\u00fdcov\u00e9 (VIDEO)\">[&#8230;]<\/a><\/p>\n<\/div>","protected":false},"author":1,"featured_media":65465,"comment_status":"open","ping_status":"open","sticky":false,"template":"","format":"standard","meta":{"footnotes":""},"categories":[37,18],"tags":[],"class_list":["post-65463","post","type-post","status-publish","format-standard","has-post-thumbnail","hentry","category-importeri","category-sponzoring"],"_links":{"self":[{"href":"https:\/\/www.automakersnews.cz\/index.php\/wp-json\/wp\/v2\/posts\/65463","targetHints":{"allow":["GET"]}}],"collection":[{"href":"https:\/\/www.automakersnews.cz\/index.php\/wp-json\/wp\/v2\/posts"}],"about":[{"href":"https:\/\/www.automakersnews.cz\/index.php\/wp-json\/wp\/v2\/types\/post"}],"author":[{"embeddable":true,"href":"https:\/\/www.automakersnews.cz\/index.php\/wp-json\/wp\/v2\/users\/1"}],"replies":[{"embeddable":true,"href":"https:\/\/www.automakersnews.cz\/index.php\/wp-json\/wp\/v2\/comments?post=65463"}],"version-history":[{"count":0,"href":"https:\/\/www.automakersnews.cz\/index.php\/wp-json\/wp\/v2\/posts\/65463\/revisions"}],"wp:featuredmedia":[{"embeddable":true,"href":"https:\/\/www.automakersnews.cz\/index.php\/wp-json\/wp\/v2\/media\/65465"}],"wp:attachment":[{"href":"https:\/\/www.automakersnews.cz\/index.php\/wp-json\/wp\/v2\/media?parent=65463"}],"wp:term":[{"taxonomy":"category","embeddable":true,"href":"https:\/\/www.automakersnews.cz\/index.php\/wp-json\/wp\/v2\/categories?post=65463"},{"taxonomy":"post_tag","embeddable":true,"href":"https:\/\/www.automakersnews.cz\/index.php\/wp-json\/wp\/v2\/tags?post=65463"}],"curies":[{"name":"wp","href":"https:\/\/api.w.org\/{rel}","templated":true}]}}