{"id":65501,"date":"2023-07-18T08:10:38","date_gmt":"2023-07-18T08:10:38","guid":{"rendered":"https:\/\/www.automakersnews.cz\/?p=65501"},"modified":"2023-07-18T08:10:38","modified_gmt":"2023-07-18T08:10:38","slug":"cinska-saic-chce-postavit-tovarnu-v-evrope","status":"publish","type":"post","link":"https:\/\/www.automakersnews.cz\/index.php\/2023\/07\/18\/cinska-saic-chce-postavit-tovarnu-v-evrope\/","title":{"rendered":"\u010c\u00ednsk\u00e1 SAIC chce postavit tov\u00e1rnu v Evrop\u011b"},"content":{"rendered":"<p class=\"c_dq g_fr speakable\" data-dot=\"ogm-article-perex\"><strong>Nejv\u011bt\u0161\u00ed \u010d\u00ednsk\u00e1 automobilka SAIC Motor m\u00e1 v\u00a0pl\u00e1nu postavit svou tov\u00e1rnu v\u00a0Evrop\u011b. Vyr\u00e1b\u011bt se v\u00a0n\u00ed maj\u00ed pouze automobily na elektrick\u00fd pohon, p\u00ed\u0161e server BBC News.<\/strong><!--more--><\/p>\n<p class=\"c_dq g_fr speakable\" data-dot=\"ogm-article-perex\">\u010c\u00ednsk\u00fd koncern vlastn\u00ed anglickou zna\u010dku MG, v\u00fdroba t\u011bchto voz\u016f v\u00a0Brit\u00e1nii v\u0161ak skon\u010dila v\u00a0roce 2016.\u00a0\u010c\u00ednsk\u00e1 automobilka tvrd\u00ed, \u017ee v\u00a0lo\u0148sk\u00e9m roce prodala v\u00a0Evrop\u011b p\u0159es 100\u00a0000\u00a0voz\u016f.<\/p>\n<div class=\"g_fs\">\n<div class=\"ogm-main-media__container\" data-dot=\"ogm-main-media\" data-e2e=\"ogm-main-media\">\n<figure class=\"e_br\" aria-label=\"Galerie MG ZS\" data-dot=\"mol-figure\" data-dot-data=\"{&quot;mediaItemType&quot;:&quot;foto&quot;}\">\n<div class=\"c_aK e_bs\">\n<div class=\"c_aL\" tabindex=\"0\"><\/div>\n<\/div>\n<\/figure>\n<\/div>\n<\/div>\n<div class=\"ogm-container _6231b388c0086990921bf42b\">\n<div class=\"g_fy\" data-e2e=\"ogm-article-layout\">\n<article class=\"g_fA\" role=\"article\" aria-labelledby=\"accessibility-article\">\n<h6 id=\"accessibility-article\" class=\"c_aF c_aJ\"><span style=\"font-size: 16px;\">Mluv\u010d\u00ed \u010d\u00ednsk\u00e9 automobilky \u0159ekl stanici BBC, \u017ee koncern detaily operace st\u00e1le dola\u010fuje. Nen\u00ed tak jasn\u00e9, kam se chyst\u00e1 novou tov\u00e1rnu um\u00edstit a kdy by m\u011bla za\u010d\u00edt v\u00fdroba. \u010c\u00ednsk\u00fd podnik chce v\u0161ak v Evrop\u011b vyr\u00e1b\u011bt pouze elektromobily, se kter\u00fdmi na kontinentu slav\u00ed nejv\u011bt\u0161\u00ed \u00fasp\u011bch.<\/span><\/h6>\n<div class=\"g_fz\" data-dot=\"ogm-article-content\">\n<div class=\"e_dk e_dw\">\n<div class=\"e_dq speakable\" data-dot=\"mol-paragraph\">\n<p class=\"c_dq\"><span class=\"c_dI\">\u010c\u00ednsk\u00fd koncern mimo jin\u00e9 vlastn\u00ed p\u016fvodn\u011b anglickou zna\u010dku MG. V\u00fdroba v\u00a0Brit\u00e1nii t\u011bchto voz\u016f v\u0161ak skon\u010dila v\u00a0roce 2016, kdy ji spole\u010dnost p\u0159esunula do \u010c\u00edny.<\/span><\/p>\n<\/div>\n<div class=\"e_dq speakable\" data-dot=\"mol-paragraph\">\n<p class=\"c_dq\"><span class=\"c_dI\">SAIC Motor vloni podle sv\u00fdch \u00fadaj\u016f prodal 5,3\u00a0milionu voz\u016f. Koncern m\u00e1 spole\u010dn\u00e9 podniky tak\u00e9 se zahrani\u010dn\u00edmi firmami, nap\u0159\u00edklad s\u00a0n\u011bmeck\u00fdm Volkswagenem \u010di americkou automobilkou General Motors. <\/span><\/p>\n<p class=\"c_dq\"><span class=\"c_dI\">Sv\u00e9 tov\u00e1rny m\u00e1 \u010d\u00ednsk\u00e1 automobilka i\u00a0v dal\u0161\u00edch asijsk\u00fdch zem\u00edch, nap\u0159\u00edklad v\u00a0Indii, P\u00e1kist\u00e1nu, Thajsku \u010di Indon\u00e9sii.<\/span><\/p>\n<figure id=\"attachment_46939\" aria-describedby=\"caption-attachment-46939\" style=\"width: 1024px\" class=\"wp-caption alignnone\"><img loading=\"lazy\" decoding=\"async\" class=\"size-large wp-image-46939\" src=\"http:\/\/www.automakersnews.cz\/wp-content\/uploads\/2023\/05\/MG-4-rodina-M-Motors-1024x768.jpg\" alt=\"\" width=\"1024\" height=\"768\" \/><figcaption id=\"caption-attachment-46939\" class=\"wp-caption-text\">Do \u010cR od lo\u0148ska dov\u00e1\u017e\u00ed zna\u010dku MG pra\u017esk\u00e1 M Motors<\/figcaption><\/figure>\n<\/div>\n<\/div>\n<\/div>\n<\/article>\n<\/div>\n<\/div>\n","protected":false},"excerpt":{"rendered":"<div class=\"mh-excerpt\"><p>Nejv\u011bt\u0161\u00ed \u010d\u00ednsk\u00e1 automobilka SAIC Motor m\u00e1 v\u00a0pl\u00e1nu postavit svou tov\u00e1rnu v\u00a0Evrop\u011b. Vyr\u00e1b\u011bt se v\u00a0n\u00ed maj\u00ed pouze automobily na elektrick\u00fd pohon, p\u00ed\u0161e server BBC News.<\/p>\n<\/div>","protected":false},"author":1,"featured_media":227,"comment_status":"open","ping_status":"open","sticky":false,"template":"","format":"standard","meta":{"footnotes":""},"categories":[33],"tags":[],"class_list":["post-65501","post","type-post","status-publish","format-standard","has-post-thumbnail","hentry","category-vyrobci"],"_links":{"self":[{"href":"https:\/\/www.automakersnews.cz\/index.php\/wp-json\/wp\/v2\/posts\/65501","targetHints":{"allow":["GET"]}}],"collection":[{"href":"https:\/\/www.automakersnews.cz\/index.php\/wp-json\/wp\/v2\/posts"}],"about":[{"href":"https:\/\/www.automakersnews.cz\/index.php\/wp-json\/wp\/v2\/types\/post"}],"author":[{"embeddable":true,"href":"https:\/\/www.automakersnews.cz\/index.php\/wp-json\/wp\/v2\/users\/1"}],"replies":[{"embeddable":true,"href":"https:\/\/www.automakersnews.cz\/index.php\/wp-json\/wp\/v2\/comments?post=65501"}],"version-history":[{"count":0,"href":"https:\/\/www.automakersnews.cz\/index.php\/wp-json\/wp\/v2\/posts\/65501\/revisions"}],"wp:featuredmedia":[{"embeddable":true,"href":"https:\/\/www.automakersnews.cz\/index.php\/wp-json\/wp\/v2\/media\/227"}],"wp:attachment":[{"href":"https:\/\/www.automakersnews.cz\/index.php\/wp-json\/wp\/v2\/media?parent=65501"}],"wp:term":[{"taxonomy":"category","embeddable":true,"href":"https:\/\/www.automakersnews.cz\/index.php\/wp-json\/wp\/v2\/categories?post=65501"},{"taxonomy":"post_tag","embeddable":true,"href":"https:\/\/www.automakersnews.cz\/index.php\/wp-json\/wp\/v2\/tags?post=65501"}],"curies":[{"name":"wp","href":"https:\/\/api.w.org\/{rel}","templated":true}]}}