{"id":65567,"date":"2023-07-18T15:20:37","date_gmt":"2023-07-18T15:20:37","guid":{"rendered":"https:\/\/www.automakersnews.cz\/?p=65567"},"modified":"2023-07-18T15:20:37","modified_gmt":"2023-07-18T15:20:37","slug":"ojetiny-z-nemecka-letos-podrazily-o-17","status":"publish","type":"post","link":"https:\/\/www.automakersnews.cz\/index.php\/2023\/07\/18\/ojetiny-z-nemecka-letos-podrazily-o-17\/","title":{"rendered":"Ojetiny z N\u011bmecka letos podra\u017eily o 17 %"},"content":{"rendered":"<p><strong>Kdo si chce letos koupit ojet\u00e9 auto z N\u011bmecka, ten si p\u0159iplat\u00ed. Pr\u016fm\u011brn\u00e1 cena za ojetinu s n\u011bmeck\u00fdm p\u016fvodem stoupla meziro\u010dn\u011b o 17,4 % na 453 700 K\u010d, uvedla Cebia.<\/strong><!--more--><\/p>\n<p>Zat\u00edmco loni se dala v pr\u016fm\u011bru po\u0159\u00eddit za 386 500 K\u010d, letos ji lze tedy po\u0159\u00eddit v pr\u016fm\u011bru o 67 200 K\u010d dr\u00e1\u017e. Auta s n\u011bmeck\u00fdm p\u016fvodem p\u0159itom zdra\u017euj\u00ed v\u00edce, ne\u017e zbytek trhu. Pr\u016fm\u011brn\u00e1 cena v\u0161ech ojet\u00fdch aut toti\u017e vzrostla letos meziro\u010dn\u011b o necel\u00fdch 10 % na 299 000 K\u010d.<\/p>\n<p>\u201eZa r\u016fstem cen ojet\u00fdch aut z N\u011bmecka je p\u0159edev\u0161\u00edm dlouhodob\u011b velk\u00fd z\u00e1jem ze strany \u010desk\u00fdch z\u00e1kazn\u00edk\u016f,\u201c \u0159\u00edk\u00e1 Martin Pajer, \u0159editel spole\u010dnosti Cebia a dod\u00e1v\u00e1, \u017ee i vzhledem k n\u00edzk\u00e9mu kurzu koruny v\u016f\u010di euru se jedn\u00e1 o markantn\u00ed zdra\u017een\u00ed, nebo\u0165 ni\u017e\u0161\u00ed kurz by m\u011bl auta v pr\u016fm\u011bru zhruba o 15 000 K\u010d zlevnit.<\/p>\n<p><strong>Levn\u011bj\u0161\u00ed auta zdra\u017euj\u00ed rychleji<\/strong><\/p>\n<p>Vysok\u00e1 pr\u016fm\u011brn\u00e1 cena za n\u011bmeck\u00e1 auta je d\u00e1na extr\u00e9mn\u011b velk\u00fdm zastoupen\u00edm luxusn\u00edch voz\u016f, kter\u00e9 tvo\u0159\u00ed 27,9 % nab\u00eddky. Pro srovn\u00e1n\u00ed celkov\u00fd pod\u00edl ojet\u00fdch luxusn\u00edch aut bez ohledu na p\u016fvod tvo\u0159\u00ed 12,7 % \u010desk\u00e9ho trhu. Pokud by se luxusn\u00ed auta nebrala v potaz, \u010din\u00ed letos pr\u016fm\u011brn\u00e1 cena za ojetinu s n\u011bmeck\u00fdm p\u016fvodem 249 000 K\u010d, co\u017e je o 25 % v\u00edce ne\u017e loni. Levn\u011bj\u0161\u00ed auta tedy zdra\u017euj\u00ed je\u0161t\u011b rychleji.<\/p>\n<p>Pr\u016fm\u011brn\u00e9 st\u00e1\u0159\u00ed n\u011bmeck\u00fdch aut na \u010desk\u00e9m trhu \u010din\u00ed 11 let. Pr\u016fm\u011brn\u011b tato auta najela 155 254 km a v\u011bt\u0161ina m\u00e1 motor na naftu (54,7 %). Nejprod\u00e1van\u011bj\u0161\u00ed zna\u010dkou je Volkswagen (19,1 %) n\u00e1sledovan\u00fd \u0160kodou (18,4 %). Na t\u0159et\u00ed p\u0159\u00ed\u010dce se um\u00edstil Ford s 9,5 % trhu, t\u011bsn\u011b n\u00e1sledovan\u00fd vozy BMW (8,9 %), Mercedes (8,3 %) a Audi (7,1 %). Ve\u0161ker\u00e1 ojet\u00e1 auta koncernu Volkswagen si n\u00e1rokuj\u00ed 46,6 % trhu.<\/p>\n<p>Z hlediska model\u016f vede op\u011bt \u0160koda Octavia, kter\u00e1 je v\u0161ak zastoupen\u00e1 jen z 6,8 %. Druhou p\u0159\u00ed\u010dku pak zat\u00edm obsadil Volkswagen Golf s vysok\u00fdm pod\u00edlem 4,9 % n\u00e1sledovan\u00fd \u0160kodou Superb (4 %) a Volkswagenem Passat (3,6 %). Mezi 10 nejprod\u00e1van\u011bj\u0161\u00edch model\u016f pat\u0159\u00ed z luxusn\u00edch zna\u010dek vozy BMW \u0159ada 3 a \u0159ada 5 a Audi A4.<\/p>\n<p><strong>Vysok\u00fd pod\u00edl luxusn\u00edch aut zhor\u0161uje podvody<\/strong><\/p>\n<p>\u201eVysok\u00fd pod\u00edl luxusn\u00edch zna\u010dek je\u0161t\u011b zhor\u0161uje podvody, kter\u00e9 se u n\u011bmeck\u00fdch aut vyskytuj\u00ed. Mo\u017enost vy\u0161\u0161\u00edch v\u00fdd\u011blk\u016f na luxusn\u00edch autech l\u00e1k\u00e1 o to v\u00edce podvodn\u00edky. Pod\u00edl aut, kter\u00e1 jsou po hav\u00e1rii, dosahuje zhruba 38 % a zhruba 6 % aut je po tot\u00e1ln\u00ed \u0161kod\u011b. Sto\u010den\u00fd tachometr se vyskytuje t\u00e9m\u011b\u0159 u poloviny a ka\u017ed\u00e9 p\u00e1t\u00e9 auto nen\u00ed ve skute\u010dnosti n\u011bmeck\u00e9. Ur\u010dit\u011b se vyplat\u00ed b\u00fdt obez\u0159etn\u00fd a obzvl\u00e1\u0161t\u011b drah\u00e9 auto si p\u0159ed n\u00e1kupem prov\u011b\u0159it,\u201c \u0159\u00edk\u00e1 Martin Pajer z Cebia, kter\u00e1 pom\u00e1h\u00e1 motorist\u016fm bojovat proti podvod\u016fm p\u0159i prodeji ojetin u\u017e 32 let.<\/p>\n<p>V syst\u00e9mu AUTOTRACER na www.cebia.cz si lze prov\u011b\u0159it u aut z N\u011bmecka nejen p\u0159\u00edpadn\u00e1 po\u0161kozen\u00ed a hav\u00e1rie, ale tak\u00e9 ujet\u00e9 kilometry, odcizen\u00ed, skute\u010dnou zemi p\u016fvodu a rok v\u00fdroby a prvn\u00ed registrace, zat\u00ed\u017een\u00ed financov\u00e1n\u00edm \u010di nap\u0159\u00edklad p\u0159edchoz\u00ed inzerci. \u00dadaje jsou k dispozici do n\u011bkolika m\u00e1lo minut.<\/p>\n<p><img loading=\"lazy\" decoding=\"async\" class=\"alignnone wp-image-65568\" src=\"http:\/\/www.automakersnews.cz\/wp-content\/uploads\/2023\/07\/historie-vozidla-cebia-200x300.webp\" alt=\"\" width=\"707\" height=\"1061\" srcset=\"https:\/\/www.automakersnews.cz\/wp-content\/uploads\/2023\/07\/historie-vozidla-cebia-200x300.webp 200w, https:\/\/www.automakersnews.cz\/wp-content\/uploads\/2023\/07\/historie-vozidla-cebia.webp 386w\" sizes=\"auto, (max-width: 707px) 100vw, 707px\" \/><\/p>\n","protected":false},"excerpt":{"rendered":"<div class=\"mh-excerpt\"><p>Kdo si chce letos koupit ojet\u00e9 auto z N\u011bmecka, ten si p\u0159iplat\u00ed. Pr\u016fm\u011brn\u00e1 cena za ojetinu s n\u011bmeck\u00fdm p\u016fvodem stoupla meziro\u010dn\u011b o 17,4 % na <a class=\"mh-excerpt-more\" href=\"https:\/\/www.automakersnews.cz\/index.php\/2023\/07\/18\/ojetiny-z-nemecka-letos-podrazily-o-17\/\" title=\"Ojetiny z N\u011bmecka letos podra\u017eily o 17 %\">[&#8230;]<\/a><\/p>\n<\/div>","protected":false},"author":4,"featured_media":23171,"comment_status":"open","ping_status":"open","sticky":false,"template":"","format":"standard","meta":{"footnotes":""},"categories":[8],"tags":[],"class_list":["post-65567","post","type-post","status-publish","format-standard","has-post-thumbnail","hentry","category-statistika"],"_links":{"self":[{"href":"https:\/\/www.automakersnews.cz\/index.php\/wp-json\/wp\/v2\/posts\/65567","targetHints":{"allow":["GET"]}}],"collection":[{"href":"https:\/\/www.automakersnews.cz\/index.php\/wp-json\/wp\/v2\/posts"}],"about":[{"href":"https:\/\/www.automakersnews.cz\/index.php\/wp-json\/wp\/v2\/types\/post"}],"author":[{"embeddable":true,"href":"https:\/\/www.automakersnews.cz\/index.php\/wp-json\/wp\/v2\/users\/4"}],"replies":[{"embeddable":true,"href":"https:\/\/www.automakersnews.cz\/index.php\/wp-json\/wp\/v2\/comments?post=65567"}],"version-history":[{"count":0,"href":"https:\/\/www.automakersnews.cz\/index.php\/wp-json\/wp\/v2\/posts\/65567\/revisions"}],"wp:featuredmedia":[{"embeddable":true,"href":"https:\/\/www.automakersnews.cz\/index.php\/wp-json\/wp\/v2\/media\/23171"}],"wp:attachment":[{"href":"https:\/\/www.automakersnews.cz\/index.php\/wp-json\/wp\/v2\/media?parent=65567"}],"wp:term":[{"taxonomy":"category","embeddable":true,"href":"https:\/\/www.automakersnews.cz\/index.php\/wp-json\/wp\/v2\/categories?post=65567"},{"taxonomy":"post_tag","embeddable":true,"href":"https:\/\/www.automakersnews.cz\/index.php\/wp-json\/wp\/v2\/tags?post=65567"}],"curies":[{"name":"wp","href":"https:\/\/api.w.org\/{rel}","templated":true}]}}