{"id":65571,"date":"2023-07-19T07:04:21","date_gmt":"2023-07-19T07:04:21","guid":{"rendered":"https:\/\/www.automakersnews.cz\/?p=65571"},"modified":"2023-07-19T07:04:21","modified_gmt":"2023-07-19T07:04:21","slug":"na-aukru-se-prodalo-audi-karla-gotta","status":"publish","type":"post","link":"https:\/\/www.automakersnews.cz\/index.php\/2023\/07\/19\/na-aukru-se-prodalo-audi-karla-gotta\/","title":{"rendered":"Na Aukru se prodalo Audi Karla Gotta"},"content":{"rendered":"<p><strong>Za\u010d\u00e1tek l\u00e9ta p\u0159\u00e1l aukc\u00edm v oblasti auto-moto. Na Aukru se sb\u011bratel\u00e9 p\u0159etahovali o motocykl vyroben\u00fd na p\u0159elomu 20. a 30. let. Prodala se rovn\u011b\u017e rarita v podob\u011b vozu vlastn\u011bn\u00e9ho Karlem Gottem.<\/strong><!--more--><\/p>\n<p>\u010cervnov\u00e9 aukce r\u016fznorod\u00e9ho charakteru pak doplnila i bakelitov\u00e1 Tatra 111 prodan\u00e1 za 131 tis\u00edc korun, \u010di 16mm film And\u011bl na hor\u00e1ch. V charitativn\u00ed aukci za 200 000 K\u010d se pak prodal model letadla podepsan\u00fd prezidentem Pavlem. V\u00fdt\u011b\u017eek putoval na pomoc p\u0159ed\u010dasn\u011b narozen\u00fdm d\u011btem.<\/p>\n<p>\u010cerven p\u0159inesl na nejv\u011bt\u0161\u00ed online \u010desk\u00e9 tr\u017ei\u0161t\u011b Aukro hned n\u011bkolik lah\u016fdek pro motoristy. Za t\u00e9m\u011b\u0159 708 tis\u00edc korun se prodal motocykl Praga BD 500. Stroj byl vyr\u00e1b\u011bn\u00fd v letech 1929\u20131933 a p\u0159i jeho konstrukci byla pou\u017eita \u0159ada pokrokov\u00fdch prvk\u016f, d\u00edky kter\u00fdm motocykl disponoval v\u00fdborn\u00fdmi sportovn\u011b-turistick\u00fdmi vlastnostmi. Spolehlivost stroje ov\u011b\u0159il \u00fadajn\u011b s\u00e1m konstrukt\u00e9r Jaroslav Franti\u0161ek Koch, kdy\u017e v z\u00e1\u0159\u00ed roku 1928 podnikl na motocyklu tohoto typu j\u00edzdu z \u0158\u00edma do Prahy. Vzd\u00e1lenost 1480 kilometr\u016f p\u0159ekonal v \u010dase 35 hodin a 40 minut a vytvo\u0159il tak vytrvalostn\u00ed rekord. Dal\u0161\u00ed kuriozitou z oblasti auto-moto pak byl prodej Audi A8, kterou vlastnil jako prvn\u00ed majitel mistr Karel Gott. V\u016fz vyroben\u00fd v roce 1994 m\u011bl najet\u00fdch 169 000 km a prodal se za 315 000 K\u010d.<\/p>\n<p>Z oblasti numismatiky se prodala za 466 666 K\u010d sada 137 pam\u011btn\u00edch minc\u00ed. \u201eSb\u00edrka za\u010d\u00ednala 200 korunou \u00dastava a kon\u010dila 200 korunou Emil Z\u00e1topek,\u201c doplnil Pavel Krej\u010d\u00ed\u0159, expert na sb\u011bratelstv\u00ed a staro\u017eitnictv\u00ed port\u00e1lu Aukro k aukci st\u0159\u00edbrn\u00fdch minc\u00ed s nomin\u00e1ln\u00ed hodnotu 200 a 500 K\u010d. Za celkem 434 000 K\u010d se prodala i sb\u00edrka 92 kus\u016f st\u0159\u00edbrn\u00fdch pam\u011btn\u00edch minc\u00ed z let 1954 a\u017e 1993.<\/p>\n<p><img loading=\"lazy\" decoding=\"async\" class=\"alignnone wp-image-65573\" src=\"http:\/\/www.automakersnews.cz\/wp-content\/uploads\/2023\/07\/praga-bd-500-small-2-300x225.jpg\" alt=\"\" width=\"895\" height=\"671\" srcset=\"https:\/\/www.automakersnews.cz\/wp-content\/uploads\/2023\/07\/praga-bd-500-small-2-300x225.jpg 300w, https:\/\/www.automakersnews.cz\/wp-content\/uploads\/2023\/07\/praga-bd-500-small-2-1024x768.jpg 1024w, https:\/\/www.automakersnews.cz\/wp-content\/uploads\/2023\/07\/praga-bd-500-small-2-768x576.jpg 768w, https:\/\/www.automakersnews.cz\/wp-content\/uploads\/2023\/07\/praga-bd-500-small-2-1536x1152.jpg 1536w, https:\/\/www.automakersnews.cz\/wp-content\/uploads\/2023\/07\/praga-bd-500-small-2-678x509.jpg 678w, https:\/\/www.automakersnews.cz\/wp-content\/uploads\/2023\/07\/praga-bd-500-small-2-326x245.jpg 326w, https:\/\/www.automakersnews.cz\/wp-content\/uploads\/2023\/07\/praga-bd-500-small-2-80x60.jpg 80w, https:\/\/www.automakersnews.cz\/wp-content\/uploads\/2023\/07\/praga-bd-500-small-2.jpg 1600w\" sizes=\"auto, (max-width: 895px) 100vw, 895px\" \/><\/p>\n<p>Za t\u00e9m\u011b\u0159 205 tis\u00edc korun se prodal pastel Dv\u011b b\u00e1rky a \u010dty\u0159i kameny od Jana Zrzav\u00e9ho. \u201eD\u00edlo bylo ov\u011b\u0159eno n\u011bkolika znaleck\u00fdmi posudky s do\u017eivotn\u00ed z\u00e1rukou na pravost a mo\u017enost\u00ed zp\u011btn\u00e9ho odkupu bez ud\u00e1n\u00ed d\u016fvodu,\u201c up\u0159esnil Pavel Krej\u010d\u00ed\u0159. V \u010dervnu se prodal i dal\u0161\u00ed pastel tohoto um\u011blce s n\u00e1zvem T\u0159i b\u00e1rky v z\u00e1toce za 170 000 K\u010d.<\/p>\n<p>\u010cerven byl na Aukru i ve znamen\u00ed charity. Model vl\u00e1dn\u00edho letounu, podepsan\u00fd 23. \u00fanora 2023 na \u0160luknovsk\u00e9m z\u00e1mku prezidentem Petrem Pavlem, se prodal za 200 000 korun. Cel\u00fd v\u00fdt\u011b\u017eek z aukce putoval na neziskovou organizaci nedoklubko, kter\u00e1 podporuje rodiny p\u0159ed\u010dasn\u011b narozen\u00fdch d\u011bt\u00ed a novorozeneck\u00e1 odd\u011blen\u00ed v \u010cesk\u00e9 republice.<\/p>\n<p>I dal\u0161\u00ed \u010dervnov\u00e9 prodeje p\u0159inesly nov\u00fdm majitel\u016fm sb\u011bratelsk\u00e9 rarity. Za 131 tis\u00edc korun se prodala star\u00e1 \u010deskoslovensk\u00e1 hra\u010dka Tatra 111 z bakelitu. V neposledn\u00ed se \u0159ad\u011b se z v\u00fdhry v aukci radovali i milovn\u00edci knih a film\u016f. Za 18 266 K\u010d se prodala foglarovka Boj o prvn\u00ed m\u00edsto. \u0160lo o prvn\u00ed vyd\u00e1n\u00ed z roku 1936 ve velmi dobr\u00e9m stavu. Rovn\u00fdch 10 658 korun byl nov\u00fd majitel ochotn\u00fd d\u00e1t za 16mm film s \u010deskoslovensk\u00fdm sn\u00edmkem z roku 1955 And\u011bl na hor\u00e1ch.<\/p>\n<p><img loading=\"lazy\" decoding=\"async\" class=\"alignnone wp-image-65574\" src=\"http:\/\/www.automakersnews.cz\/wp-content\/uploads\/2023\/07\/rarita-technoplast-tatra-111-small-3-300x225.jpg\" alt=\"\" width=\"847\" height=\"635\" srcset=\"https:\/\/www.automakersnews.cz\/wp-content\/uploads\/2023\/07\/rarita-technoplast-tatra-111-small-3-300x225.jpg 300w, https:\/\/www.automakersnews.cz\/wp-content\/uploads\/2023\/07\/rarita-technoplast-tatra-111-small-3-1024x768.jpg 1024w, https:\/\/www.automakersnews.cz\/wp-content\/uploads\/2023\/07\/rarita-technoplast-tatra-111-small-3-768x576.jpg 768w, https:\/\/www.automakersnews.cz\/wp-content\/uploads\/2023\/07\/rarita-technoplast-tatra-111-small-3-1536x1152.jpg 1536w, https:\/\/www.automakersnews.cz\/wp-content\/uploads\/2023\/07\/rarita-technoplast-tatra-111-small-3-678x509.jpg 678w, https:\/\/www.automakersnews.cz\/wp-content\/uploads\/2023\/07\/rarita-technoplast-tatra-111-small-3-326x245.jpg 326w, https:\/\/www.automakersnews.cz\/wp-content\/uploads\/2023\/07\/rarita-technoplast-tatra-111-small-3-80x60.jpg 80w, https:\/\/www.automakersnews.cz\/wp-content\/uploads\/2023\/07\/rarita-technoplast-tatra-111-small-3.jpg 1600w\" sizes=\"auto, (max-width: 847px) 100vw, 847px\" \/><\/p>\n","protected":false},"excerpt":{"rendered":"<div class=\"mh-excerpt\"><p>Za\u010d\u00e1tek l\u00e9ta p\u0159\u00e1l aukc\u00edm v oblasti auto-moto. Na Aukru se sb\u011bratel\u00e9 p\u0159etahovali o motocykl vyroben\u00fd na p\u0159elomu 20. a 30. let. Prodala se rovn\u011b\u017e rarita <a class=\"mh-excerpt-more\" href=\"https:\/\/www.automakersnews.cz\/index.php\/2023\/07\/19\/na-aukru-se-prodalo-audi-karla-gotta\/\" title=\"Na Aukru se prodalo Audi Karla Gotta\">[&#8230;]<\/a><\/p>\n<\/div>","protected":false},"author":4,"featured_media":65572,"comment_status":"open","ping_status":"open","sticky":false,"template":"","format":"standard","meta":{"footnotes":""},"categories":[2],"tags":[],"class_list":["post-65571","post","type-post","status-publish","format-standard","has-post-thumbnail","hentry","category-news"],"_links":{"self":[{"href":"https:\/\/www.automakersnews.cz\/index.php\/wp-json\/wp\/v2\/posts\/65571","targetHints":{"allow":["GET"]}}],"collection":[{"href":"https:\/\/www.automakersnews.cz\/index.php\/wp-json\/wp\/v2\/posts"}],"about":[{"href":"https:\/\/www.automakersnews.cz\/index.php\/wp-json\/wp\/v2\/types\/post"}],"author":[{"embeddable":true,"href":"https:\/\/www.automakersnews.cz\/index.php\/wp-json\/wp\/v2\/users\/4"}],"replies":[{"embeddable":true,"href":"https:\/\/www.automakersnews.cz\/index.php\/wp-json\/wp\/v2\/comments?post=65571"}],"version-history":[{"count":0,"href":"https:\/\/www.automakersnews.cz\/index.php\/wp-json\/wp\/v2\/posts\/65571\/revisions"}],"wp:featuredmedia":[{"embeddable":true,"href":"https:\/\/www.automakersnews.cz\/index.php\/wp-json\/wp\/v2\/media\/65572"}],"wp:attachment":[{"href":"https:\/\/www.automakersnews.cz\/index.php\/wp-json\/wp\/v2\/media?parent=65571"}],"wp:term":[{"taxonomy":"category","embeddable":true,"href":"https:\/\/www.automakersnews.cz\/index.php\/wp-json\/wp\/v2\/categories?post=65571"},{"taxonomy":"post_tag","embeddable":true,"href":"https:\/\/www.automakersnews.cz\/index.php\/wp-json\/wp\/v2\/tags?post=65571"}],"curies":[{"name":"wp","href":"https:\/\/api.w.org\/{rel}","templated":true}]}}