{"id":65953,"date":"2023-07-19T07:27:03","date_gmt":"2023-07-19T07:27:03","guid":{"rendered":"https:\/\/www.automakersnews.cz\/?p=65953"},"modified":"2023-07-19T07:27:57","modified_gmt":"2023-07-19T07:27:57","slug":"sko-energo-prejde-kompletne-na-biomasu","status":"publish","type":"post","link":"https:\/\/www.automakersnews.cz\/index.php\/2023\/07\/19\/sko-energo-prejde-kompletne-na-biomasu\/","title":{"rendered":"Tepl\u00e1rna \u0160KO-ENERGO pojede na biomasu"},"content":{"rendered":"<p><strong>Dce\u0159in\u00e1 spole\u010dnost \u0160kody Auto, \u0160KO-ENERGO, zaji\u0161\u0165uj\u00edc\u00ed komplexn\u00ed dod\u00e1vky energi\u00ed pro automobilku a tepla pro m\u011bsto Mlad\u00e1 Boleslav, chyst\u00e1 modernizaci tepl\u00e1rny na 100% vyu\u017eit\u00ed biomasy. V\u00fdstavba bude zah\u00e1jena v roce 2024.<\/strong><!--more--><\/p>\n<p>P\u0159echodem na zpracov\u00e1n\u00ed d\u0159evn\u00ed \u0161t\u011bpky a fytopelet se v\u00fdroba energi\u00ed stane pln\u011b uhl\u00edkov\u011b neutr\u00e1ln\u00ed. Modernizovan\u00e1 tepl\u00e1rna bude jedn\u00edm z nejv\u011bt\u0161\u00edch projekt\u016f sv\u00e9ho druhu v \u010cesk\u00e9 republice s odhadovan\u00fdmi n\u00e1klady 3,6 miliardy korun.<\/p>\n<p>Spu\u0161t\u011bn\u00edm do provozu b\u011bhem t\u0159\u00ed let p\u0159isp\u011bje k dosa\u017een\u00ed ambici\u00f3zn\u00edch c\u00edl\u016f v oblasti ochrany \u017eivotn\u00edho prost\u0159ed\u00ed nap\u0159\u00ed\u010d cel\u00fdm hodnotov\u00fdm \u0159et\u011bzcem, jak je stanoveno ve firemn\u00ed strategii Next Level \u0160koda Strategy 2030.<\/p>\n<p>Modernizovan\u00e1 tepl\u00e1rna bude jedn\u00edm z nejv\u011bt\u0161\u00edch projekt\u016f sv\u00e9ho druhu v \u010cesk\u00e9 republice a jej\u00ed spu\u0161t\u011bn\u00ed prob\u011bhne do t\u0159\u00ed let.<\/p>\n","protected":false},"excerpt":{"rendered":"<div class=\"mh-excerpt\"><p>Dce\u0159in\u00e1 spole\u010dnost \u0160kody Auto, \u0160KO-ENERGO, zaji\u0161\u0165uj\u00edc\u00ed komplexn\u00ed dod\u00e1vky energi\u00ed pro automobilku a tepla pro m\u011bsto Mlad\u00e1 Boleslav, chyst\u00e1 modernizaci tepl\u00e1rny na 100% vyu\u017eit\u00ed biomasy. V\u00fdstavba <a class=\"mh-excerpt-more\" href=\"https:\/\/www.automakersnews.cz\/index.php\/2023\/07\/19\/sko-energo-prejde-kompletne-na-biomasu\/\" title=\"Tepl\u00e1rna \u0160KO-ENERGO pojede na biomasu\">[&#8230;]<\/a><\/p>\n<\/div>","protected":false},"author":1,"featured_media":65982,"comment_status":"open","ping_status":"open","sticky":false,"template":"","format":"standard","meta":{"footnotes":""},"categories":[38,41],"tags":[],"class_list":["post-65953","post","type-post","status-publish","format-standard","has-post-thumbnail","hentry","category-ekologie","category-vyroba"],"_links":{"self":[{"href":"https:\/\/www.automakersnews.cz\/index.php\/wp-json\/wp\/v2\/posts\/65953","targetHints":{"allow":["GET"]}}],"collection":[{"href":"https:\/\/www.automakersnews.cz\/index.php\/wp-json\/wp\/v2\/posts"}],"about":[{"href":"https:\/\/www.automakersnews.cz\/index.php\/wp-json\/wp\/v2\/types\/post"}],"author":[{"embeddable":true,"href":"https:\/\/www.automakersnews.cz\/index.php\/wp-json\/wp\/v2\/users\/1"}],"replies":[{"embeddable":true,"href":"https:\/\/www.automakersnews.cz\/index.php\/wp-json\/wp\/v2\/comments?post=65953"}],"version-history":[{"count":0,"href":"https:\/\/www.automakersnews.cz\/index.php\/wp-json\/wp\/v2\/posts\/65953\/revisions"}],"wp:featuredmedia":[{"embeddable":true,"href":"https:\/\/www.automakersnews.cz\/index.php\/wp-json\/wp\/v2\/media\/65982"}],"wp:attachment":[{"href":"https:\/\/www.automakersnews.cz\/index.php\/wp-json\/wp\/v2\/media?parent=65953"}],"wp:term":[{"taxonomy":"category","embeddable":true,"href":"https:\/\/www.automakersnews.cz\/index.php\/wp-json\/wp\/v2\/categories?post=65953"},{"taxonomy":"post_tag","embeddable":true,"href":"https:\/\/www.automakersnews.cz\/index.php\/wp-json\/wp\/v2\/tags?post=65953"}],"curies":[{"name":"wp","href":"https:\/\/api.w.org\/{rel}","templated":true}]}}