{"id":67338,"date":"2023-07-24T06:37:41","date_gmt":"2023-07-24T06:37:41","guid":{"rendered":"https:\/\/www.automakersnews.cz\/?p=67338"},"modified":"2023-07-24T06:37:41","modified_gmt":"2023-07-24T06:37:41","slug":"aaa-auto-letos-prodava-vice-elektromobilu","status":"publish","type":"post","link":"https:\/\/www.automakersnews.cz\/index.php\/2023\/07\/24\/aaa-auto-letos-prodava-vice-elektromobilu\/","title":{"rendered":"AAA AUTO letos prod\u00e1v\u00e1 v\u00edce elektromobil\u016f"},"content":{"rendered":"<p><strong>AURES Holdings, provozovatel mezin\u00e1rodn\u00ed s\u00edt\u011b autocenter AAA AUTO a Mototechna, prodala meziro\u010dn\u011b za prvn\u00edch \u0161est m\u011bs\u00edc\u016f leto\u0161n\u00edho roku trojn\u00e1sobn\u00fd po\u010det elektromobil\u016f. <\/strong><!--more--><\/p>\n<p>Nejv\u00edc se prodalo v \u010cesk\u00e9 republice, d\u00e1le na Slovensku a t\u0159et\u00ed m\u00edsto pat\u0159\u00ed Polsku. Na cel\u00e9m \u010desk\u00e9m trhu pak z\u00e1kazn\u00edci mohou m\u011bs\u00ed\u010dn\u011b vyb\u00edrat a\u017e z dev\u00edti stovek \u010dist\u00fdch elektrick\u00fdch aut a dvan\u00e1cti stovek hybrid\u016f. Z\u00e1jem o oba typy aut nad\u00e1le roste.<\/p>\n<p>\u201eI d\u00edky razantn\u011b rostouc\u00edm prodej\u016fm elektrick\u00fdch aut v porovn\u00e1n\u00ed s lo\u0148skem m\u016f\u017eeme vid\u011bt, \u017ee lid\u00e9 za\u010dali o mnoho v\u00edc vn\u00edmat nastupuj\u00edc\u00ed elektromobilitu. Na\u0161e spole\u010dnost neust\u00e1le roz\u0161i\u0159uje nab\u00eddku t\u011bchto aut na v\u0161ech na\u0161ich \u0161edes\u00e1ti pobo\u010dk\u00e1ch a z\u00e1rove\u0148 \u0161kol\u00edme n\u00e1\u0161 t\u00fdm pracovn\u00edk\u016f tak, aby byli schopni poskytovat z\u00e1kazn\u00edk\u016fm v\u0161echny pot\u0159ebn\u00e9 informace k velk\u00e9mu mno\u017estv\u00ed model\u016f, kter\u00e9 nab\u00edz\u00edme. K tomu z\u00e1rove\u0148 budujeme nab\u00edjec\u00ed infrastrukturu v\u010detn\u011b instalace fotovoltaick\u00fdch panel\u016f, m\u00e1me k dispozici univerz\u00e1ln\u00ed diagnostick\u00e9 \u0159e\u0161en\u00ed, kter\u00e9 n\u00e1m umo\u017e\u0148uje objektivn\u011b hodnotit stav vykupovan\u00fdch bateriov\u00fdch aut. U elektromobil\u016f jsou pro z\u00e1kazn\u00edky podstatn\u00e9 jin\u00e9 parametry ne\u017e u klasick\u00fdch spalovac\u00edch motor\u016f, proto jsme nap\u0159\u00edklad na na\u0161ich webov\u00fdch str\u00e1nk\u00e1ch www.aaaauto.cz vytvo\u0159ili samostatnou sekci, kter\u00e1 se t\u011bmto voz\u016fm v\u011bnuje a je p\u0159izp\u016fsobena tak, aby se z\u00e1kazn\u00edk o vozidle dozv\u011bd\u011bl v\u0161e podstatn\u00e9,\u201c informuje Petr Van\u011b\u010dek, provozn\u00ed \u0159editel skupiny AURES Holdings, kter\u00e1 provozuje s\u00ed\u0165 autocenter AAA AUTO a Mototechna.<\/p>\n<p>Co se t\u00fdk\u00e1 popt\u00e1vky, v \u010desk\u00e9 s\u00edti autocenter AAA AUTO a Mototechna dominuje stejn\u011b jako vloni BMW i3, kter\u00e9 tvo\u0159\u00ed aktu\u00e1ln\u011b 18 % celkov\u00fdch prodej\u016f bateriov\u00fdch aut. Na Slovensku se ve 25 % prod\u00e1v\u00e1 nejv\u00edce Nissan Leaf. Z barev jsou nejobl\u00edben\u011bj\u0161\u00ed b\u00edl\u00e1 (37 %), st\u0159\u00edbrno\u0161ed\u00e1 (25 %) a \u010dern\u00e1 (18 %).<\/p>\n<p>Nab\u00eddka na \u010desk\u00e9m i slovensk\u00e9m trhu se ale od popt\u00e1vky trochu li\u0161\u00ed. V \u010desk\u00e9 nab\u00eddce najdete nej\u010dast\u011bji \u0160kodu Enyaq (8 %) a jen o n\u011bco m\u00e9n\u011b nejobl\u00edben\u011bj\u0161\u00ed BMW i3. Slov\u00e1ci zase najdou v nab\u00eddk\u00e1ch nej\u010dast\u011bji Mercedes EQC. Na \u010desk\u00e9m trhu m\u016f\u017eete nej\u010dast\u011bji vyb\u00edrat elektromobily ve st\u00e1\u0159\u00ed 2,7 roku a s n\u00e1jezdem 30 000 km, na Slovensku je nab\u00eddka t\u011bchto aut nepatrn\u011b star\u0161\u00ed a na tachometru tato auta maj\u00ed nej\u010dast\u011bji o dvacet tis\u00edc kilometr\u016f v\u00edce.<\/p>\n<figure id=\"attachment_51207\" aria-describedby=\"caption-attachment-51207\" style=\"width: 1024px\" class=\"wp-caption alignnone\"><img loading=\"lazy\" decoding=\"async\" class=\"size-large wp-image-51207\" src=\"http:\/\/www.automakersnews.cz\/wp-content\/uploads\/2023\/05\/AAA-TK-Aures-Galik-Vanecek-1024x768.jpg\" alt=\"\" width=\"1024\" height=\"768\" srcset=\"https:\/\/www.automakersnews.cz\/wp-content\/uploads\/2023\/05\/AAA-TK-Aures-Galik-Vanecek-1024x768.jpg 1024w, https:\/\/www.automakersnews.cz\/wp-content\/uploads\/2023\/05\/AAA-TK-Aures-Galik-Vanecek-300x225.jpg 300w, https:\/\/www.automakersnews.cz\/wp-content\/uploads\/2023\/05\/AAA-TK-Aures-Galik-Vanecek-768x576.jpg 768w, https:\/\/www.automakersnews.cz\/wp-content\/uploads\/2023\/05\/AAA-TK-Aures-Galik-Vanecek-1536x1152.jpg 1536w, https:\/\/www.automakersnews.cz\/wp-content\/uploads\/2023\/05\/AAA-TK-Aures-Galik-Vanecek-678x509.jpg 678w, https:\/\/www.automakersnews.cz\/wp-content\/uploads\/2023\/05\/AAA-TK-Aures-Galik-Vanecek-326x245.jpg 326w, https:\/\/www.automakersnews.cz\/wp-content\/uploads\/2023\/05\/AAA-TK-Aures-Galik-Vanecek-80x60.jpg 80w, https:\/\/www.automakersnews.cz\/wp-content\/uploads\/2023\/05\/AAA-TK-Aures-Galik-Vanecek.jpg 2040w\" sizes=\"auto, (max-width: 1024px) 100vw, 1024px\" \/><figcaption id=\"caption-attachment-51207\" class=\"wp-caption-text\">Mana\u017ee\u0159i\u00a0 AAA Auto hovo\u0159ili letos v kv\u011btnu o prodeji ojet\u00fdch elektromobil\u016f na tiskov\u00e9 konferenci v s\u00eddle firmy v Chabrech<\/figcaption><\/figure>\n","protected":false},"excerpt":{"rendered":"<div class=\"mh-excerpt\"><p>AURES Holdings, provozovatel mezin\u00e1rodn\u00ed s\u00edt\u011b autocenter AAA AUTO a Mototechna, prodala meziro\u010dn\u011b za prvn\u00edch \u0161est m\u011bs\u00edc\u016f leto\u0161n\u00edho roku trojn\u00e1sobn\u00fd po\u010det elektromobil\u016f.<\/p>\n<\/div>","protected":false},"author":4,"featured_media":286,"comment_status":"open","ping_status":"open","sticky":false,"template":"","format":"standard","meta":{"footnotes":""},"categories":[22,8],"tags":[],"class_list":["post-67338","post","type-post","status-publish","format-standard","has-post-thumbnail","hentry","category-elektromobily","category-statistika"],"_links":{"self":[{"href":"https:\/\/www.automakersnews.cz\/index.php\/wp-json\/wp\/v2\/posts\/67338","targetHints":{"allow":["GET"]}}],"collection":[{"href":"https:\/\/www.automakersnews.cz\/index.php\/wp-json\/wp\/v2\/posts"}],"about":[{"href":"https:\/\/www.automakersnews.cz\/index.php\/wp-json\/wp\/v2\/types\/post"}],"author":[{"embeddable":true,"href":"https:\/\/www.automakersnews.cz\/index.php\/wp-json\/wp\/v2\/users\/4"}],"replies":[{"embeddable":true,"href":"https:\/\/www.automakersnews.cz\/index.php\/wp-json\/wp\/v2\/comments?post=67338"}],"version-history":[{"count":0,"href":"https:\/\/www.automakersnews.cz\/index.php\/wp-json\/wp\/v2\/posts\/67338\/revisions"}],"wp:featuredmedia":[{"embeddable":true,"href":"https:\/\/www.automakersnews.cz\/index.php\/wp-json\/wp\/v2\/media\/286"}],"wp:attachment":[{"href":"https:\/\/www.automakersnews.cz\/index.php\/wp-json\/wp\/v2\/media?parent=67338"}],"wp:term":[{"taxonomy":"category","embeddable":true,"href":"https:\/\/www.automakersnews.cz\/index.php\/wp-json\/wp\/v2\/categories?post=67338"},{"taxonomy":"post_tag","embeddable":true,"href":"https:\/\/www.automakersnews.cz\/index.php\/wp-json\/wp\/v2\/tags?post=67338"}],"curies":[{"name":"wp","href":"https:\/\/api.w.org\/{rel}","templated":true}]}}