{"id":68331,"date":"2023-07-24T09:01:10","date_gmt":"2023-07-24T09:01:10","guid":{"rendered":"https:\/\/www.automakersnews.cz\/?p=68331"},"modified":"2023-07-24T09:01:10","modified_gmt":"2023-07-24T09:01:10","slug":"na-ogaru-po-stopach-male-dohody","status":"publish","type":"post","link":"https:\/\/www.automakersnews.cz\/index.php\/2023\/07\/24\/na-ogaru-po-stopach-male-dohody\/","title":{"rendered":"Na Ogaru po stop\u00e1ch Mal\u00e9 dohody"},"content":{"rendered":"<p><strong>Od Autoklubu \u010cR odstartovala v sobotu 22. \u010dervence vzpom\u00ednkov\u00e1 j\u00edzda Na Ogaru po stop\u00e1ch Mal\u00e9 dohody. Je p\u0159ipom\u00ednkou sout\u011b\u017ee Malou dohodou, kterou v roce 1937 po\u0159\u00e1dal Autoklub Republiky \u010ceskoslovensk\u00e9. <\/strong><!--more--><\/p>\n<p>Vzpom\u00ednkovou j\u00edzdu po\u0159\u00e1dal Motoveter\u00e1n klub Ogar. Motocykly Ogar byly t\u0159et\u00ed nejprod\u00e1van\u011bj\u0161\u00ed zna\u010dkou motorek za prvn\u00ed republiky.<\/p>\n<p>\u201eMy\u0161lenka jet ve stop\u00e1ch Mal\u00e9 dohody vznikla u\u017e n\u011bkdy v\u00a0roce 2010, od t\u00e9 doby jsme absolvovali dv\u011b expedice do \u0160v\u00e9dska a \u0160pan\u011blska, abychom vyzkou\u0161eli techniku i p\u0159ipravenost t\u00fdmu. V\u00edme, \u017ee trasa Mal\u00e9 dohody mezi Prahou, Bratislavou, Bukure\u0161t\u00ed a B\u011blehradem byla opravdu n\u00e1ro\u010dn\u00e1. Samoz\u0159ejm\u011b ji nepojedeme jako tenkr\u00e1t na rychlost, i tak se ale bude jednat sportovn\u00ed v\u00fdkon,\u201c p\u0159edeslal Tom\u00e1\u0161 Rokos, p\u0159edseda po\u0159\u00e1daj\u00edc\u00edho klubu.<\/p>\n<p>Trasa m\u011b\u0159\u00ed 3800 kilometr\u016f a je rozvr\u017eena do 13 etap. Po stop\u00e1ch Mal\u00e9 dohody pojede celkem dev\u011bt motocykl\u016f zna\u010dky Ogar s\u00a0doprovodn\u00fdm vozidlem.<\/p>\n<p>\u201eItiner\u00e1\u0159 je co nejv\u00edce podobn\u00fd p\u016fvodn\u00ed trase, z Prahy m\u00ed\u0159\u00edme po star\u00e9 kol\u00ednsk\u00e9 silnici na \u010cesk\u00fd Brod, \u010c\u00e1slav, Gol\u010d\u016fv Jen\u00edkov, Havl\u00ed\u010dk\u016fv Brod, Jihlavu a N\u00e1m\u011b\u0161\u0165 nad Oslavou, kde bude hodinov\u00e1 pauza na ob\u011bd. Dojezd sem m\u00e1me napl\u00e1novan\u00fd na p\u016fl jednou,\u201c p\u0159ibl\u00ed\u017eil prvn\u00ed kilometry Tom\u00e1\u0161 Rokos.<\/p>\n<p>U\u017e te\u010f toti\u017e v\u00ed o spoust\u011b majitel\u016f veter\u00e1n\u016f, kte\u0159\u00ed se cht\u011bj\u00ed ke vzpom\u00ednkov\u00e9 j\u00edzd\u011b alespo\u0148 symbolicky p\u0159ipojit na p\u00e1r kilometr\u016f. Prvn\u00ed den bude kon\u010dit v\u00a0B\u0159eclavi, r\u00e1no n\u00e1sleduje p\u0159ejezd do Slovensk\u00e9 republiky. \u201eTak\u00e9 tady u\u017e m\u00e1me nahl\u00e1\u0161en doprovod nejen motocykl\u016f Ogar z\u00a0m\u00edstn\u00edch veter\u00e1nsk\u00fdch klub\u016f,\u201c doplnil Tom\u00e1\u0161 Rokos.<\/p>\n<p>N\u00e1vrat ze srbsk\u00e9ho B\u011blehradu povede p\u0159es Ma\u010farsko a oproti p\u016fvodn\u00edmu z\u00e1vodu ho jezdci na Ogarech absolvuj\u00ed po vlastn\u00ed ose. Do Prahy je napl\u00e1nov\u00e1n p\u0159\u00edjezd v\u00a0sobotu 5. srpna 2023 v\u00a0podve\u010dern\u00edch hodin\u00e1ch p\u0159ed s\u00eddlo Motoveter\u00e1n klubu Ogar v\u00a0Lahovi\u010dk\u00e1ch, Praha 5.<\/p>\n<p>Z\u00a0cel\u00e9 akce vznikne filmov\u00fd dokument. \u201eNat\u00e1\u010det jsme za\u010dali u\u017e samotnou p\u0159\u00edpravu, m\u00e1me \u0161pi\u010dkovou techniku, po celou dobu cesty n\u00e1s bude doprov\u00e1zet kameraman. Dokument r\u00e1di nab\u00eddneme p\u0159\u00edpadn\u00fdm z\u00e1jemc\u016fm o produkci,\u201c uzav\u0159el Tom\u00e1\u0161 Rokos.<\/p>\n<p>Mezin\u00e1rodn\u00ed motoristick\u00e1 sout\u011b\u017e MALOU DOHODOU byla nejv\u011bt\u0161\u00ed sportovn\u00ed akc\u00ed, kterou po\u0159\u00e1dal Autoklub Republiky \u010ceskoslovensk\u00e9 v meziv\u00e1le\u010dn\u00e9m obdob\u00ed. Na organizaci spolupracoval s kr\u00e1lovsk\u00fdmi kluby Rumunska a Jugosl\u00e1vie. S ob\u011bma zem\u011bmi m\u011blo \u010ceskoslovensko uzav\u0159enou spojeneckou smlouvu, kter\u00e1 nesla n\u00e1zev Mal\u00e1 dohoda.<\/p>\n<p>Z\u00e1\u0161titu nad sout\u011b\u017e\u00ed p\u0159evzali nejvy\u0161\u0161\u00ed p\u0159edstavitel\u00e9 v\u0161ech t\u0159\u00ed st\u00e1t\u016f. V napjat\u00e9 mezin\u00e1rodn\u00ed atmosf\u00e9\u0159e zp\u016fsoben\u00e9 hitlerovsk\u00fdm re\u017eimem m\u011bla akce tak\u00e9 hospod\u00e1\u0159sk\u00fd a politick\u00fd p\u0159esah, prezentovala sob\u011bsta\u010dnost a spolupr\u00e1ci zem\u00ed Mal\u00e9 dohody.<\/p>\n<p><strong>\u00a0<\/strong><\/p>\n","protected":false},"excerpt":{"rendered":"<div class=\"mh-excerpt\"><p>Od Autoklubu \u010cR odstartovala v sobotu 22. \u010dervence vzpom\u00ednkov\u00e1 j\u00edzda Na Ogaru po stop\u00e1ch Mal\u00e9 dohody. Je p\u0159ipom\u00ednkou sout\u011b\u017ee Malou dohodou, kterou v roce 1937 <a class=\"mh-excerpt-more\" href=\"https:\/\/www.automakersnews.cz\/index.php\/2023\/07\/24\/na-ogaru-po-stopach-male-dohody\/\" title=\"Na Ogaru po stop\u00e1ch Mal\u00e9 dohody\">[&#8230;]<\/a><\/p>\n<\/div>","protected":false},"author":1,"featured_media":68333,"comment_status":"open","ping_status":"open","sticky":false,"template":"","format":"standard","meta":{"footnotes":""},"categories":[53],"tags":[],"class_list":["post-68331","post","type-post","status-publish","format-standard","has-post-thumbnail","hentry","category-veterani"],"_links":{"self":[{"href":"https:\/\/www.automakersnews.cz\/index.php\/wp-json\/wp\/v2\/posts\/68331","targetHints":{"allow":["GET"]}}],"collection":[{"href":"https:\/\/www.automakersnews.cz\/index.php\/wp-json\/wp\/v2\/posts"}],"about":[{"href":"https:\/\/www.automakersnews.cz\/index.php\/wp-json\/wp\/v2\/types\/post"}],"author":[{"embeddable":true,"href":"https:\/\/www.automakersnews.cz\/index.php\/wp-json\/wp\/v2\/users\/1"}],"replies":[{"embeddable":true,"href":"https:\/\/www.automakersnews.cz\/index.php\/wp-json\/wp\/v2\/comments?post=68331"}],"version-history":[{"count":0,"href":"https:\/\/www.automakersnews.cz\/index.php\/wp-json\/wp\/v2\/posts\/68331\/revisions"}],"wp:featuredmedia":[{"embeddable":true,"href":"https:\/\/www.automakersnews.cz\/index.php\/wp-json\/wp\/v2\/media\/68333"}],"wp:attachment":[{"href":"https:\/\/www.automakersnews.cz\/index.php\/wp-json\/wp\/v2\/media?parent=68331"}],"wp:term":[{"taxonomy":"category","embeddable":true,"href":"https:\/\/www.automakersnews.cz\/index.php\/wp-json\/wp\/v2\/categories?post=68331"},{"taxonomy":"post_tag","embeddable":true,"href":"https:\/\/www.automakersnews.cz\/index.php\/wp-json\/wp\/v2\/tags?post=68331"}],"curies":[{"name":"wp","href":"https:\/\/api.w.org\/{rel}","templated":true}]}}