{"id":68335,"date":"2023-07-24T09:13:51","date_gmt":"2023-07-24T09:13:51","guid":{"rendered":"https:\/\/www.automakersnews.cz\/?p=68335"},"modified":"2023-07-24T09:23:48","modified_gmt":"2023-07-24T09:23:48","slug":"evropska-kia-hlasi-narust-prodeju","status":"publish","type":"post","link":"https:\/\/www.automakersnews.cz\/index.php\/2023\/07\/24\/evropska-kia-hlasi-narust-prodeju\/","title":{"rendered":"Kia hl\u00e1s\u00ed n\u00e1r\u016fst prodej\u016f v Evrop\u011b"},"content":{"rendered":"<p><strong>Podle nov\u00fdch \u00fadaj\u016f zve\u0159ejn\u011bn\u00fdch Evropsk\u00fdm sdru\u017een\u00edm v\u00fdrobc\u016f automobil\u016f (ACEA*) pokra\u010duje Kia ve sv\u00fdch rekordn\u00edch v\u00fdsledc\u00edch i v roce 2023, kdy v prvn\u00edm pololet\u00ed roku 2023 v Evrop\u011b registrovala 304 757 voz\u016f.<\/strong><!--more--><\/p>\n<p>V porovn\u00e1n\u00ed se stejn\u00fdm obdob\u00edm roku 2022 se jedn\u00e1 o 3,8% n\u00e1r\u016fst. Jen v \u010dervnu se prodalo 54 611 kus\u016f, co\u017e je o 5,4 % v\u00edce ne\u017e v \u010dervnu lo\u0148sk\u00e9ho roku. Tento n\u00e1r\u016fst pom\u00e1h\u00e1 udr\u017eet konzistentn\u00ed pod\u00edl zna\u010dky Kia na evropsk\u00e9m trhu v roce 2023 na \u00farovni 4,6 %.<\/p>\n<p>Elektrifikovan\u00e9 modely, se na evropsk\u00fdch prodej\u00edch Kia v prvn\u00ed polovin\u011b roku 2023 pod\u00edlely 34 % (103 656 kus\u016f).<\/p>\n<figure id=\"attachment_45654\" aria-describedby=\"caption-attachment-45654\" style=\"width: 1024px\" class=\"wp-caption alignnone\"><img loading=\"lazy\" decoding=\"async\" class=\"size-large wp-image-45654\" src=\"http:\/\/www.automakersnews.cz\/wp-content\/uploads\/2023\/05\/KIA_Auto_Stanek_Pisek_small-1024x683.jpg\" alt=\"\" width=\"1024\" height=\"683\" \/><figcaption id=\"caption-attachment-45654\" class=\"wp-caption-text\">V \u010cesku zah\u00e1jila zna\u010dka redesign sv\u00fdch showroom\u016f, nov\u00fdm designem u\u017e chlub\u00ed nap\u0159\u00edklad Auto Stan\u011bk v P\u00edsku<\/figcaption><\/figure>\n<p>Won-Jeong Jeong, prezident spole\u010dnosti Kia Europe, k tomu uvedl:<\/p>\n<p>&#8222;Po rekordn\u00edm za\u010d\u00e1tku roku pokra\u010duje Kia ve sv\u00fdch rekordn\u00edch v\u00fdsledc\u00edch i v prvn\u00ed polovin\u011b roku 2023. V\u011b\u0159\u00edme, \u017ee se zah\u00e1jen\u00edm prodeje na\u0161eho o\u010dek\u00e1van\u00e9ho modelu EV9 v pr\u016fb\u011bhu druh\u00e9 poloviny roku bude tento v\u016fz i nad\u00e1le ukazovat, jak daleko zna\u010dka pokro\u010dila, a demonstrovat s\u00edlu na\u0161eho technologick\u00e9ho prvenstv\u00ed, a \u017ee bude evropsk\u00fdmi z\u00e1kazn\u00edky dob\u0159e p\u0159ijat.&#8220;<\/p>\n<p>Nejprod\u00e1van\u011bj\u0161\u00edm modelem zna\u010dky Kia na trz\u00edch EU, ESVO a Spojen\u00e9ho kr\u00e1lovstv\u00ed byl v prvn\u00edm pololet\u00ed roku 2023 zcela nov\u00fd model Sportage s 82 826 kusy. N\u00e1sledovala modelov\u00e1 \u0159ada Ceed s 68 758 kusy a Picanto s 39 133 kusy.<\/p>\n<p><strong>*Zdroj: Zdroj: ACEA &#8211; pro EU + ESVO + Velkou Brit\u00e1nii.<\/strong><\/p>\n","protected":false},"excerpt":{"rendered":"<div class=\"mh-excerpt\"><p>Podle nov\u00fdch \u00fadaj\u016f zve\u0159ejn\u011bn\u00fdch Evropsk\u00fdm sdru\u017een\u00edm v\u00fdrobc\u016f automobil\u016f (ACEA*) pokra\u010duje Kia ve sv\u00fdch rekordn\u00edch v\u00fdsledc\u00edch i v roce 2023, kdy v prvn\u00edm pololet\u00ed roku 2023 <a class=\"mh-excerpt-more\" href=\"https:\/\/www.automakersnews.cz\/index.php\/2023\/07\/24\/evropska-kia-hlasi-narust-prodeju\/\" title=\"Kia hl\u00e1s\u00ed n\u00e1r\u016fst prodej\u016f v Evrop\u011b\">[&#8230;]<\/a><\/p>\n<\/div>","protected":false},"author":1,"featured_media":68336,"comment_status":"open","ping_status":"open","sticky":false,"template":"","format":"standard","meta":{"footnotes":""},"categories":[68,8],"tags":[],"class_list":["post-68335","post","type-post","status-publish","format-standard","has-post-thumbnail","hentry","category-registrace","category-statistika"],"_links":{"self":[{"href":"https:\/\/www.automakersnews.cz\/index.php\/wp-json\/wp\/v2\/posts\/68335","targetHints":{"allow":["GET"]}}],"collection":[{"href":"https:\/\/www.automakersnews.cz\/index.php\/wp-json\/wp\/v2\/posts"}],"about":[{"href":"https:\/\/www.automakersnews.cz\/index.php\/wp-json\/wp\/v2\/types\/post"}],"author":[{"embeddable":true,"href":"https:\/\/www.automakersnews.cz\/index.php\/wp-json\/wp\/v2\/users\/1"}],"replies":[{"embeddable":true,"href":"https:\/\/www.automakersnews.cz\/index.php\/wp-json\/wp\/v2\/comments?post=68335"}],"version-history":[{"count":0,"href":"https:\/\/www.automakersnews.cz\/index.php\/wp-json\/wp\/v2\/posts\/68335\/revisions"}],"wp:featuredmedia":[{"embeddable":true,"href":"https:\/\/www.automakersnews.cz\/index.php\/wp-json\/wp\/v2\/media\/68336"}],"wp:attachment":[{"href":"https:\/\/www.automakersnews.cz\/index.php\/wp-json\/wp\/v2\/media?parent=68335"}],"wp:term":[{"taxonomy":"category","embeddable":true,"href":"https:\/\/www.automakersnews.cz\/index.php\/wp-json\/wp\/v2\/categories?post=68335"},{"taxonomy":"post_tag","embeddable":true,"href":"https:\/\/www.automakersnews.cz\/index.php\/wp-json\/wp\/v2\/tags?post=68335"}],"curies":[{"name":"wp","href":"https:\/\/api.w.org\/{rel}","templated":true}]}}