{"id":68339,"date":"2023-07-24T09:22:43","date_gmt":"2023-07-24T09:22:43","guid":{"rendered":"https:\/\/www.automakersnews.cz\/?p=68339"},"modified":"2023-07-24T09:22:43","modified_gmt":"2023-07-24T09:22:43","slug":"evropska-kia-jmenovala-sefa-divize-pbv","status":"publish","type":"post","link":"https:\/\/www.automakersnews.cz\/index.php\/2023\/07\/24\/evropska-kia-jmenovala-sefa-divize-pbv\/","title":{"rendered":"Evropsk\u00e1 Kia jmenovala \u0161\u00e9fa divize PBV"},"content":{"rendered":"<p><strong>Kia Europe jmenovala \u0159editelem divize PBV Pierra-Martina Bose. Bos bude v t\u00e9to nov\u011b vytvo\u0159en\u00e9 funkci pracovat v m\u00edstn\u00ed centr\u00e1le Kia Europe ve Frankfurtu. Jako\u017eto vy\u0161\u0161\u00ed vedouc\u00ed pracovn\u00edk se Bos ujme \u0159\u00edzen\u00ed specializovan\u00e9ho t\u00fdmu, kter\u00fd od roku 2021 vytv\u00e1\u0159\u00ed v dan\u00e9m regionu z\u00e1klady pro tento obor.<\/strong><!--more--><\/p>\n<p>Bosov\u00fdm hlavn\u00edm \u00fakolem bude p\u0159ipravit evropsk\u00fd trh na dostupnost \u00fa\u010delov\u00fdch vozidel (Purpose Built Vehicles \u2013 PBV), a podpo\u0159it tak dal\u0161\u00ed rozvoj B2B podnik\u00e1n\u00ed spole\u010dnosti Kia.<\/p>\n<p>Do tohoto inovativn\u00edho segmentu spadaj\u00ed s\u00e9riov\u011b vyr\u00e1b\u011bn\u00e1 vozidla, kter\u00e1 lze optimalizovat pro konkr\u00e9tn\u00ed \u00fa\u010dely. Kia pl\u00e1nuje uv\u00e9st na trh st\u0159edn\u011b velk\u00fd model PBV v roce 2025 ve specializovan\u00e9m v\u00fdrobn\u00edm z\u00e1vod\u011b v korejsk\u00e9m Hwaseongu.<\/p>\n<p>Tato vozidla poh\u00e1n\u011bn\u00e1 bateri\u00ed a propojen\u00e1 se s\u00edt\u00ed v\u00fdrobce nab\u00edzej\u00ed zaj\u00edmav\u00fd potenci\u00e1l, zejm\u00e9na v oblastech vozidel ur\u010den\u00fdch pro podnik\u00e1n\u00ed a pro p\u0159epravu cestuj\u00edc\u00edch.<\/p>\n<p>Kia vstupuje na evropsk\u00fd trh s lehk\u00fdmi u\u017eitkov\u00fdmi vozy (LCV) jako nov\u00e1\u010dek. Bos se bude v nadch\u00e1zej\u00edc\u00edch letech v\u011bnovat p\u0159\u00edprav\u011b trhu a vytv\u00e1\u0159en\u00ed udr\u017eiteln\u00e9 s\u00edt\u011b pro nov\u00fd typ ekosyst\u00e9mu.<\/p>\n<p>Jeliko\u017e u\u017e od roku 1999 \u00fasp\u011b\u0161n\u011b p\u016fsobil na n\u011bkolika zahrani\u010dn\u00edch pozic\u00edch ve spole\u010dnosti Stellantis a ve firm\u00e1ch, kter\u00e9 byly jej\u00edmi p\u0159edch\u016fdci, p\u0159in\u00e1\u0161\u00ed s sebou v\u00edce ne\u017e dvacetilet\u00e9 zku\u0161enosti z automobilov\u00e9ho pr\u016fmyslu. Ve sv\u00e9 posledn\u00ed funkci ve spole\u010dnosti Stellantis \u2013 vedouc\u00ed LCV &amp; B2B \u2013 \u0159\u00eddil \u010dinnost jej\u00edch zna\u010dek na Bl\u00edzk\u00e9m v\u00fdchod\u011b a v Africe.<\/p>\n<p><strong>O sv\u00e9 nov\u00e9 pozici \u0159editele PBV se Bos vyj\u00e1d\u0159il takto: <\/strong><\/p>\n<p>\u201eJe to pro m\u011b pocta a t\u011b\u0161\u00edm se na to, \u017ee budu p\u0159ipravovat evropsk\u00fd trh pro tento pr\u016flomov\u00fd segment. Kia u\u017e v oblasti elektromobil\u016f dok\u00e1zala, \u017ee d\u00edky vynikaj\u00edc\u00edm technologi\u00edm se dok\u00e1\u017ee v kr\u00e1tk\u00e9 dob\u011b ujmout veden\u00ed na trhu. Velk\u00fd dojem na m\u011b d\u011bl\u00e1 to, jak tato zna\u010dka na ka\u017ed\u00e9m kroku p\u0159itahuje z\u00e1kazn\u00edky a dosahuje jejich maxim\u00e1ln\u00edho uspokojen\u00ed, p\u0159i\u010dem\u017e je na cest\u011b k tomu, aby se stala poskytovatelem \u0159e\u0161en\u00ed pro udr\u017eitelnou mobilitu. To je pro m\u011b hlavn\u00ed motivac\u00ed k tomu, abych vytvo\u0159il silnou s\u00ed\u0165 partner\u016f a p\u0159ipravil evropsk\u00fd trh na \u00fa\u010delov\u00e1 vozidla.\u201c<\/p>\n<p><strong>Prezident Kia Europe, Won-Jeong Jeong, k tomu sd\u011blil: <\/strong><\/p>\n<p>\u201eKia se chce v\u011bnovat inovac\u00edm a hr\u00e1t roli poskytovatele \u0159e\u0161en\u00ed pro udr\u017eitelnou mobilitu. D\u00edky sv\u00e9mu p\u0159\u00edstupu k sektoru PBV nab\u00edz\u00edme trhu B2B zcela nov\u00fd zp\u016fsob vyu\u017e\u00edv\u00e1n\u00ed udr\u017eiteln\u00e9 a pln\u011b propojen\u00e9 mobility. V Pierru-Martinu Bosovi z\u00edsk\u00e1v\u00e1me zku\u0161en\u00e9ho mana\u017eera, kter\u00fd d\u016fkladn\u011b rozum\u00ed na\u0161im z\u00e1kazn\u00edk\u016fm. Bude m\u00edt na starost d\u016fle\u017eitou pr\u016fkopnickou pr\u00e1ci, kter\u00e1 spole\u010dnosti Kia Europe pom\u016f\u017ee dos\u00e1hnout v budoucnosti je\u0161t\u011b lep\u0161\u00ed pozice.\u201c<\/p>\n<p><strong>Kari\u00e9ra mana\u017eera<\/strong><\/p>\n<p>Bos studoval stroj\u00edrenstv\u00ed na I.S.A.T. a v roce 1998 z\u00edskal na pa\u0159\u00ed\u017esk\u00e9 \u0161kole I.F.P. magistersk\u00fd titul v oboru v\u00fdvoje motor\u016f. Pot\u00e9 se v\u011bnoval mana\u017eersk\u00e9 kari\u00e9\u0159e v zahrani\u010d\u00ed \u2013 pracoval v Evrop\u011b, na Bl\u00edzk\u00e9m v\u00fdchod\u011b a v Africe pro spole\u010dnosti Fiat, Fiat Chrysler a Stellantis.<\/p>\n<p>Ve funkci gener\u00e1ln\u00edho \u0159editele Fiat Professional utv\u00e1\u0159el obor LCV na trz\u00edch mnoha evropsk\u00fdch zem\u00ed. Naposledy zast\u00e1val pozici vedouc\u00edho LCV &amp; B2B ve spole\u010dnosti Stellantis a pom\u00e1hal vytv\u00e1\u0159et jej\u00ed vedouc\u00ed pozici na bl\u00edzkov\u00fdchodn\u00edm a africk\u00e9m trhu. Sv\u00e9 funkce ve spole\u010dnosti Kia Europe se ujme 10. \u010dervence 2023.<\/p>\n","protected":false},"excerpt":{"rendered":"<div class=\"mh-excerpt\"><p>Kia Europe jmenovala \u0159editelem divize PBV Pierra-Martina Bose. Bos bude v t\u00e9to nov\u011b vytvo\u0159en\u00e9 funkci pracovat v m\u00edstn\u00ed centr\u00e1le Kia Europe ve Frankfurtu. Jako\u017eto vy\u0161\u0161\u00ed <a class=\"mh-excerpt-more\" href=\"https:\/\/www.automakersnews.cz\/index.php\/2023\/07\/24\/evropska-kia-jmenovala-sefa-divize-pbv\/\" title=\"Evropsk\u00e1 Kia jmenovala \u0161\u00e9fa divize PBV\">[&#8230;]<\/a><\/p>\n<\/div>","protected":false},"author":1,"featured_media":68341,"comment_status":"open","ping_status":"open","sticky":false,"template":"","format":"standard","meta":{"footnotes":""},"categories":[52,3],"tags":[],"class_list":["post-68339","post","type-post","status-publish","format-standard","has-post-thumbnail","hentry","category-kariera","category-personalie"],"_links":{"self":[{"href":"https:\/\/www.automakersnews.cz\/index.php\/wp-json\/wp\/v2\/posts\/68339","targetHints":{"allow":["GET"]}}],"collection":[{"href":"https:\/\/www.automakersnews.cz\/index.php\/wp-json\/wp\/v2\/posts"}],"about":[{"href":"https:\/\/www.automakersnews.cz\/index.php\/wp-json\/wp\/v2\/types\/post"}],"author":[{"embeddable":true,"href":"https:\/\/www.automakersnews.cz\/index.php\/wp-json\/wp\/v2\/users\/1"}],"replies":[{"embeddable":true,"href":"https:\/\/www.automakersnews.cz\/index.php\/wp-json\/wp\/v2\/comments?post=68339"}],"version-history":[{"count":0,"href":"https:\/\/www.automakersnews.cz\/index.php\/wp-json\/wp\/v2\/posts\/68339\/revisions"}],"wp:featuredmedia":[{"embeddable":true,"href":"https:\/\/www.automakersnews.cz\/index.php\/wp-json\/wp\/v2\/media\/68341"}],"wp:attachment":[{"href":"https:\/\/www.automakersnews.cz\/index.php\/wp-json\/wp\/v2\/media?parent=68339"}],"wp:term":[{"taxonomy":"category","embeddable":true,"href":"https:\/\/www.automakersnews.cz\/index.php\/wp-json\/wp\/v2\/categories?post=68339"},{"taxonomy":"post_tag","embeddable":true,"href":"https:\/\/www.automakersnews.cz\/index.php\/wp-json\/wp\/v2\/tags?post=68339"}],"curies":[{"name":"wp","href":"https:\/\/api.w.org\/{rel}","templated":true}]}}