{"id":68767,"date":"2023-07-25T07:01:50","date_gmt":"2023-07-25T07:01:50","guid":{"rendered":"https:\/\/www.automakersnews.cz\/?p=68767"},"modified":"2023-07-25T07:33:48","modified_gmt":"2023-07-25T07:33:48","slug":"ceny-pohonnych-hmot-vraci-zakazniky-zpet-k-nafte","status":"publish","type":"post","link":"https:\/\/www.automakersnews.cz\/index.php\/2023\/07\/25\/ceny-pohonnych-hmot-vraci-zakazniky-zpet-k-nafte\/","title":{"rendered":"Ceny PHM vrac\u00ed z\u00e1kazn\u00edky zp\u011bt k naft\u011b"},"content":{"rendered":"<p><strong>Za prvn\u00ed pololet\u00ed roku 2023 prodalo Auto ESA o 7 % v\u00edce vozidel ne\u017e v roce 2022. Vypl\u00fdv\u00e1 to z prodejn\u00edch statistik Auto ESA, jednoho z nejv\u011bt\u0161\u00edch \u010desk\u00fdch prodejc\u016f ojetin. <\/strong><!--more--><\/p>\n<p><em>\u201cZat\u00edmco v\u00a01Q roku 2023 byly v\u00fdsledky t\u00e9m\u011b\u0159 shodn\u00e9 jako v\u00a0p\u0159edchoz\u00edm roce, tak v\u00a02Q do\u0161lo k\u00a0n\u00e1r\u016fstu prodej\u016f o v\u00edce ne\u017e 10 %. To celkov\u011b znamen\u00e1 n\u00e1r\u016fst prodej\u016f o 1100 vozidel za prvn\u00ed p\u016fl rok 2023,\u201d<\/em> uvedl Filip Ku\u010dera, marketingov\u00fd \u0159editel Auto ESA.\u00a0 \u201e<em>Zaj\u00edmavou zm\u011bnou je n\u00e1vrat z\u00e1jmu o dieselov\u00e9 motory, p\u0159edpokl\u00e1d\u00e1m, \u017ee na konci roku bude pom\u011br prodej\u016f ve prosp\u011bch diesel\u016f<\/em>\u201c dopl\u0148uje Ku\u010dera.<\/p>\n<p><strong>Benz\u00edn st\u00e1le je\u0161t\u011b vede, ale jak dlouho?<\/strong><\/p>\n<p>Nejprod\u00e1van\u011bj\u0161\u00ed vozy jsou s\u00a0benzinov\u00fdm motorem, ale oproti p\u0159edchoz\u00edmu obdob\u00ed do\u0161lo k\u00a0t\u00e9m\u011b\u0159 vyrovn\u00e1n\u00ed pom\u011br\u016f benzin vs. diesel. Zat\u00edmco v\u00a0roce 2022 byl pom\u011br 51,5% benz\u00edn a 46,5% nafta, tak v\u00a0roce 2023 je pom\u011br 50% benz\u00edn a 48% nafta. Hlavn\u00edm d\u016fvodem je zv\u00fd\u0161en\u00ed rozd\u00edlu cen nafty a benz\u00ednu. Sou\u010dasn\u00fd rozd\u00edl mezi t\u011bmito palivy je a\u017e 7 K\u010d\/ litr. Co\u017e pro mnoho z\u00e1kazn\u00edk\u016f p\u0159edstavuje jasn\u00e9 plus pro dieselov\u00fd motor.<\/p>\n<p>S cenou paliv souvis\u00ed i n\u00e1r\u016fst z\u00e1jmu o elektrick\u00e9 vozy a hybridy. Nejprod\u00e1van\u011bj\u0161\u00edm modelem mezi elektrick\u00fdmi vozy byla \u0160koda Citigo s\u00a050 % pod\u00edlem, na druh\u00e9 m\u00edsto se pak dostalo BMW i3.<\/p>\n<p><strong>Nejprod\u00e1van\u011bj\u0161\u00ed zna\u010dky<\/strong><\/p>\n<p>Na pozic\u00edch TOP 5 zna\u010dek nedo\u0161lo k\u00a0\u017e\u00e1dn\u00e9 zm\u011bn\u011b a prvn\u00ed m\u00edsto v\u00a0\u017eeb\u0159\u00ed\u010dku nejprod\u00e1van\u011bj\u0161\u00edch zna\u010dek si jasn\u011b dr\u017e\u00ed \u0160koda s pod\u00edlem 35 %, druh\u00e1 v po\u0159ad\u00ed je zna\u010dka Volkswagen s\u00a011 %, t\u0159et\u00ed pak Ford s pod\u00edlem 10 %. Do top 5 zna\u010dek se dostali Renault a Hyundai.<\/p>\n<p>Skokanem prvn\u00edho pololet\u00ed se stala zna\u010dka Dacia, kter\u00e1 se pomalu dotahuje na TOP 5.<\/p>\n<p><strong>Nejprod\u00e1van\u011bj\u0161\u00ed modely<\/strong><\/p>\n<p>Ani v\u00a0po\u0159ad\u00ed nejprod\u00e1van\u011bj\u0161\u00edch model\u016f se nestalo nic z\u00e1sadn\u00edho a prvn\u00ed m\u00edsto si udr\u017eela Octavia II, na kterou se, ale dotahuje mlad\u0161\u00ed sestra Octavia III. Meziro\u010dn\u011b si nejv\u00edce polep\u0161il model \u0160koda Superb II, kter\u00fd se poprv\u00e9 dostal do TOP 10 nejprod\u00e1van\u011bj\u0161\u00edch model\u016f, podobn\u011b jako \u0160koda Rapid.<\/p>\n<p><strong>Jak\u00e9 karoserie si z\u00e1kazn\u00edci vyb\u00edrali<\/strong><\/p>\n<p>Nejprod\u00e1van\u011bj\u0161\u00ed karoseri\u00ed bylo kombi s\u00a0t\u00e9m\u011b\u0159 31% pod\u00edlem, hatchback\u016f se prodalo o v\u00edce ne\u017e 2 % m\u00e9n\u011b. Na t\u0159et\u00edm m\u00edst\u011b je pak kategorie SUV vozidel, kter\u00e1 spole\u010dn\u011b s\u00a0MPV vozy zaznamenala nejv\u011bt\u0161\u00ed zm\u011bnu oproti minul\u00e9mu roku. Ob\u011b tyto kategorie narostly o 2 %. Z\u00a0toho je patrn\u00fd p\u0159\u00edklon k\u00a0rodinn\u00fdm voz\u016fm.<\/p>\n<p><strong>Zm\u011bny v\u00a0cen\u00e1ch a pr\u016fm\u011brn\u00e9m st\u00e1\u0159\u00ed vozidel<\/strong><\/p>\n<p>Pr\u016fm\u011brn\u00e1 prodejn\u00ed cena v\u00fdznamn\u011b klesla a to na 190\u00a0800 K\u010d, oproti 202\u00a0300 K\u010d v\u00a0roce 2022. V\u00a0leto\u0161n\u00edm roce ceny ojetin nerostly, ba naopak do\u0161lo k\u00a0jejich zlevn\u011bn\u00ed oproti prvn\u00ed polovin\u011b roku 2022. Tomu odpov\u00edd\u00e1 i pr\u016fm\u011brn\u00e9 st\u00e1\u0159\u00ed prod\u00e1van\u00fdch aut, kter\u00e9 z\u016fstalo stejn\u00e9 a to 11 let. Naopak u o elektroaut byla pr\u016fm\u011brn\u00e1 cena o 70 tis. K\u010d vy\u0161\u0161\u00ed a to konkr\u00e9tn\u011b 493\u00a0800 K\u010d.<\/p>\n","protected":false},"excerpt":{"rendered":"<div class=\"mh-excerpt\"><p>Za prvn\u00ed pololet\u00ed roku 2023 prodalo Auto ESA o 7 % v\u00edce vozidel ne\u017e v roce 2022. Vypl\u00fdv\u00e1 to z prodejn\u00edch statistik Auto ESA, jednoho <a class=\"mh-excerpt-more\" href=\"https:\/\/www.automakersnews.cz\/index.php\/2023\/07\/25\/ceny-pohonnych-hmot-vraci-zakazniky-zpet-k-nafte\/\" title=\"Ceny PHM vrac\u00ed z\u00e1kazn\u00edky zp\u011bt k naft\u011b\">[&#8230;]<\/a><\/p>\n<\/div>","protected":false},"author":2,"featured_media":68768,"comment_status":"open","ping_status":"open","sticky":false,"template":"","format":"standard","meta":{"footnotes":""},"categories":[40],"tags":[],"class_list":["post-68767","post","type-post","status-publish","format-standard","has-post-thumbnail","hentry","category-bazary"],"_links":{"self":[{"href":"https:\/\/www.automakersnews.cz\/index.php\/wp-json\/wp\/v2\/posts\/68767","targetHints":{"allow":["GET"]}}],"collection":[{"href":"https:\/\/www.automakersnews.cz\/index.php\/wp-json\/wp\/v2\/posts"}],"about":[{"href":"https:\/\/www.automakersnews.cz\/index.php\/wp-json\/wp\/v2\/types\/post"}],"author":[{"embeddable":true,"href":"https:\/\/www.automakersnews.cz\/index.php\/wp-json\/wp\/v2\/users\/2"}],"replies":[{"embeddable":true,"href":"https:\/\/www.automakersnews.cz\/index.php\/wp-json\/wp\/v2\/comments?post=68767"}],"version-history":[{"count":0,"href":"https:\/\/www.automakersnews.cz\/index.php\/wp-json\/wp\/v2\/posts\/68767\/revisions"}],"wp:featuredmedia":[{"embeddable":true,"href":"https:\/\/www.automakersnews.cz\/index.php\/wp-json\/wp\/v2\/media\/68768"}],"wp:attachment":[{"href":"https:\/\/www.automakersnews.cz\/index.php\/wp-json\/wp\/v2\/media?parent=68767"}],"wp:term":[{"taxonomy":"category","embeddable":true,"href":"https:\/\/www.automakersnews.cz\/index.php\/wp-json\/wp\/v2\/categories?post=68767"},{"taxonomy":"post_tag","embeddable":true,"href":"https:\/\/www.automakersnews.cz\/index.php\/wp-json\/wp\/v2\/tags?post=68767"}],"curies":[{"name":"wp","href":"https:\/\/api.w.org\/{rel}","templated":true}]}}