{"id":68832,"date":"2023-07-25T09:12:01","date_gmt":"2023-07-25T09:12:01","guid":{"rendered":"https:\/\/www.automakersnews.cz\/?p=68832"},"modified":"2023-07-25T09:17:16","modified_gmt":"2023-07-25T09:17:16","slug":"porsche-holding-ma-zpravu-o-trvale-udrzitelnosti","status":"publish","type":"post","link":"https:\/\/www.automakersnews.cz\/index.php\/2023\/07\/25\/porsche-holding-ma-zpravu-o-trvale-udrzitelnosti\/","title":{"rendered":"Porsche Holding vyd\u00e1v\u00e1 zpr\u00e1vu o trval\u00e9 udr\u017eitelnosti"},"content":{"rendered":"<p><strong>Porsche Holding Salzburg, nejv\u011bt\u0161\u00ed obchodn\u00edk s auty v Evrop\u011b a mate\u0159sk\u00e1 spole\u010dnost nejv\u011bt\u0161\u00edho \u010desk\u00e9ho import\u00e9ra Porsche \u010cR, vydal svou prvn\u00ed zpr\u00e1vu o trval\u00e9 udr\u017eitelnosti. Co se v n\u00ed do\u010dteme?<\/strong><!--more--><\/p>\n<p>Souhrnn\u00e1 publikace s mottem \u201eLet\u2019s win the race\u201c p\u0159in\u00e1\u0161\u00ed p\u0159ehled v\u0161ech krok\u016f, kter\u00e9 spole\u010dnost podnik\u00e1 ve 29 zem\u00edch na cest\u011b k trval\u00e9 udr\u017eitelnosti a ochran\u011b klimatu.<\/p>\n<p>Porsche Holding Salzburg bude svou zpr\u00e1vu o trval\u00e9 udr\u017eitelnosti aktualizovat jednou ro\u010dn\u011b.<\/p>\n<p>\u201e\u2018Let\u2019s win the race\u2018 \u2013 s t\u00edmto mottem p\u0159istupujeme k nejv\u011bt\u0161\u00ed v\u00fdzv\u011b na\u0161\u00ed doby, zm\u011bn\u011b klimatu,\u201c \u0159\u00edk\u00e1 Jan Hurt, jednatel spole\u010dnosti Porsche \u010cesk\u00e1 republika, a dod\u00e1v\u00e1:<\/p>\n<p>\u201eK tomu, abychom t\u00e9to v\u00fdzv\u011b dok\u00e1zali \u00fasp\u011b\u0161n\u011b \u010delit, pot\u0159ebujeme nejv\u011bt\u0161\u00ed t\u00fdm \u0159idi\u010d\u016f \u2013 ka\u017ed\u00e9ho jednotlivce. Proto v r\u00e1mci cel\u00e9 na\u0161\u00ed skupiny podnik\u016f Porsche Holding Salzburg usilujeme o to, aby byly inovace pro trvalou udr\u017eitelnost dostupn\u00e9 a vyu\u017eiteln\u00e9 pro v\u0161echny. Souhrn v\u0161ech na\u0161ich aktivit v t\u00e9to oblasti p\u0159in\u00e1\u0161\u00ed prvn\u00ed Zpr\u00e1va o trval\u00e9 udr\u017eitelnosti 2022, kter\u00e1 transparentn\u00edm zp\u016fsobem dokumentuje, jak\u00fdm zp\u016fsobem za\u010dle\u0148ujeme \u00fa\u010dinn\u00e1 opat\u0159en\u00ed sm\u011b\u0159uj\u00edc\u00ed k trval\u00e9 udr\u017eitelnosti do<br \/>\nna\u0161eho obchodn\u00edho modelu budoucnosti.\u201c<\/p>\n<p>Porsche Holding Salzburg vyd\u00e1n\u00edm sv\u00e9 prvn\u00ed Zpr\u00e1vy o trval\u00e9 udr\u017eitelnosti reaguje na rostouc\u00ed z\u00e1jem zam\u011bstnanc\u016f, z\u00e1kazn\u00edk\u016f, obchodn\u00edch partner\u016f a \u0161irok\u00e9 ve\u0159ejnosti o trvalou udr\u017eitelnost i na nutnost podnikat urychlen\u00e9 kroky k ochran\u011b klimatu.<\/p>\n<p>Nejv\u011bt\u0161\u00ed obchodn\u00edk s automobily v Evrop\u011b s\u00e1z\u00ed ve sv\u00e9 udr\u017eiteln\u00e9 strategii, kter\u00e1 je neodmyslitelnou sou\u010d\u00e1st\u00ed jeho podnikov\u00e9 strategie, na odpov\u011bdn\u00fd p\u0159\u00edstup ke sni\u017eov\u00e1n\u00ed emis\u00ed CO2 v oblasti mobility (p\u0159echod na elektromobilitu), v dodavatelsk\u00e9m \u0159et\u011bzci, vlastn\u00edch budov\u00e1ch a provozn\u00edch procesech.<\/p>\n<p>Porsche Holding Salzburg ve sv\u00fdch investic\u00edch a financov\u00e1n\u00ed preferuje ekologick\u00e9 projekty a produkty a v souladu s ESG sou\u010dasn\u011b zohled\u0148uje tak\u00e9 soci\u00e1ln\u00ed a ekonomick\u00e9 aspekty. C\u00edle pro jednotliv\u00e9 oblasti, a\u0165 se jedn\u00e1 o nulov\u00e9 emise, zelen\u00e9 financov\u00e1n\u00ed, cirkul\u00e1rn\u00ed ekonomiku, zelen\u00e9 budovy nebo zelen\u00e9 obchodn\u00ed \u010dinnosti, jsou definov\u00e1ny centr\u00e1ln\u011b, ale specifick\u00e1 \u0159e\u0161en\u00ed jsou vyv\u00edjena lok\u00e1ln\u011b. Tento proces umo\u017e\u0148uje rychlej\u0161\u00ed realizaci efektivn\u00edch \u0159e\u0161en\u00ed.<\/p>\n<p>Pozornost je v\u011bnov\u00e1na nab\u00eddce flexibiln\u011bj\u0161\u00edch slu\u017eeb a nov\u00fdch koncept\u016f mobility, kter\u00e9 jsou kl\u00ed\u010dem k efektivn\u011bj\u0161\u00edmu pou\u017e\u00edv\u00e1n\u00ed a rostouc\u00ed akceptaci elektromobil\u016f. Porsche Holding Salzburg se jako odpov\u011bdn\u00e1 a udr\u017eiteln\u00e1 firma v t\u00e9to oblasti zam\u011b\u0159uje tak\u00e9 na v\u00fdstavbu pln\u011b funk\u010dn\u00ed infrastruktury pro nab\u00edjen\u00ed elektromobil\u016f zelenou elekt\u0159inou. Z\u00e1sadn\u00ed roli pro dosa\u017een\u00ed mnoha c\u00edl\u016f v oblasti udr\u017eitelnosti hraje tak\u00e9 digitalizace, kterou urychluje intern\u00ed odd\u011blen\u00ed IT.<\/p>\n<p><img loading=\"lazy\" decoding=\"async\" class=\"alignnone size-large wp-image-68833\" src=\"http:\/\/www.automakersnews.cz\/wp-content\/uploads\/2023\/07\/Porsche_Holding_Zprava-o-udrzitelnosti-scaled-e1690276267991-732x1024.jpg\" alt=\"\" width=\"732\" height=\"1024\" srcset=\"https:\/\/www.automakersnews.cz\/wp-content\/uploads\/2023\/07\/Porsche_Holding_Zprava-o-udrzitelnosti-scaled-e1690276267991-732x1024.jpg 732w, https:\/\/www.automakersnews.cz\/wp-content\/uploads\/2023\/07\/Porsche_Holding_Zprava-o-udrzitelnosti-scaled-e1690276267991-214x300.jpg 214w, https:\/\/www.automakersnews.cz\/wp-content\/uploads\/2023\/07\/Porsche_Holding_Zprava-o-udrzitelnosti-scaled-e1690276267991-768x1075.jpg 768w, https:\/\/www.automakersnews.cz\/wp-content\/uploads\/2023\/07\/Porsche_Holding_Zprava-o-udrzitelnosti-scaled-e1690276267991.jpg 829w\" sizes=\"auto, (max-width: 732px) 100vw, 732px\" \/><\/p>\n","protected":false},"excerpt":{"rendered":"<div class=\"mh-excerpt\"><p>Porsche Holding Salzburg, nejv\u011bt\u0161\u00ed obchodn\u00edk s auty v Evrop\u011b a mate\u0159sk\u00e1 spole\u010dnost nejv\u011bt\u0161\u00edho \u010desk\u00e9ho import\u00e9ra Porsche \u010cR, vydal svou prvn\u00ed zpr\u00e1vu o trval\u00e9 udr\u017eitelnosti. Co <a class=\"mh-excerpt-more\" href=\"https:\/\/www.automakersnews.cz\/index.php\/2023\/07\/25\/porsche-holding-ma-zpravu-o-trvale-udrzitelnosti\/\" title=\"Porsche Holding vyd\u00e1v\u00e1 zpr\u00e1vu o trval\u00e9 udr\u017eitelnosti\">[&#8230;]<\/a><\/p>\n<\/div>","protected":false},"author":1,"featured_media":17883,"comment_status":"open","ping_status":"open","sticky":false,"template":"","format":"standard","meta":{"footnotes":""},"categories":[38],"tags":[],"class_list":["post-68832","post","type-post","status-publish","format-standard","has-post-thumbnail","hentry","category-ekologie"],"_links":{"self":[{"href":"https:\/\/www.automakersnews.cz\/index.php\/wp-json\/wp\/v2\/posts\/68832","targetHints":{"allow":["GET"]}}],"collection":[{"href":"https:\/\/www.automakersnews.cz\/index.php\/wp-json\/wp\/v2\/posts"}],"about":[{"href":"https:\/\/www.automakersnews.cz\/index.php\/wp-json\/wp\/v2\/types\/post"}],"author":[{"embeddable":true,"href":"https:\/\/www.automakersnews.cz\/index.php\/wp-json\/wp\/v2\/users\/1"}],"replies":[{"embeddable":true,"href":"https:\/\/www.automakersnews.cz\/index.php\/wp-json\/wp\/v2\/comments?post=68832"}],"version-history":[{"count":0,"href":"https:\/\/www.automakersnews.cz\/index.php\/wp-json\/wp\/v2\/posts\/68832\/revisions"}],"wp:featuredmedia":[{"embeddable":true,"href":"https:\/\/www.automakersnews.cz\/index.php\/wp-json\/wp\/v2\/media\/17883"}],"wp:attachment":[{"href":"https:\/\/www.automakersnews.cz\/index.php\/wp-json\/wp\/v2\/media?parent=68832"}],"wp:term":[{"taxonomy":"category","embeddable":true,"href":"https:\/\/www.automakersnews.cz\/index.php\/wp-json\/wp\/v2\/categories?post=68832"},{"taxonomy":"post_tag","embeddable":true,"href":"https:\/\/www.automakersnews.cz\/index.php\/wp-json\/wp\/v2\/tags?post=68832"}],"curies":[{"name":"wp","href":"https:\/\/api.w.org\/{rel}","templated":true}]}}