{"id":68839,"date":"2023-07-25T09:56:58","date_gmt":"2023-07-25T09:56:58","guid":{"rendered":"https:\/\/www.automakersnews.cz\/?p=68839"},"modified":"2023-07-25T10:43:00","modified_gmt":"2023-07-25T10:43:00","slug":"roman-svidrnoch-opousti-mf-dnes","status":"publish","type":"post","link":"https:\/\/www.automakersnews.cz\/index.php\/2023\/07\/25\/roman-svidrnoch-opousti-mf-dnes\/","title":{"rendered":"Roman \u0160vidrnoch opou\u0161t\u00ed MF DNES"},"content":{"rendered":"<p><strong>Medi\u00e1ln\u00ed d\u016fm Mafra letos zru\u0161il t\u00fddenn\u00ed p\u0159\u00edlohu den\u00edku MF DNES s n\u00e1zvem Auto DNES, v srpnu z redakce odejde i jeden z jej\u00edch dlouholet\u00fdch redaktor\u016f. Od srpna jde po 30 letech v novina\u0159in\u011b na zaj\u00edmavou PR pozici.<\/strong><span id=\"more-12262\"><\/span><!--more--><\/p>\n<p>P\u0159\u00edlohu Auto DNES t\u00fddn\u011b p\u0159ipravovali redakto\u0159i Roman \u0160vidrnoch a Franti\u0161ek Dvo\u0159\u00e1k, spolu s Martinem \u0160idl\u00e1kem.<\/p>\n<p>Motoristick\u00e1 novina\u0159ina se pak ve vydavatelstv\u00ed Mafra p\u0159esunula do kyberprostoru, st\u00e1vaj\u00edc\u00ed redakto\u0159i plnili iDNES a dal\u0161\u00ed weby,\u201c potvrdil p\u0159ed p\u016fl rokem \u010dasopisu Automakers \u0160vidrnoch.<\/p>\n<p><img loading=\"lazy\" decoding=\"async\" class=\"alignnone size-full wp-image-68874\" src=\"http:\/\/www.automakersnews.cz\/wp-content\/uploads\/2023\/07\/Svidrnoch-Roman-1.jpg\" alt=\"\" width=\"560\" height=\"355\" srcset=\"https:\/\/www.automakersnews.cz\/wp-content\/uploads\/2023\/07\/Svidrnoch-Roman-1.jpg 560w, https:\/\/www.automakersnews.cz\/wp-content\/uploads\/2023\/07\/Svidrnoch-Roman-1-300x190.jpg 300w\" sizes=\"auto, (max-width: 560px) 100vw, 560px\" \/><\/p>\n<p>Nyn\u00ed s\u00e1m, po 30 letech v m\u00e9di\u00edch, z toho 23 letech v MF DNES a na idnesu, opou\u0161t\u00ed vydavatelstv\u00ed.<\/p>\n<p>&#8222;Nechal jsem se p\u0159emluvit k z\u00e1sadn\u00ed profesn\u00ed zm\u011bn\u011b a od 1. 8. nastupuju jako medi\u00e1ln\u00ed mana\u017eer (ne PR sm\u011brem k ve\u0159ejnosti, ale k motoristick\u00fdm novin\u00e1\u0159\u016fm) do AAA Auto. Krom\u011b p\u016fj\u010dov\u00e1n\u00ed novin\u00e1\u0159sk\u00fdch testovac\u00edch voz\u016f budu m\u00edt na starosti i tvorbu vlastn\u00edho medi\u00e1ln\u00edho obsahu, testov\u00e1n\u00ed aut, akce pro novin\u00e1\u0159e a podobn\u011b,&#8220; napsal n\u00e1m Roman.<\/p>\n<p>&#8222;Na pr\u00e1ci pro nejv\u011bt\u0161\u00edho prodejce pou\u017eit\u00fdch voz\u016f ve st\u0159edn\u00ed Evrop\u011b se hodn\u011b t\u011b\u0161\u00edm, je to nov\u00e1 velk\u00e1 v\u00fdzva. Pro v\u011bt\u0161inu \u010cech\u016f nast\u00e1v\u00e1 &#8222;doba ojetinov\u00e1&#8220;, nov\u00fdch aut ub\u00fdv\u00e1 a zdra\u017euj\u00ed a\u017e k nedostupnosti. Pr\u00e1v\u011b te\u010f je \u010das uk\u00e1zat lidem, \u017ee auto je v\u011bc pro dlouhodob\u00e9 pou\u017e\u00edv\u00e1n\u00ed a \u017ee v\u00fdm\u011bna voz\u016f po t\u0159ech, p\u011bti letech je rozma\u0159il\u00fd a hlavn\u011b zbyte\u010dn\u00fd luxus,&#8220; \u0159\u00edk\u00e1 Roman \u0160vidrnoch.<\/p>\n<p><strong>Zdroj: archiv, Roman \u0160vidrnoch, FOTO R\u0160<\/strong><\/p>\n<figure id=\"attachment_12264\" aria-describedby=\"caption-attachment-12264\" style=\"width: 754px\" class=\"wp-caption alignnone\"><img loading=\"lazy\" decoding=\"async\" class=\"size-large wp-image-12264\" src=\"http:\/\/www.automakersnews.cz\/wp-content\/uploads\/2023\/01\/Auto-DNES-orez-754x1024.jpg\" alt=\"\" width=\"754\" height=\"1024\" srcset=\"https:\/\/www.automakersnews.cz\/wp-content\/uploads\/2023\/01\/Auto-DNES-orez-754x1024.jpg 754w, https:\/\/www.automakersnews.cz\/wp-content\/uploads\/2023\/01\/Auto-DNES-orez-221x300.jpg 221w, https:\/\/www.automakersnews.cz\/wp-content\/uploads\/2023\/01\/Auto-DNES-orez-768x1043.jpg 768w, https:\/\/www.automakersnews.cz\/wp-content\/uploads\/2023\/01\/Auto-DNES-orez-1131x1536.jpg 1131w, https:\/\/www.automakersnews.cz\/wp-content\/uploads\/2023\/01\/Auto-DNES-orez.jpg 1499w\" sizes=\"auto, (max-width: 754px) 100vw, 754px\" \/><figcaption id=\"caption-attachment-12264\" class=\"wp-caption-text\">Prvn\u00ed vyd\u00e1n\u00ed Auto DNES roku 2022. Konec lo\u0148sk\u00e9ho roku byl nakonec pro obl\u00edbenou p\u0159\u00edlohu derni\u00e9rov\u00fd, stejn\u011b jako pro jej\u00edho hlavn\u00edho redaktora Romana \u0160vidrnocha.<\/figcaption><\/figure>\n","protected":false},"excerpt":{"rendered":"<div class=\"mh-excerpt\"><p>Medi\u00e1ln\u00ed d\u016fm Mafra letos zru\u0161il t\u00fddenn\u00ed p\u0159\u00edlohu den\u00edku MF DNES s n\u00e1zvem Auto DNES, v srpnu z redakce odejde i jeden z jej\u00edch dlouholet\u00fdch redaktor\u016f. <a class=\"mh-excerpt-more\" href=\"https:\/\/www.automakersnews.cz\/index.php\/2023\/07\/25\/roman-svidrnoch-opousti-mf-dnes\/\" title=\"Roman \u0160vidrnoch opou\u0161t\u00ed MF DNES\">[&#8230;]<\/a><\/p>\n<\/div>","protected":false},"author":1,"featured_media":68873,"comment_status":"open","ping_status":"open","sticky":false,"template":"","format":"standard","meta":{"footnotes":""},"categories":[27,49],"tags":[],"class_list":["post-68839","post","type-post","status-publish","format-standard","has-post-thumbnail","hentry","category-media","category-novinari"],"_links":{"self":[{"href":"https:\/\/www.automakersnews.cz\/index.php\/wp-json\/wp\/v2\/posts\/68839","targetHints":{"allow":["GET"]}}],"collection":[{"href":"https:\/\/www.automakersnews.cz\/index.php\/wp-json\/wp\/v2\/posts"}],"about":[{"href":"https:\/\/www.automakersnews.cz\/index.php\/wp-json\/wp\/v2\/types\/post"}],"author":[{"embeddable":true,"href":"https:\/\/www.automakersnews.cz\/index.php\/wp-json\/wp\/v2\/users\/1"}],"replies":[{"embeddable":true,"href":"https:\/\/www.automakersnews.cz\/index.php\/wp-json\/wp\/v2\/comments?post=68839"}],"version-history":[{"count":0,"href":"https:\/\/www.automakersnews.cz\/index.php\/wp-json\/wp\/v2\/posts\/68839\/revisions"}],"wp:featuredmedia":[{"embeddable":true,"href":"https:\/\/www.automakersnews.cz\/index.php\/wp-json\/wp\/v2\/media\/68873"}],"wp:attachment":[{"href":"https:\/\/www.automakersnews.cz\/index.php\/wp-json\/wp\/v2\/media?parent=68839"}],"wp:term":[{"taxonomy":"category","embeddable":true,"href":"https:\/\/www.automakersnews.cz\/index.php\/wp-json\/wp\/v2\/categories?post=68839"},{"taxonomy":"post_tag","embeddable":true,"href":"https:\/\/www.automakersnews.cz\/index.php\/wp-json\/wp\/v2\/tags?post=68839"}],"curies":[{"name":"wp","href":"https:\/\/api.w.org\/{rel}","templated":true}]}}