{"id":6904,"date":"2022-12-06T12:13:08","date_gmt":"2022-12-06T12:13:08","guid":{"rendered":"https:\/\/www.automakersnews.cz\/?p=6904"},"modified":"2022-12-06T12:27:40","modified_gmt":"2022-12-06T12:27:40","slug":"cupra-vyrabi-terramar-v-madarsku","status":"publish","type":"post","link":"https:\/\/www.automakersnews.cz\/index.php\/2022\/12\/06\/cupra-vyrabi-terramar-v-madarsku\/","title":{"rendered":"CUPRA vyr\u00e1b\u00ed Terramar v R\u00e1bu (Video)"},"content":{"rendered":"<p><strong>Mana\u017ee\u0159i zna\u010dky CUPRA odhalili p\u0159ed 200 zam\u011bstnanci v\u00fdrobn\u00edho z\u00e1vodu Audi Hungaria v ma\u010farsk\u00e9m R\u00e1bu (Gy\u0151r) nov\u00fd model Terramar, sv\u00e9 prvn\u00ed elektrifikovan\u00e9 SUV. V\u00fdrobn\u00ed z\u00e1vod v jedn\u00e9 z nejv\u00fdznamn\u011bj\u0161\u00edch pr\u016fmyslov\u00fdch z\u00f3n v zemi bude nov\u00fd model montovat spole\u010dn\u011b s vozy Audi.<\/strong><!--more--><\/p>\n<p>Zam\u011bstnanci si tak mohli zbl\u00edzka prohl\u00e9dnout v\u016fz, kter\u00fd budou vyr\u00e1b\u011bt od roku 2024. Akce se z\u00fa\u010dastnili p\u0159edseda p\u0159edstavenstva zna\u010dky CUPRA Wayne Griffiths, Markus Haupt, \u010dlen p\u0159edstavenstva spole\u010dnosti SEAT S.A. odpov\u011bdn\u00fd za v\u00fdrobu a logistiku, Alfons Dintner, p\u0159edseda p\u0159edstavenstva spole\u010dnosti Audi Hungaria, Zolt\u00e1n Les, \u010dlen p\u0159edstavenstva spole\u010dnosti Audi Hungaria odpov\u011bdn\u00fd za v\u00fdrobu automobil\u016f, a dal\u0161\u00ed p\u0159edstavitel\u00e9 spole\u010dnosti Audi Hungaria.<\/p>\n<p><strong>V\u00edtejte v\u00a0Kmenu CUPRA.<\/strong><strong>\u00a0\u201eJsme rebelov\u00e9 se skv\u011blou viz\u00ed a nekonven\u010dn\u00edm my\u0161len\u00edm. Spole\u010dn\u011b dok\u00e1\u017eeme velk\u00e9 v\u011bci,\u201c\u00a0<\/strong>\u0159ekl Wayne Griffiths p\u0159ed odhalen\u00edm modelu CUPRA Terramar.\u00a0<strong>\u201eTento model kombinuje emoce, sofistikovanost a sportovnost s\u00a0elektrifikac\u00ed. Terramar n\u00e1s posouv\u00e1 sm\u011brem k\u00a0trhu SUV, kter\u00fd je jedn\u00edm z\u00a0nejrychleji rostouc\u00edch segment\u016f v\u00a0Evrop\u011b.\u201c<\/strong><\/p>\n<p>Pot\u00e9, co p\u0159edseda p\u0159edstavenstva zna\u010dky CUPRA v\u016fz odhalil a sledoval \u00fa\u017eas zam\u011bstnanc\u016f, obr\u00e1til se p\u0159\u00edmo k\u00a0nim a pozval je do Kmene CUPRA:<\/p>\n<p><strong>\u201eSpole\u010dn\u011b s\u00a0v\u00e1mi, Kmenem CUPRA Audi Hungaria, budeme vyr\u00e1b\u011bt tuto jedine\u010dnou ikonu, kter\u00e1 dokonale zrcadl\u00ed DNA zna\u010dky CUPRA.\u201c<\/strong><\/p>\n<p><strong>Inspiruj\u00edc\u00ed budoucnost.<\/strong> Podle Alfonse Dintnera, p\u0159edsedy p\u0159edstavenstva spole\u010dnosti Audi Hungaria, je CUPRA Terramar <strong>\u201einspiruj\u00edc\u00edm modelem, v\u00fdznamnou sou\u010d\u00e1st\u00ed budoucnosti na\u0161\u00ed v\u00fdroby automobil\u016f\u201c<\/strong>. Dintner v\u00a0t\u00e9to souvislosti v\u011bnoval n\u011bkolik slov tak\u00e9 zna\u010dce CUPRA a ocenil\u00a0<strong>\u201ejej\u00ed cestu k\u00a0\u00fasp\u011bchu a jej\u00ed skv\u011bl\u00e9 vyhl\u00eddky\u201c<\/strong>. Pot\u00e9 vyzdvihl d\u016fkladn\u00e9 p\u0159\u00edpravy v\u00fdrobn\u00edho z\u00e1vodu na v\u00fdrobu modelu CUPRA Terramar:\u00a0<strong>\u201eOd n\u00e1s bude vyj\u00ed\u017ed\u011bt na silnice v\u00a0nejvy\u0161\u0161\u00ed kvalit\u011b.\u201c<\/strong><\/p>\n<iframe loading=\"lazy\"  style=\"display: block; margin: 0px auto;\"  id=\"_ytid_26783\"  width=\"800\" height=\"450\"  data-origwidth=\"800\" data-origheight=\"450\" src=\"https:\/\/www.youtube.com\/embed\/zYw0nOZOVy0?enablejsapi=1&autoplay=1&cc_load_policy=0&iv_load_policy=1&loop=1&playlist=zYw0nOZOVy0&modestbranding=0&fs=1&playsinline=0&controls=1&color=red&cc_lang_pref=&rel=1&autohide=2&theme=dark&\" class=\"__youtube_prefs__  no-lazyload\" title=\"YouTube player\"  allow=\"accelerometer; autoplay; clipboard-write; encrypted-media; gyroscope; picture-in-picture\" allowfullscreen data-no-lazy=\"1\" data-skipgform_ajax_framebjll=\"\"><\/iframe>\n<p><strong>T\u00fdmov\u00e1 pr\u00e1ce na vzd\u00e1lenost 1900 kilometr\u016f.<\/strong>\u00a0V\u00fdroba modelu CUPRA Terramar v\u00a0R\u00e1bu je\u00a0<strong>\u201ezp\u016fsobem, jak je\u0161t\u011b v\u00edce roz\u0161\u00ed\u0159it pevn\u00e9 vztahy mezi spole\u010dnostmi SEAT S.A. a Audi,\u201c<\/strong> \u0159ekl Griffiths, a tuto spolupr\u00e1ci ozna\u010dil za nov\u00fd p\u0159\u00edklad synergi\u00ed v\u00a0r\u00e1mci koncernu Volkswagen. Audi Hungaria ji\u017e vyr\u00e1b\u00ed motory pro model Formentor VZ5, p\u011btiv\u00e1lcovou verzi bestselleru zna\u010dky CUPRA. Formentor s\u00a0v\u00edce ne\u017e 80\u00a0000 vozy dodan\u00fdmi v\u00a0leto\u0161n\u00edm roce je vyr\u00e1b\u011bn v\u00a0z\u00e1vod\u011b SEAT Martorell, z\u00a0n\u011bho\u017e poch\u00e1z\u00ed tak\u00e9 model Audi A1.<\/p>\n","protected":false},"excerpt":{"rendered":"<div class=\"mh-excerpt\"><p>Mana\u017ee\u0159i zna\u010dky CUPRA odhalili p\u0159ed 200 zam\u011bstnanci v\u00fdrobn\u00edho z\u00e1vodu Audi Hungaria v ma\u010farsk\u00e9m R\u00e1bu (Gy\u0151r) nov\u00fd model Terramar, sv\u00e9 prvn\u00ed elektrifikovan\u00e9 SUV. V\u00fdrobn\u00ed z\u00e1vod v <a class=\"mh-excerpt-more\" href=\"https:\/\/www.automakersnews.cz\/index.php\/2022\/12\/06\/cupra-vyrabi-terramar-v-madarsku\/\" title=\"CUPRA vyr\u00e1b\u00ed Terramar v R\u00e1bu (Video)\">[&#8230;]<\/a><\/p>\n<\/div>","protected":false},"author":1,"featured_media":6934,"comment_status":"open","ping_status":"open","sticky":false,"template":"","format":"standard","meta":{"footnotes":""},"categories":[9],"tags":[],"class_list":["post-6904","post","type-post","status-publish","format-standard","has-post-thumbnail","hentry","category-investice"],"_links":{"self":[{"href":"https:\/\/www.automakersnews.cz\/index.php\/wp-json\/wp\/v2\/posts\/6904","targetHints":{"allow":["GET"]}}],"collection":[{"href":"https:\/\/www.automakersnews.cz\/index.php\/wp-json\/wp\/v2\/posts"}],"about":[{"href":"https:\/\/www.automakersnews.cz\/index.php\/wp-json\/wp\/v2\/types\/post"}],"author":[{"embeddable":true,"href":"https:\/\/www.automakersnews.cz\/index.php\/wp-json\/wp\/v2\/users\/1"}],"replies":[{"embeddable":true,"href":"https:\/\/www.automakersnews.cz\/index.php\/wp-json\/wp\/v2\/comments?post=6904"}],"version-history":[{"count":0,"href":"https:\/\/www.automakersnews.cz\/index.php\/wp-json\/wp\/v2\/posts\/6904\/revisions"}],"wp:featuredmedia":[{"embeddable":true,"href":"https:\/\/www.automakersnews.cz\/index.php\/wp-json\/wp\/v2\/media\/6934"}],"wp:attachment":[{"href":"https:\/\/www.automakersnews.cz\/index.php\/wp-json\/wp\/v2\/media?parent=6904"}],"wp:term":[{"taxonomy":"category","embeddable":true,"href":"https:\/\/www.automakersnews.cz\/index.php\/wp-json\/wp\/v2\/categories?post=6904"},{"taxonomy":"post_tag","embeddable":true,"href":"https:\/\/www.automakersnews.cz\/index.php\/wp-json\/wp\/v2\/tags?post=6904"}],"curies":[{"name":"wp","href":"https:\/\/api.w.org\/{rel}","templated":true}]}}