{"id":69330,"date":"2023-07-26T08:13:42","date_gmt":"2023-07-26T08:13:42","guid":{"rendered":"https:\/\/www.automakersnews.cz\/?p=69330"},"modified":"2023-07-26T08:14:53","modified_gmt":"2023-07-26T08:14:53","slug":"eu-naridila-znasobit-dobijecky-pro-elektroauta","status":"publish","type":"post","link":"https:\/\/www.automakersnews.cz\/index.php\/2023\/07\/26\/eu-naridila-znasobit-dobijecky-pro-elektroauta\/","title":{"rendered":"Rada EU na\u0159\u00eddila zn\u00e1sobit dob\u00edje\u010dky pro elektroauta"},"content":{"rendered":"<p class=\"v1MsoNormal\"><strong>Rada EU schv\u00e1lila 25. \u010dervence na\u0159\u00edzen\u00ed o povinn\u00e9m roz\u0161i\u0159ov\u00e1n\u00ed dob\u00edje\u010dek pro vozy na alternativn\u00ed pohony. Lze jej pova\u017eovat za definitivn\u00ed, by\u0165 se je\u0161t\u011b \u010dek\u00e1 na zve\u0159ejn\u011bn\u00ed v \u00da\u0159edn\u00edm v\u011bstn\u00edku EU. Co v\u0161e nov\u00e9 na\u0159\u00edzen\u00ed obsahuje?<\/strong><!--more--><\/p>\n<p class=\"v1MsoNormal\">Zn\u00e1soben\u00ed dob\u00edjec\u00edch stanic pro elektromobily i vozy na vod\u00edk a zaji\u0161t\u011bn\u00ed bezkontaktn\u00edho placen\u00ed na t\u011bchto stanic\u00edch. Tak lze shrnout hlavn\u00ed \u00fakol z na\u0159\u00edzen\u00ed schv\u00e1len\u00e9ho Radou EU i Evropsk\u00fdm parlamentem. \u010cesko ale nen\u00ed na spln\u011bn\u00ed nov\u00fdch standard\u016f dostate\u010dn\u011b p\u0159ipraveno, upozor\u0148uje spole\u010dnost KPMG.<\/p>\n<p>Na\u0159\u00edzen\u00ed, kter\u00e9 je sou\u010d\u00e1st\u00ed ekologick\u00e9ho bal\u00ed\u010dku &#8222;Fit for 55&#8220;, si klade za c\u00edl podpo\u0159it p\u0159echod na vozidla s n\u00edzk\u00fdmi nebo \u017e\u00e1dn\u00fdmi emisemi sklen\u00edkov\u00fdch plyn\u016f. \u010clensk\u00fdm st\u00e1t\u016fm EU proto ukl\u00e1d\u00e1 povinnost v\u00fdrazn\u011b roz\u0161\u00ed\u0159it infrastrukturu pro automobily poh\u00e1n\u011bn\u00e9 elekt\u0159inou \u010di vod\u00edkem.<\/p>\n<p>Do roku 2026 mus\u00ed b\u00fdt pro elektromobily dostupn\u00e9 dob\u00edjec\u00ed stanice s v\u00fdkonem alespo\u0148 400 kW nejm\u00e9n\u011b ka\u017ed\u00fdch 60 km na tras\u00e1ch p\u00e1te\u0159n\u00ed dopravn\u00ed s\u00edt\u011b TEN-T, tedy nap\u0159\u00edklad i na tahu mezi Prahou a Brnem. Do roku 2028 chce na\u0159\u00edzen\u00ed v\u00fdstupn\u00ed v\u00fdkon s\u00edt\u011b zv\u00fd\u0161it na 600 kW.<\/p>\n<p>Dob\u00edjec\u00ed stanice pro n\u00e1kladn\u00ed vozidla a autobusy mus\u00ed b\u00fdt k dispozici ka\u017ed\u00fdch 120 km. Do roku 2028 by m\u011bly b\u00fdt instalov\u00e1ny na polovin\u011b hlavn\u00edch silnic EU. Vod\u00edkov\u00e9 \u010derpac\u00ed stanice maj\u00ed st\u00e1t na polovin\u011b hlavn\u00edch silnic EU do roku 2028.<\/p>\n<p>\u0158idi\u010d\u016fm vozidel na alternativn\u00ed paliva umo\u017en\u00ed na\u0159\u00edzen\u00ed platit na dob\u00edjec\u00edch stanic\u00edch pomoc\u00ed platebn\u00edch karet nebo bezkontaktn\u011b a v\u017edy bez nutnosti p\u0159edplatn\u00e9ho. Cena bude z\u00e1viset na mno\u017estv\u00ed spot\u0159ebovan\u00e9 energie, hmotnosti vozu nebo dob\u011b dob\u00edjen\u00ed.<\/p>\n<p>Do roku 2027 m\u00e1 tak\u00e9 vzniknout celounijn\u00ed datab\u00e1ze s informacemi o dostupnosti, \u010dekac\u00ed dob\u011b a cen\u00e1ch na r\u016fzn\u00fdch stanic\u00edch.<\/p>\n<p><strong>Na trhu s elekt\u0159inou se objev\u00ed nov\u00e1 \u0159e\u0161en\u00ed vyu\u017e\u00edvaj\u00edc\u00ed um\u011blou inteligenci <\/strong><\/p>\n<p><em>\u201eNa\u0159\u00edzen\u00ed je\u0161t\u011b \u010dek\u00e1 na <\/em><em>vyhl\u00e1\u0161en\u00ed v \u00da\u0159edn\u00edm v\u011bstn\u00edku EU, ale to u\u017e je jen formalita, kter\u00e1 na schv\u00e1len\u00fdch pravidlech nic nezm\u011bn\u00ed. <\/em><em>EU tedy znovu potvrdila, \u017ee jednozna\u010dn\u011b sm\u011b\u0159uje k\u00a0rychl\u00e9mu p\u0159echodu na udr\u017eitelnou dopravu. \u010cesko v\u0161ak za t\u00edmto trendem klop\u00fdt\u00e1 a nen\u00ed na spln\u011bn\u00ed nov\u00fdch unijn\u00edch standard\u016f dostate\u010dn\u011b p\u0159ipraven\u00e9 ani po legislativn\u00ed, nato\u017e praktick\u00e9 str\u00e1nce,\u201c<\/em> \u0159ekl Tom\u00e1\u0161 Ko\u010da\u0159, specialista na evropsk\u00e9 pr\u00e1vo z advok\u00e1tn\u00ed kancel\u00e1\u0159e KPMG Legal.<\/p>\n<p><em>\u201eDostupnost dob\u00edjec\u00edch stanic v \u010desk\u00fdch m\u011bstech i na hlavn\u00edch d\u00e1lnic\u00edch je nedostate\u010dn\u00e1 a nedosahuje po\u017eadovan\u00fdch standard\u016f. Roz\u0161\u00ed\u0159en\u00ed nab\u00edjec\u00ed kapacity si vy\u017e\u00e1d\u00e1 nemal\u00e9 finan\u010dn\u00ed prost\u0159edky, kter\u00e9 budou tvo\u0159eny kombinac\u00ed investic soukrom\u00fdch firem a dotac\u00ed z\u00a0ve\u0159ejn\u00fdch zdroj\u016f. Na pokryt\u00ed p\u00e1te\u0159n\u00edch tah\u016f je mo\u017en\u00e9 \u010derpat pen\u00edze i z\u00a0evropsk\u00fdch fond\u016f, nap\u0159\u00edklad Connecting Europe Facility. V\u00fdvoj bude velmi dynamick\u00fd a na trhu s\u00a0elekt\u0159inou povede k\u00a0nutnosti zav\u00e1d\u011bn\u00ed nov\u00fdch technologick\u00fdch \u0159e\u0161en\u00ed s\u00a0vyu\u017eit\u00edm um\u011bl\u00e9 inteligence nebo p\u0159inejmen\u0161\u00edm d\u00e1lkov\u00e9ho \u0159\u00edzen\u00ed dob\u00edjec\u00edch m\u00edst,\u201c <\/em>dodal automobilov\u00fd expert KPMG Jan Linhart.<\/p>\n<p><strong>Zdroj: KPMG<\/strong><\/p>\n<p><img loading=\"lazy\" decoding=\"async\" class=\"alignnone size-large wp-image-17154\" src=\"http:\/\/www.automakersnews.cz\/wp-content\/uploads\/2023\/01\/Porsche-MOL-nabijecka-1024x1024.jpg\" alt=\"\" width=\"1024\" height=\"1024\" \/><\/p>\n<p>&nbsp;<\/p>\n","protected":false},"excerpt":{"rendered":"<div class=\"mh-excerpt\"><p>Rada EU schv\u00e1lila 25. \u010dervence na\u0159\u00edzen\u00ed o povinn\u00e9m roz\u0161i\u0159ov\u00e1n\u00ed dob\u00edje\u010dek pro vozy na alternativn\u00ed pohony. Lze jej pova\u017eovat za definitivn\u00ed, by\u0165 se je\u0161t\u011b \u010dek\u00e1 na <a class=\"mh-excerpt-more\" href=\"https:\/\/www.automakersnews.cz\/index.php\/2023\/07\/26\/eu-naridila-znasobit-dobijecky-pro-elektroauta\/\" title=\"Rada EU na\u0159\u00eddila zn\u00e1sobit dob\u00edje\u010dky pro elektroauta\">[&#8230;]<\/a><\/p>\n<\/div>","protected":false},"author":1,"featured_media":41092,"comment_status":"open","ping_status":"open","sticky":false,"template":"","format":"standard","meta":{"footnotes":""},"categories":[21],"tags":[],"class_list":["post-69330","post","type-post","status-publish","format-standard","has-post-thumbnail","hentry","category-legislativa"],"_links":{"self":[{"href":"https:\/\/www.automakersnews.cz\/index.php\/wp-json\/wp\/v2\/posts\/69330","targetHints":{"allow":["GET"]}}],"collection":[{"href":"https:\/\/www.automakersnews.cz\/index.php\/wp-json\/wp\/v2\/posts"}],"about":[{"href":"https:\/\/www.automakersnews.cz\/index.php\/wp-json\/wp\/v2\/types\/post"}],"author":[{"embeddable":true,"href":"https:\/\/www.automakersnews.cz\/index.php\/wp-json\/wp\/v2\/users\/1"}],"replies":[{"embeddable":true,"href":"https:\/\/www.automakersnews.cz\/index.php\/wp-json\/wp\/v2\/comments?post=69330"}],"version-history":[{"count":0,"href":"https:\/\/www.automakersnews.cz\/index.php\/wp-json\/wp\/v2\/posts\/69330\/revisions"}],"wp:featuredmedia":[{"embeddable":true,"href":"https:\/\/www.automakersnews.cz\/index.php\/wp-json\/wp\/v2\/media\/41092"}],"wp:attachment":[{"href":"https:\/\/www.automakersnews.cz\/index.php\/wp-json\/wp\/v2\/media?parent=69330"}],"wp:term":[{"taxonomy":"category","embeddable":true,"href":"https:\/\/www.automakersnews.cz\/index.php\/wp-json\/wp\/v2\/categories?post=69330"},{"taxonomy":"post_tag","embeddable":true,"href":"https:\/\/www.automakersnews.cz\/index.php\/wp-json\/wp\/v2\/tags?post=69330"}],"curies":[{"name":"wp","href":"https:\/\/api.w.org\/{rel}","templated":true}]}}