{"id":69336,"date":"2023-07-26T08:40:36","date_gmt":"2023-07-26T08:40:36","guid":{"rendered":"https:\/\/www.automakersnews.cz\/?p=69336"},"modified":"2023-07-26T08:41:56","modified_gmt":"2023-07-26T08:41:56","slug":"sef-skody-zellmer-se-blyskl-na-tour-de-france","status":"publish","type":"post","link":"https:\/\/www.automakersnews.cz\/index.php\/2023\/07\/26\/sef-skody-zellmer-se-blyskl-na-tour-de-france\/","title":{"rendered":"\u0160koda Auto se bl\u00fdskla na Tour de France"},"content":{"rendered":"<p><strong>Po t\u0159ech t\u00fddnech a v\u00edce ne\u017e 3 400 kilometrech projeli z\u00e1vodn\u00edci na pa\u0159\u00ed\u017esk\u00e9m bulv\u00e1ru Champs-Elys\u00e9es c\u00edlem 110. Tour de France. P\u0159ed\u00e1n\u00ed cen se z\u00fa\u010dastnil i \u0161\u00e9f \u0160kody Auto Klaus Zellmer.<\/strong><!--more--><\/p>\n<p>Celkov\u00fdm v\u00edt\u011bzem se stal Jonas Vingegaard (druh\u00fd zleva na stupni v\u00edt\u011bz\u016f) a\u00a0p\u0159evzal trofej z\u00a0k\u0159i\u0161\u0165\u00e1lov\u00e9ho skla. Zelenou trofej z\u00edskal v\u00edt\u011bz bodovac\u00ed sout\u011b\u017ee, Jasper Philipsen (na stupni v\u00edt\u011bz\u016f vlevo). Slavnostn\u00edho ceremoni\u00e1lu se z\u00fa\u010dastnil p\u0159edseda p\u0159edstavenstva \u0160koda Auto, Klaus Zellmer (vpravo).<\/p>\n<p>Z\u00e1rove\u0148 si \u0160koda Auto a Tour de France p\u0159ipom\u00ednaj\u00ed 20. v\u00fdro\u010d\u00ed sv\u00e9ho partnerstv\u00ed. P\u0159i t\u00e9to p\u0159\u00edle\u017eitosti doprovodil z\u00e1vodn\u00edky do c\u00edle nov\u00fd v\u016fz \u0160koda Superb Combi.<\/p>\n<figure id=\"attachment_69338\" aria-describedby=\"caption-attachment-69338\" style=\"width: 1024px\" class=\"wp-caption alignnone\"><img loading=\"lazy\" decoding=\"async\" class=\"size-large wp-image-69338\" src=\"http:\/\/www.automakersnews.cz\/wp-content\/uploads\/2023\/07\/Tour-de-France-superb-1024x683.jpg\" alt=\"\" width=\"1024\" height=\"683\" \/><figcaption id=\"caption-attachment-69338\" class=\"wp-caption-text\">V z\u00e1v\u011bru 110. Tour de France \u0160koda Auto doprovodily z\u00e1vodn\u00edky do c\u00edle dva vozy Superb Combi \u010dtvrt\u00e9 generace v\u00a0kamufl\u00e1\u017ei vytvo\u0159en\u00e9 speci\u00e1ln\u011b pro tuto p\u0159\u00edle\u017eitost.<\/figcaption><\/figure>\n<p>&nbsp;<\/p>\n","protected":false},"excerpt":{"rendered":"<div class=\"mh-excerpt\"><p>Po t\u0159ech t\u00fddnech a v\u00edce ne\u017e 3 400 kilometrech projeli z\u00e1vodn\u00edci na pa\u0159\u00ed\u017esk\u00e9m bulv\u00e1ru Champs-Elys\u00e9es c\u00edlem 110. Tour de France. P\u0159ed\u00e1n\u00ed cen se z\u00fa\u010dastnil i <a class=\"mh-excerpt-more\" href=\"https:\/\/www.automakersnews.cz\/index.php\/2023\/07\/26\/sef-skody-zellmer-se-blyskl-na-tour-de-france\/\" title=\"\u0160koda Auto se bl\u00fdskla na Tour de France\">[&#8230;]<\/a><\/p>\n<\/div>","protected":false},"author":1,"featured_media":69337,"comment_status":"open","ping_status":"open","sticky":false,"template":"","format":"standard","meta":{"footnotes":""},"categories":[18],"tags":[],"class_list":["post-69336","post","type-post","status-publish","format-standard","has-post-thumbnail","hentry","category-sponzoring"],"_links":{"self":[{"href":"https:\/\/www.automakersnews.cz\/index.php\/wp-json\/wp\/v2\/posts\/69336","targetHints":{"allow":["GET"]}}],"collection":[{"href":"https:\/\/www.automakersnews.cz\/index.php\/wp-json\/wp\/v2\/posts"}],"about":[{"href":"https:\/\/www.automakersnews.cz\/index.php\/wp-json\/wp\/v2\/types\/post"}],"author":[{"embeddable":true,"href":"https:\/\/www.automakersnews.cz\/index.php\/wp-json\/wp\/v2\/users\/1"}],"replies":[{"embeddable":true,"href":"https:\/\/www.automakersnews.cz\/index.php\/wp-json\/wp\/v2\/comments?post=69336"}],"version-history":[{"count":0,"href":"https:\/\/www.automakersnews.cz\/index.php\/wp-json\/wp\/v2\/posts\/69336\/revisions"}],"wp:featuredmedia":[{"embeddable":true,"href":"https:\/\/www.automakersnews.cz\/index.php\/wp-json\/wp\/v2\/media\/69337"}],"wp:attachment":[{"href":"https:\/\/www.automakersnews.cz\/index.php\/wp-json\/wp\/v2\/media?parent=69336"}],"wp:term":[{"taxonomy":"category","embeddable":true,"href":"https:\/\/www.automakersnews.cz\/index.php\/wp-json\/wp\/v2\/categories?post=69336"},{"taxonomy":"post_tag","embeddable":true,"href":"https:\/\/www.automakersnews.cz\/index.php\/wp-json\/wp\/v2\/tags?post=69336"}],"curies":[{"name":"wp","href":"https:\/\/api.w.org\/{rel}","templated":true}]}}