{"id":69375,"date":"2023-07-27T07:59:54","date_gmt":"2023-07-27T07:59:54","guid":{"rendered":"https:\/\/www.automakersnews.cz\/?p=69375"},"modified":"2023-07-28T09:27:18","modified_gmt":"2023-07-28T09:27:18","slug":"dwa-partnerem-skoly-petra-cecha","status":"publish","type":"post","link":"https:\/\/www.automakersnews.cz\/index.php\/2023\/07\/27\/dwa-partnerem-skoly-petra-cecha\/","title":{"rendered":"DWA podpo\u0159ilo fotbalov\u00fd kemp Petra \u010cecha"},"content":{"rendered":"<p><strong>Das WeltAuto podpo\u0159ilo v roli hlavn\u00edho partnera Fotbalovou \u0161kolu Petra \u010cecha. Ji\u017e 18. ro\u010dn\u00edk tradi\u010dn\u00ed akce pro kluky a holky od 7 do 15 let, kte\u0159\u00ed miluj\u00ed fotbal, se letos uskute\u010dnil v Hlubok\u00e9 nad Vltavou. Das WeltAuto p\u0159isp\u011bl fotbalov\u00e9ho kempu flotilou elektricky poh\u00e1n\u011bn\u00fdch model\u016f z rodiny Volkswagen ID.<\/strong><!--more--><\/p>\n<p>\u201eZ partnerstv\u00ed s Fotbalovou \u0161kolou Petra \u010cecha m\u00e1m velkou radost, proto\u017ee fotbal s\u00e1m miluji,\u201c \u0159\u00edk\u00e1 Martin Kade\u010dka, vedouc\u00ed divize Das WeltAuto spole\u010dnosti Porsche \u010cesk\u00e1 republika, a dod\u00e1v\u00e1: \u201eV \u010cesku mimo\u0159\u00e1dn\u011b popul\u00e1rn\u00ed fotbal je toti\u017e zalo\u017een na dokonal\u00e9 souh\u0159e cel\u00e9ho t\u00fdmu. Na stejn\u00e9m principu slav\u00ed \u00fasp\u011bchy tak\u00e9 zna\u010dka Das WeltAuto na trhu s ojet\u00fdmi vozy. A stejn\u011b jako Das WeltAuto buduje sv\u00fdm zam\u011b\u0159en\u00edm na elektromobily ji\u017e dnes budoucnost individu\u00e1ln\u00ed mobility, p\u0159ipravuje Fotbalov\u00e1 \u0161kola Petra \u010cecha budouc\u00ed hv\u011bzdy \u010desk\u00e9ho fotbalu. V\u0161em mlad\u00fdm fotbalistk\u00e1m a fotbalist\u016fm p\u0159eji za zna\u010dku Das WeltAuto mnoho \u00fasp\u011bch\u016f na h\u0159i\u0161ti i mimo n\u011bj.\u201c<\/p>\n<p><img loading=\"lazy\" decoding=\"async\" class=\"alignnone wp-image-69405\" src=\"http:\/\/www.automakersnews.cz\/wp-content\/uploads\/2023\/07\/skoda-kepm-Petr-Cech-small-2-300x225.jpg\" alt=\"\" width=\"788\" height=\"591\" srcset=\"https:\/\/www.automakersnews.cz\/wp-content\/uploads\/2023\/07\/skoda-kepm-Petr-Cech-small-2-300x225.jpg 300w, https:\/\/www.automakersnews.cz\/wp-content\/uploads\/2023\/07\/skoda-kepm-Petr-Cech-small-2-768x576.jpg 768w, https:\/\/www.automakersnews.cz\/wp-content\/uploads\/2023\/07\/skoda-kepm-Petr-Cech-small-2-678x509.jpg 678w, https:\/\/www.automakersnews.cz\/wp-content\/uploads\/2023\/07\/skoda-kepm-Petr-Cech-small-2-326x245.jpg 326w, https:\/\/www.automakersnews.cz\/wp-content\/uploads\/2023\/07\/skoda-kepm-Petr-Cech-small-2-80x60.jpg 80w, https:\/\/www.automakersnews.cz\/wp-content\/uploads\/2023\/07\/skoda-kepm-Petr-Cech-small-2.jpg 1024w\" sizes=\"auto, (max-width: 788px) 100vw, 788px\" \/><\/p>\n<p>Talentovan\u00ed fotbalist\u00e9 a fotbalistky v kategori\u00edch od mlad\u0161\u00ed p\u0159\u00edpravky a\u017e po star\u0161\u00ed \u017e\u00e1ky se i v leto\u0161n\u00edm roce se\u0161li v hojn\u00e9m po\u010dtu t\u00e9m\u011b\u0159 120 fotbalov\u00fdch nad\u0161enc\u016f na letn\u00edm kempu v r\u00e1mci Fotbalov\u00e9 \u0161koly Petra \u010cecha, kterou od roku 2006 ka\u017edoro\u010dn\u011b po\u0159\u00e1d\u00e1 Asociace pro sport a fair play, z.s. Z hotelu na tr\u00e9nink a dal\u0161\u00ed aktivity je po Hlubok\u00e9 nad Vltavou vozila flotila elektromobil\u016f Volkswagen ID.3, ID.4 a ID. Buzz s nulov\u00fdmi emisemi, kterou organiz\u00e1tor\u016fm poskytl program prodeje prov\u011b\u0159en\u00fdch ojet\u00fdch voz\u016f Das WeltAuto jako hlavn\u00ed partner cel\u00e9 akce.<\/p>\n<p>\u00da\u010dastn\u00edci kempu z\u00edskali p\u0159edstavu, jak\u00e9 to je b\u00fdt profesion\u00e1ln\u00edm fotbalistou. Krom\u011b pravideln\u00fdch fotbalov\u00fdch tr\u00e9nink\u016f veden\u00fdch profesion\u00e1ln\u00edmi tren\u00e9ry si u\u017e\u00edvali tak\u00e9 \u0159adu dal\u0161\u00edch sportovn\u00edch, regenera\u010dn\u00edch a relaxa\u010dn\u00edch aktivit i bohat\u00fd doprovodn\u00fd program. Nechyb\u011bly dokonce ani hodiny angli\u010dtiny s lektory z jazykov\u00e9 \u0161koly, \u010di \u201eMedia Day\u201c s focen\u00edm a nat\u00e1\u010den\u00edm jako v nejlep\u0161\u00edch fotbalov\u00fdch t\u00fdmech. Z\u00e1\u017eitky zp\u0159\u00edjemnilo setk\u00e1n\u00ed s \u010deskou fotbalovou legendou, brank\u00e1\u0159em Petrem \u010cechem. Den s Petrem \u010cechem zahrnoval nejen spole\u010dn\u00fd tr\u00e9nink, ale tak\u00e9 focen\u00ed, autogrami\u00e1du a besedu, na kter\u00e9 Petr \u010cech odpov\u00eddal na nejr\u016fzn\u011bj\u0161\u00ed dotazy.<\/p>\n<p>T\u00fddenn\u00ed sna\u017een\u00ed bylo zakon\u010deno tradi\u010dn\u00edm fotbalov\u00fdm turnajem a vyhl\u00e1\u0161en\u00edm nejen v\u00edt\u011bzn\u00fdch t\u00fdm\u016f, ale tak\u00e9 nej\u0161ikovn\u011bj\u0161\u00edch jednotlivc\u016f ve fotbalov\u00fdch dovednostech, v\u00fduce angli\u010dtiny a \u201epo\u0159\u00e1dkumilovnosti\u201c. \u201eZa Das WeltAuto n\u00e1s pot\u011b\u0161il z\u00e1jem po\u0159adatel\u016f o celkov\u00fd rozvoj osobnost\u00ed d\u011bt\u00ed, proto jsme za spole\u010dnou spolupr\u00e1ci tak r\u00e1di. P\u0159idanou hodnotou za na\u0161i zna\u010dku pak bylo v\u011bdom\u00ed, \u017ee se ka\u017ed\u00fd \u00fa\u010dastn\u00edk vrac\u00ed dom\u016f nejen s kr\u00e1sn\u00fdmi z\u00e1\u017eitky, ale tak\u00e9 dokonale slad\u011bn\u00fdmi dresy v oran\u017eovo-\u010dern\u00fdch barv\u00e1ch na\u0161eho programu Das WeltAuto,\u201c hodnot\u00ed Martin Kade\u010dka \u00fasp\u011b\u0161n\u00fd projekt.<\/p>\n<p><img loading=\"lazy\" decoding=\"async\" class=\"alignnone wp-image-69406\" src=\"http:\/\/www.automakersnews.cz\/wp-content\/uploads\/2023\/07\/skoda-kepm-Petr-Cech-small-3-300x300.jpg\" alt=\"\" width=\"899\" height=\"899\" srcset=\"https:\/\/www.automakersnews.cz\/wp-content\/uploads\/2023\/07\/skoda-kepm-Petr-Cech-small-3-300x300.jpg 300w, https:\/\/www.automakersnews.cz\/wp-content\/uploads\/2023\/07\/skoda-kepm-Petr-Cech-small-3-1024x1024.jpg 1024w, https:\/\/www.automakersnews.cz\/wp-content\/uploads\/2023\/07\/skoda-kepm-Petr-Cech-small-3-150x150.jpg 150w, https:\/\/www.automakersnews.cz\/wp-content\/uploads\/2023\/07\/skoda-kepm-Petr-Cech-small-3-768x768.jpg 768w, https:\/\/www.automakersnews.cz\/wp-content\/uploads\/2023\/07\/skoda-kepm-Petr-Cech-small-3.jpg 1080w\" sizes=\"auto, (max-width: 899px) 100vw, 899px\" \/><\/p>\n","protected":false},"excerpt":{"rendered":"<div class=\"mh-excerpt\"><p>Das WeltAuto podpo\u0159ilo v roli hlavn\u00edho partnera Fotbalovou \u0161kolu Petra \u010cecha. Ji\u017e 18. ro\u010dn\u00edk tradi\u010dn\u00ed akce pro kluky a holky od 7 do 15 let, <a class=\"mh-excerpt-more\" href=\"https:\/\/www.automakersnews.cz\/index.php\/2023\/07\/27\/dwa-partnerem-skoly-petra-cecha\/\" title=\"DWA podpo\u0159ilo fotbalov\u00fd kemp Petra \u010cecha\">[&#8230;]<\/a><\/p>\n<\/div>","protected":false},"author":4,"featured_media":69404,"comment_status":"open","ping_status":"open","sticky":false,"template":"","format":"standard","meta":{"footnotes":""},"categories":[22],"tags":[],"class_list":["post-69375","post","type-post","status-publish","format-standard","has-post-thumbnail","hentry","category-elektromobily"],"_links":{"self":[{"href":"https:\/\/www.automakersnews.cz\/index.php\/wp-json\/wp\/v2\/posts\/69375","targetHints":{"allow":["GET"]}}],"collection":[{"href":"https:\/\/www.automakersnews.cz\/index.php\/wp-json\/wp\/v2\/posts"}],"about":[{"href":"https:\/\/www.automakersnews.cz\/index.php\/wp-json\/wp\/v2\/types\/post"}],"author":[{"embeddable":true,"href":"https:\/\/www.automakersnews.cz\/index.php\/wp-json\/wp\/v2\/users\/4"}],"replies":[{"embeddable":true,"href":"https:\/\/www.automakersnews.cz\/index.php\/wp-json\/wp\/v2\/comments?post=69375"}],"version-history":[{"count":0,"href":"https:\/\/www.automakersnews.cz\/index.php\/wp-json\/wp\/v2\/posts\/69375\/revisions"}],"wp:featuredmedia":[{"embeddable":true,"href":"https:\/\/www.automakersnews.cz\/index.php\/wp-json\/wp\/v2\/media\/69404"}],"wp:attachment":[{"href":"https:\/\/www.automakersnews.cz\/index.php\/wp-json\/wp\/v2\/media?parent=69375"}],"wp:term":[{"taxonomy":"category","embeddable":true,"href":"https:\/\/www.automakersnews.cz\/index.php\/wp-json\/wp\/v2\/categories?post=69375"},{"taxonomy":"post_tag","embeddable":true,"href":"https:\/\/www.automakersnews.cz\/index.php\/wp-json\/wp\/v2\/tags?post=69375"}],"curies":[{"name":"wp","href":"https:\/\/api.w.org\/{rel}","templated":true}]}}