{"id":69408,"date":"2023-07-27T07:49:53","date_gmt":"2023-07-27T07:49:53","guid":{"rendered":"https:\/\/www.automakersnews.cz\/?p=69408"},"modified":"2023-07-27T07:49:53","modified_gmt":"2023-07-27T07:49:53","slug":"dingolfing-startuje-vyrobu-bmw-i5","status":"publish","type":"post","link":"https:\/\/www.automakersnews.cz\/index.php\/2023\/07\/27\/dingolfing-startuje-vyrobu-bmw-i5\/","title":{"rendered":"Dingolfing startuje v\u00fdrobu BMW i5"},"content":{"rendered":"<p><strong>Za p\u0159\u00edtomnosti bavorsk\u00e9ho ministersk\u00e9ho p\u0159edsedy Markuse S\u00f6dera byla v tov\u00e1rn\u011b BMW Group Dingolfing zah\u00e1jena v\u00fdroba nov\u00e9 generace BMW \u0159ady 5, v\u010detn\u011b jeho nov\u00e9 \u010dist\u011b elektrick\u00e9 varianty BMW i5. <\/strong><!--more--><\/p>\n<p>V\u00fdrobn\u00ed z\u00e1vod v Doln\u00edm Bavorsku, kter\u00fd v roce 2023 oslav\u00ed 50 let v\u00fdroby automobil\u016f BMW, tak po BMW iX a BMW i7 spustil v\u00fdrobu ji\u017e t\u0159et\u00edho \u010dist\u011b elektrick\u00e9ho modelu b\u011bhem dvou let. Pod\u00edl \u010dist\u011b bateriov\u00fdch vozidel na celkov\u00e9 v\u00fdrob\u011b v nejv\u011bt\u0161\u00ed evropsk\u00e9 tov\u00e1rn\u011b BMW Group by se m\u011bl zv\u00fd\u0161it ze \u010dty\u0159 procent v roce 2021 na v\u00edce ne\u017e 40 procent v p\u0159\u00ed\u0161t\u00edm roce.<\/p>\n<p>Milan Nedeljkovi\u0107, \u010dlen p\u0159edstavenstva BMW AG odpov\u011bdn\u00fd za v\u00fdrobu, dnes v Dingolfingu \u0159ekl: \u201eBMW i5 a na\u0161e tov\u00e1rna v Dingolfingu jsou p\u0159\u00edkladem toho, jak se BMW Group transformuje pro elektromobilitu a sv\u00e9 v\u00fdrobn\u00ed z\u00e1vody sm\u011b\u0159uje sm\u011brem k BMW iFACTORY. Elektromobilita je v na\u0161ich tov\u00e1rn\u00e1ch po cel\u00e9m sv\u011bt\u011b novou normou. V letech 2021 a\u017e 2024 za\u010dlen\u00edme do na\u0161\u00ed v\u00fdrobn\u00ed s\u00edt\u011b celkem 15 \u010dist\u011b elektrick\u00fdch model\u016f.\u201c<\/p>\n<p>Aby toho BMW Group byla schopna dos\u00e1hnout, s\u00e1z\u00ed na flexibiln\u00ed architekturu a\u00a0v\u011bt\u0161inu sv\u00fdch model\u016f nab\u00edz\u00ed z\u00e1kazn\u00edk\u016fm po cel\u00e9m sv\u011bt\u011b s r\u016fzn\u00fdmi druhy pohonu. BMW \u0159ady 5, stejn\u011b jako p\u0159edt\u00edm BMW \u0159ady 7 a BMW X1, bude k\u00a0dispozici jak s \u010dist\u011b elektrick\u00fdm pohonem, tak se spalovac\u00edm motorem, p\u0159\u00edpadn\u011b jako plug-in hybrid. Tento p\u0159\u00edstup vy\u017eaduje vysokou m\u00edru flexibility, kter\u00e1 v\u0161ak spole\u010dnosti umo\u017e\u0148uje efektivn\u011b vyu\u017e\u00edvat kapacity sv\u00fdch tov\u00e1ren a sou\u010dasn\u011b p\u0159izp\u016fsobovat nab\u00eddku m\u011bn\u00edc\u00ed se popt\u00e1vce z\u00e1kazn\u00edk\u016f.<\/p>\n<p>Nedeljkovi\u0107: \u201eN\u00e1sledujeme trh. Popt\u00e1vka z\u00e1kazn\u00edk\u016f ur\u010duje, jak vypad\u00e1 skute\u010dn\u00fd mix pohonn\u00fdch jednotek.\u201c Tento p\u0159\u00edstup umo\u017enily rozs\u00e1hl\u00e9 investice do v\u00fdrobn\u00ed s\u00edt\u011b. BMW Group investovala v\u00edce ne\u017e jednu miliardu eur do integrace v\u00fdroby BMW iX, BMW \u0159ady 7 a BMW \u0159ady 5 v\u00a0tov\u00e1rn\u011b v Dingolfingu.<\/p>\n<p><img loading=\"lazy\" decoding=\"async\" class=\"alignnone wp-image-69411\" src=\"http:\/\/www.automakersnews.cz\/wp-content\/uploads\/2023\/07\/P90514873_lowRes_production-bmw-5-ser-small-2-300x200.jpg\" alt=\"\" width=\"903\" height=\"602\" srcset=\"https:\/\/www.automakersnews.cz\/wp-content\/uploads\/2023\/07\/P90514873_lowRes_production-bmw-5-ser-small-2-300x200.jpg 300w, https:\/\/www.automakersnews.cz\/wp-content\/uploads\/2023\/07\/P90514873_lowRes_production-bmw-5-ser-small-2-1024x683.jpg 1024w, https:\/\/www.automakersnews.cz\/wp-content\/uploads\/2023\/07\/P90514873_lowRes_production-bmw-5-ser-small-2-768x512.jpg 768w, https:\/\/www.automakersnews.cz\/wp-content\/uploads\/2023\/07\/P90514873_lowRes_production-bmw-5-ser-small-2-1536x1024.jpg 1536w, https:\/\/www.automakersnews.cz\/wp-content\/uploads\/2023\/07\/P90514873_lowRes_production-bmw-5-ser-small-2-2048x1365.jpg 2048w\" sizes=\"auto, (max-width: 903px) 100vw, 903px\" \/><\/p>\n<p><strong>BMW \u0159ady 5, jako kl\u00ed\u010dov\u00fd model tov\u00e1rny v Dingolfingu, vn\u00e1\u0161\u00ed do v\u00fdroby nov\u00fd impulz.<\/strong><\/p>\n<p>\u0158editel tov\u00e1rny Christoph Schr\u00f6der o\u010dek\u00e1v\u00e1, \u017ee zah\u00e1jen\u00ed v\u00fdroby nov\u00e9ho BMW \u0159ady 5 v p\u0159\u00ed\u0161t\u00edch n\u011bkolika letech zv\u00fd\u0161\u00ed celkov\u00fd po\u010det zde vyroben\u00fdch voz\u016f: \u201eBMW \u0159ady 5 je tradi\u010dn\u011b st\u011b\u017eejn\u00edm modelem tov\u00e1rny v Dingolfingu a\u00a0i\u00a0tentokr\u00e1t bude d\u016fle\u017eit\u00fdm impulzem pro zv\u00fd\u0161en\u00ed objemu v\u00fdroby.\u201c<\/p>\n<p>V roce 2022 sjelo z mont\u00e1\u017en\u00ed linky tov\u00e1rny v Dingolfingu v\u00edce ne\u017e 280 000 voz\u016f. V\u00a0nadch\u00e1zej\u00edc\u00edm roce, po zah\u00e1jen\u00ed v\u00fdroby model\u016f BMW \u0159ady 5 Touring a\u00a0osm\u00e9 generace BMW M5, Schr\u00f6der o\u010dek\u00e1v\u00e1, \u017ee se toto \u010d\u00edslo vy\u0161plh\u00e1 v\u00fdrazn\u011b nad 300 000 voz\u016f. Stefan Danner, m\u00edstop\u0159edseda podnikov\u00e9 rady v\u00a0Dingolfingu, k tomu dod\u00e1v\u00e1: \u201eSpolu s \u00fasp\u011b\u0161n\u00fdm p\u0159echodem na elektromobilitu je BMW \u0159ady 5 pro dlouhodob\u00e9 vyu\u017eit\u00ed kapacity na\u0161eho z\u00e1vodu a tak\u00e9 pro zaji\u0161t\u011bn\u00ed pracovn\u00edch m\u00edst kl\u00ed\u010dov\u00fdm modelem.\u201c<\/p>\n<p><strong>50 let voz\u016f BMW z\u00a0Dingolfingu.<br \/>\n<\/strong><\/p>\n<p>Z p\u0159ibli\u017en\u011b 12 milion\u016f voz\u016f BMW dosud vyroben\u00fdch v\u00a0tov\u00e1rn\u011b v\u00a0Dingolfingu p\u0159ipad\u00e1 celkem osm milion\u016f, tedy dv\u011b t\u0159etiny, na modely BMW \u0159ady 5. Tato modelov\u00e1 \u0159ada je s\u00a0histori\u00ed m\u00edstn\u00ed tov\u00e1rny \u00fazce spjata. P\u0159esn\u011b p\u0159ed 50 lety, v\u00a0z\u00e1\u0159\u00ed 1973, sjel z v\u00fdrobn\u00ed linky v\u00a0tomto pro BMW nov\u00e9m v\u00fdrobn\u00edm z\u00e1vod\u011b v\u016fbec prvn\u00ed automobil zna\u010dky \u2013 BMW 520i prvn\u00ed generace v mandarinkov\u011b oran\u017eov\u00e9 barv\u011b. Od t\u00e9 doby se tov\u00e1rna v Doln\u00edm Bavorsku stala jedn\u00edm z\u00a0nejv\u00fdznamn\u011bj\u0161\u00edch m\u00edst automobilov\u00e9ho pr\u016fmyslu a sou\u010dasn\u011b motorem hospod\u00e1\u0159sk\u00e9ho rozvoje regionu.<\/p>\n<p>Ro\u010dn\u00ed mzdov\u00e9 n\u00e1klady na v\u00edce ne\u017e 18 000 zam\u011bstnanc\u016f BMW v\u00a0dingolfingsk\u00e9 tov\u00e1rn\u011b p\u0159esahuj\u00ed jednu miliardu eur a\u00a0v\u00fdrobn\u00ed z\u00e1vod m\u00e1 uzav\u0159eny dodavatelsk\u00e9 smlouvy s p\u0159ibli\u017en\u011b 1000 dolnobavorsk\u00fdmi spole\u010dnostmi. Krom\u011b investic do provozu na v\u00fdrobu automobil\u016f BMW Group od roku 2015 sm\u011b\u0159uje v\u00edce ne\u017e jednu miliardu eur investic tak\u00e9 do zdej\u0161\u00ed produkce komponent\u016f elektrick\u00fdch pohonn\u00fdch jednotek.<\/p>\n<p><strong>Vize tov\u00e1rny BMW iFACTORY.<\/strong><\/p>\n<p>Stejn\u011b jako v p\u0159\u00edpad\u011b rozhodnut\u00ed o v\u00fdstavb\u011b tov\u00e1rny Dingolfing v dob\u011b ropn\u00e9 krize na po\u010d\u00e1tku 70. let minul\u00e9ho stolet\u00ed je podnikatelsk\u00e1 vize BMW Group v\u00a0tomto z\u00e1vod\u011b velmi siln\u011b patrn\u00e1 i dnes. D\u00edky rozs\u00e1hl\u00fdm investic\u00edm je tov\u00e1rna Dingolfing mimo\u0159\u00e1dn\u011b dob\u0159e p\u0159ipravena pro budoucnost \u2013 je zde jasn\u011b patrn\u00fd p\u0159echod na syst\u00e9m BMW iFACTORY. Nejlep\u0161\u00edm p\u0159\u00edkladem tohoto v\u00fdvoje v\u00a0oblasti \u201e\u0161t\u00edhl\u00e9\u201c a \u201edigit\u00e1ln\u00ed\u201c v\u00fdroby je z\u00edsk\u00e1n\u00ed renomovan\u00e9 ceny Automotive Lean Production Award v roce 2022.<\/p>\n<p>Ocen\u011bn byl nap\u0159\u00edklad na zdej\u0161\u00ed v\u00fdrobn\u00ed lince zaveden\u00fd inteligentn\u00ed kamerov\u00fd syst\u00e9m pro sledov\u00e1n\u00ed kvality (AIQX), stejn\u011b jako chytr\u00e1 logistick\u00e1 \u0159e\u0161en\u00ed a IT platforma IPS-i pro identifikaci a\u00a0lokalizaci objekt\u016f. V lo\u0148sk\u00e9m roce tov\u00e1rna v\u00a0r\u00e1mci pilotn\u00edho projektu zavedla syst\u00e9m Automated Driving In-Plant (AFW), kter\u00fd spo\u010d\u00edv\u00e1 v\u00a0tom, \u017ee nov\u011b vyroben\u00e9 modely BMW \u0159ady 7 jezdily mezi koncem v\u00fdrobn\u00ed linky a m\u00edstem pro zaparkov\u00e1n\u00ed zcela autonomn\u011b. Tento syst\u00e9m se nyn\u00ed se zah\u00e1jen\u00edm v\u00fdroby nov\u00e9ho BMW \u0159ady 5 zav\u00e1d\u00ed ve v\u011bt\u0161\u00edm m\u011b\u0159\u00edtku.<\/p>\n<p>V oblasti udr\u017eitelnosti \u2013 \u201ezelen\u00e9ho\u201c aspektu BMW iFACTORY \u2013 tov\u00e1rna v\u00a0posledn\u00edch letech zintenzivnila sv\u00e9 aktivity v r\u016fzn\u00fdch oblastech: od podpory biodiverzity ve sv\u00e9m are\u00e1lu, p\u0159es prevenci a recyklaci odpad\u016f, kdy na jedno vyroben\u00e9 vozidlo z\u016fstane pouze p\u0159ibli\u017en\u011b 600 gram\u016f odpadu ur\u010den\u00e9ho k\u00a0likvidaci, a\u017e po dekarboniza\u010dn\u00ed opat\u0159en\u00ed. Krom\u011b z\u00edsk\u00e1v\u00e1n\u00ed zelen\u00e9 energie podepsala m\u00edstn\u00ed tov\u00e1rna tak\u00e9 dlouhodobou smlouvu na dod\u00e1vky lok\u00e1ln\u011b vyr\u00e1b\u011bn\u00e9ho tepla z region\u00e1ln\u00ed biomasy pro \u00fa\u010dely vyt\u00e1p\u011bn\u00ed. To bude od poloviny desetilet\u00ed pokr\u00fdvat p\u0159ibli\u017en\u011b polovinu spot\u0159eby tepl\u00e9 vody v tov\u00e1rn\u011b, \u010d\u00edm\u017e se sn\u00ed\u017e\u00ed emise CO<sub>2<\/sub>\u00a0o 10 a\u017e 15 %.<\/p>\n<p><strong>D\u016fle\u017eit\u00e1 rozhodnut\u00ed pro budoucnost.<\/strong><\/p>\n<p>Nedeljkovi\u0107 pova\u017euje ned\u00e1vn\u00e9 investice do transformace Dingolfingu a dal\u0161\u00edch bavorsk\u00fdch v\u00fdrobn\u00edch z\u00e1vod\u016f spole\u010dnosti za pevn\u00fd z\u00e1vazek BMW Group v\u016f\u010di Bavorsku jako m\u00edstu v\u00fdroby: \u201eDev\u011bt z deseti vyroben\u00fdch voz\u016f BMW se dnes prod\u00e1v\u00e1 z\u00e1kazn\u00edk\u016fm mimo N\u011bmecko. P\u0159esto zde st\u00e1le zam\u011bstn\u00e1v\u00e1me v\u00edce ne\u017e polovinu na\u0161ich zam\u011bstnanc\u016f, a to zejm\u00e9na v\u00a0Bavorsku. P\u0159i v\u0161\u00ed na\u0161\u00ed internacionalizaci, kter\u00e1 je nutn\u00e1 k dosa\u017een\u00ed glob\u00e1ln\u011b vyv\u00e1\u017een\u00e9ho r\u016fstu, z\u016fst\u00e1v\u00e1 Bavorsko d\u016fle\u017eit\u00fdm pil\u00ed\u0159em BMW Group a jej\u00ed v\u00fdrobn\u00ed s\u00edt\u011b.\u201c<\/p>\n<p><img loading=\"lazy\" decoding=\"async\" class=\"alignnone wp-image-69412\" src=\"http:\/\/www.automakersnews.cz\/wp-content\/uploads\/2023\/07\/P90514874_lowRes_production-bmw-5-ser-small-3-300x200.jpg\" alt=\"\" width=\"876\" height=\"584\" srcset=\"https:\/\/www.automakersnews.cz\/wp-content\/uploads\/2023\/07\/P90514874_lowRes_production-bmw-5-ser-small-3-300x200.jpg 300w, https:\/\/www.automakersnews.cz\/wp-content\/uploads\/2023\/07\/P90514874_lowRes_production-bmw-5-ser-small-3-1024x683.jpg 1024w, https:\/\/www.automakersnews.cz\/wp-content\/uploads\/2023\/07\/P90514874_lowRes_production-bmw-5-ser-small-3-768x512.jpg 768w, https:\/\/www.automakersnews.cz\/wp-content\/uploads\/2023\/07\/P90514874_lowRes_production-bmw-5-ser-small-3-1536x1024.jpg 1536w, https:\/\/www.automakersnews.cz\/wp-content\/uploads\/2023\/07\/P90514874_lowRes_production-bmw-5-ser-small-3-2048x1365.jpg 2048w\" sizes=\"auto, (max-width: 876px) 100vw, 876px\" \/><\/p>\n","protected":false},"excerpt":{"rendered":"<div class=\"mh-excerpt\"><p>Za p\u0159\u00edtomnosti bavorsk\u00e9ho ministersk\u00e9ho p\u0159edsedy Markuse S\u00f6dera byla v tov\u00e1rn\u011b BMW Group Dingolfing zah\u00e1jena v\u00fdroba nov\u00e9 generace BMW \u0159ady 5, v\u010detn\u011b jeho nov\u00e9 \u010dist\u011b elektrick\u00e9 <a class=\"mh-excerpt-more\" href=\"https:\/\/www.automakersnews.cz\/index.php\/2023\/07\/27\/dingolfing-startuje-vyrobu-bmw-i5\/\" title=\"Dingolfing startuje v\u00fdrobu BMW i5\">[&#8230;]<\/a><\/p>\n<\/div>","protected":false},"author":4,"featured_media":69410,"comment_status":"open","ping_status":"open","sticky":false,"template":"","format":"standard","meta":{"footnotes":""},"categories":[33],"tags":[],"class_list":["post-69408","post","type-post","status-publish","format-standard","has-post-thumbnail","hentry","category-vyrobci"],"_links":{"self":[{"href":"https:\/\/www.automakersnews.cz\/index.php\/wp-json\/wp\/v2\/posts\/69408","targetHints":{"allow":["GET"]}}],"collection":[{"href":"https:\/\/www.automakersnews.cz\/index.php\/wp-json\/wp\/v2\/posts"}],"about":[{"href":"https:\/\/www.automakersnews.cz\/index.php\/wp-json\/wp\/v2\/types\/post"}],"author":[{"embeddable":true,"href":"https:\/\/www.automakersnews.cz\/index.php\/wp-json\/wp\/v2\/users\/4"}],"replies":[{"embeddable":true,"href":"https:\/\/www.automakersnews.cz\/index.php\/wp-json\/wp\/v2\/comments?post=69408"}],"version-history":[{"count":0,"href":"https:\/\/www.automakersnews.cz\/index.php\/wp-json\/wp\/v2\/posts\/69408\/revisions"}],"wp:featuredmedia":[{"embeddable":true,"href":"https:\/\/www.automakersnews.cz\/index.php\/wp-json\/wp\/v2\/media\/69410"}],"wp:attachment":[{"href":"https:\/\/www.automakersnews.cz\/index.php\/wp-json\/wp\/v2\/media?parent=69408"}],"wp:term":[{"taxonomy":"category","embeddable":true,"href":"https:\/\/www.automakersnews.cz\/index.php\/wp-json\/wp\/v2\/categories?post=69408"},{"taxonomy":"post_tag","embeddable":true,"href":"https:\/\/www.automakersnews.cz\/index.php\/wp-json\/wp\/v2\/tags?post=69408"}],"curies":[{"name":"wp","href":"https:\/\/api.w.org\/{rel}","templated":true}]}}