{"id":69415,"date":"2023-07-27T07:34:50","date_gmt":"2023-07-27T07:34:50","guid":{"rendered":"https:\/\/www.automakersnews.cz\/?p=69415"},"modified":"2023-07-27T07:34:50","modified_gmt":"2023-07-27T07:34:50","slug":"skoda-muzeum-ukazuje-studii-vision-7s","status":"publish","type":"post","link":"https:\/\/www.automakersnews.cz\/index.php\/2023\/07\/27\/skoda-muzeum-ukazuje-studii-vision-7s\/","title":{"rendered":"\u0160koda Muzeum ukazuje studii Vision 7S"},"content":{"rendered":"<p><strong>Ve \u0160koda Muzeu je aktu\u00e1ln\u011b vystavena studie elektromobilu \u0160koda Vision 7S, kter\u00e1 prezentuje nov\u00fd designov\u00fd jazyk automobilky. A\u017e do 6. srpna 2023 bude tento unik\u00e1t sou\u010d\u00e1st\u00ed hlavn\u00ed expozice a dopln\u00ed tak v\u00fdstavu Designov\u00fd jazyk voz\u016f L&amp;K a \u0160koda.<\/strong><br \/>\n<!--more--><\/p>\n<p>Studie \u0160koda Vision 7S debutovala v roce 2022 &#8211; je poslem zm\u011bn, p\u0159iv\u00e1\u017e\u00ed nov\u00fd designov\u00fd jazyk a podtrhuje d\u016fraz zna\u010dky na elektromobilitu. P\u0159edznamen\u00e1v\u00e1 zcela nov\u00fd rodinn\u00fd model \u0160koda, kter\u00fd roz\u0161\u00ed\u0159\u00ed produktov\u00e9 portfolio a z\u00e1kaznickou z\u00e1kladnu zna\u010dky.<\/p>\n<p>\u0160koda Vision 7S p\u0159edstavuje nov\u00fd designov\u00fd jazyk Modern Solid. Jeho charakteristickou sou\u010d\u00e1st\u00ed je \u010deln\u00ed maska Tech-Deck Face. D\u016fraz na aerodynamiku prozrazuje i kombinace robustn\u00ed spodn\u00ed \u010d\u00e1sti karoserie s vysoko posazenou bo\u010dn\u00ed lini\u00ed, aerodynamick\u00fdmi liniemi st\u0159echy nebo 22palcov\u00fdmi koly s r\u00e1fky v t\u00e9m\u011b\u0159 uzav\u0159en\u00e9m designu. Nov\u00fdmi designov\u00fdmi prvky jsou tak\u00e9 \u010deln\u00ed i zadn\u00ed sv\u011btlomety ve tvaru p\u00edsmene T.<\/p>\n<p>V interi\u00e9ru pat\u0159\u00ed k dominantn\u00edm prvk\u016fm dotykov\u00e1 obrazovka s \u00fahlop\u0159\u00ed\u010dkou 14,6\u201d. Ta m\u00e1 dv\u011b polohy: standardn\u00ed na v\u00fd\u0161ku, p\u0159\u00edpadn\u011b na \u0161\u00ed\u0159ku v re\u017eimu Relax\u2013 tedy u zaparkovan\u00e9ho vozu \u010di p\u0159i nab\u00edjen\u00ed. Specialitou studie rodinn\u00e9ho automobilu Vision 7S je d\u011btsk\u00e1 autoseda\u010dka um\u00edst\u011bn\u00e1 na nejbezpe\u010dn\u011bj\u0161\u00edm m\u00edst\u011b: jako sou\u010d\u00e1st\u00ed st\u0159edov\u00e9 konzole.<\/p>\n<p>Prezentace studie Vision 7S ve \u0160koda Muzeu aktu\u00e1ln\u011b dopl\u0148uje v\u00fdstavu Designov\u00fd jazyk voz\u016f L&amp;K a \u0160koda. Ta vedle text\u016f, designov\u00fdch skic a \u0159ady fotografi\u00ed prezentuje i unik\u00e1ty ze sb\u00edrek \u0160koda Muzea. Studie Vision 7S je k vid\u011bn\u00ed do 6. srpna, samotn\u00e1 v\u00fdstava o designu bude ve\u0159ejnosti p\u0159\u00edstupn\u00e1 a\u017e do 22. listopadu 2023. \u0160koda Muzeum v Mlad\u00e9 Boleslavi je otev\u0159eno ka\u017ed\u00fd den od 9:00 do 17:00. V\u00edce informac\u00ed na muzeum.skoda-auto.cz. Novinky ze \u0160koda Muzea naleznete tak\u00e9 na facebookov\u00e9m profilu www.facebook.com\/skodamuzeum a instagramu www.instagram.com\/skodamuzeum.<\/p>\n<p>&nbsp;<\/p>\n","protected":false},"excerpt":{"rendered":"<div class=\"mh-excerpt\"><p>Ve \u0160koda Muzeu je aktu\u00e1ln\u011b vystavena studie elektromobilu \u0160koda Vision 7S, kter\u00e1 prezentuje nov\u00fd designov\u00fd jazyk automobilky. A\u017e do 6. srpna 2023 bude tento unik\u00e1t <a class=\"mh-excerpt-more\" href=\"https:\/\/www.automakersnews.cz\/index.php\/2023\/07\/27\/skoda-muzeum-ukazuje-studii-vision-7s\/\" title=\"\u0160koda Muzeum ukazuje studii Vision 7S\">[&#8230;]<\/a><\/p>\n<\/div>","protected":false},"author":4,"featured_media":3137,"comment_status":"open","ping_status":"open","sticky":false,"template":"","format":"standard","meta":{"footnotes":""},"categories":[19,28],"tags":[],"class_list":["post-69415","post","type-post","status-publish","format-standard","has-post-thumbnail","hentry","category-design","category-vystavy"],"_links":{"self":[{"href":"https:\/\/www.automakersnews.cz\/index.php\/wp-json\/wp\/v2\/posts\/69415","targetHints":{"allow":["GET"]}}],"collection":[{"href":"https:\/\/www.automakersnews.cz\/index.php\/wp-json\/wp\/v2\/posts"}],"about":[{"href":"https:\/\/www.automakersnews.cz\/index.php\/wp-json\/wp\/v2\/types\/post"}],"author":[{"embeddable":true,"href":"https:\/\/www.automakersnews.cz\/index.php\/wp-json\/wp\/v2\/users\/4"}],"replies":[{"embeddable":true,"href":"https:\/\/www.automakersnews.cz\/index.php\/wp-json\/wp\/v2\/comments?post=69415"}],"version-history":[{"count":0,"href":"https:\/\/www.automakersnews.cz\/index.php\/wp-json\/wp\/v2\/posts\/69415\/revisions"}],"wp:featuredmedia":[{"embeddable":true,"href":"https:\/\/www.automakersnews.cz\/index.php\/wp-json\/wp\/v2\/media\/3137"}],"wp:attachment":[{"href":"https:\/\/www.automakersnews.cz\/index.php\/wp-json\/wp\/v2\/media?parent=69415"}],"wp:term":[{"taxonomy":"category","embeddable":true,"href":"https:\/\/www.automakersnews.cz\/index.php\/wp-json\/wp\/v2\/categories?post=69415"},{"taxonomy":"post_tag","embeddable":true,"href":"https:\/\/www.automakersnews.cz\/index.php\/wp-json\/wp\/v2\/tags?post=69415"}],"curies":[{"name":"wp","href":"https:\/\/api.w.org\/{rel}","templated":true}]}}