{"id":69421,"date":"2023-07-28T09:13:31","date_gmt":"2023-07-28T09:13:31","guid":{"rendered":"https:\/\/www.automakersnews.cz\/?p=69421"},"modified":"2023-07-28T09:13:31","modified_gmt":"2023-07-28T09:13:31","slug":"seat-chce-v-martorellu-tovarnu-na-akumulatory","status":"publish","type":"post","link":"https:\/\/www.automakersnews.cz\/index.php\/2023\/07\/28\/seat-chce-v-martorellu-tovarnu-na-akumulatory\/","title":{"rendered":"SEAT chce v Martorellu tov\u00e1rnu na akumul\u00e1tory"},"content":{"rendered":"<p><strong>\u0160\u00e9f SEATu Wayne Griffiths podal \u0161pan\u011blsk\u00fdm \u00fa\u0159ad\u016fm p\u0159ihl\u00e1\u0161ku do nov\u00e9ho dota\u010dn\u00edho programu Battery PERTE VEC. Automobilka chce od st\u00e1tu podporu v\u00fdstavby z\u00e1vodu na akumul\u00e1torov\u00e9 \u010dl\u00e1nky v Martorellu.<\/strong><!--more--><\/p>\n<p>\u201eDnes je velmi v\u00fdznamn\u00fd den, proto\u017ee v na\u0161em pl\u00e1nu elektrifikace d\u011bl\u00e1me dal\u0161\u00ed krok vp\u0159ed.\u201c<\/p>\n<p>\u201eSpole\u010dnost SEAT S.A. p\u0159ihl\u00e1sila do nov\u00e9ho dota\u010dn\u00edho programu Battery PERTE VEC projekt na v\u00fdstavbu mont\u00e1\u017en\u00edho z\u00e1vodu pro akumul\u00e1torov\u00e9 \u010dl\u00e1nky p\u0159\u00edmo zde v Martorellu.\u201c<\/p>\n<p>\u201eTento projekt zajist\u00ed v\u00edce ne\u017e 400 p\u0159\u00edm\u00fdch a v\u00edce ne\u017e 100 nep\u0159\u00edm\u00fdch pracovn\u00edch m\u00edst.\u201c<\/p>\n<p>\u201eDo v\u00fdstavby tohoto mont\u00e1\u017en\u00edho z\u00e1vodu hodl\u00e1me investovat dal\u0161\u00edch 300 milion\u016f eur. Bude zde prob\u00edhat tak\u00e9 mont\u00e1\u017e akumul\u00e1torov\u00fdch \u010dl\u00e1nk\u016f vyr\u00e1b\u011bn\u00fdch spole\u010dnost\u00ed PowerCo v jej\u00ed gigatov\u00e1rn\u011b v p\u0159\u00edstavn\u00edm m\u011bst\u011b Sagunto v provinci Valencia.\u201c<\/p>\n<p>\u201eMont\u00e1\u017en\u00ed z\u00e1vod vznikne na plo\u0161e 64 000 metr\u016f \u010dtvere\u010dn\u00edch, co\u017e je ekvivalent dev\u00edti fotbalov\u00fdch h\u0159i\u0161\u0165.\u201c<\/p>\n<p>\u201eMont\u00e1\u017en\u00ed z\u00e1vod bude propojen s na\u0161\u00ed mont\u00e1\u017en\u00ed halou 10, kde budeme vyr\u00e1b\u011bt n\u011bkter\u00e9 elektromobily koncernu Volkswagen v\u010detn\u011b modelu CUPRA Raval. To n\u00e1m pom\u016f\u017ee optimalizovat logistick\u00e9 procesy a sni\u017eovat na\u0161i uhl\u00edkovou stopu.\u201c<\/p>\n<p>\u201eV\u00fdstavba bude zah\u00e1jena v nadch\u00e1zej\u00edc\u00edch t\u00fddnech a podle pl\u00e1nu bude dokon\u010dena v roce 2025. Tento mont\u00e1\u017en\u00ed z\u00e1vod je pro na\u0161i spole\u010dnost z\u00e1sadn\u00ed a bude tak\u00e9 impulzem pro z\u00edsk\u00e1n\u00ed druh\u00e9 platformy v Martorellu.\u201c<\/p>\n<p>\u201eJedn\u00e1 se o kl\u00ed\u010dov\u00fd okam\u017eik pro n\u00e1\u0161 pr\u016fmysl. SEAT S.A. a koncern Volkswagen vynakl\u00e1daj\u00ed v\u00fdznamn\u00e9 zdroje na realizaci udr\u017eiteln\u00e9 mobility. A na pokra\u010duj\u00edc\u00ed realizaci na\u0161eho ambici\u00f3zn\u00edho c\u00edle prom\u011bnit \u0160pan\u011blsko na centrum elektromobility v Evrop\u011b.\u201c<\/p>\n<p>\u201eMus\u00edme p\u0159esv\u011bd\u010dit tak\u00e9 \u0161pan\u011blsk\u00e9 a evropsk\u00e9 instituce a zapojit je do projektu. Stejn\u011b jako v ostatn\u00edch zem\u00edch mus\u00ed b\u00fdt vytvo\u0159en pr\u00e1vn\u00ed r\u00e1mec, kter\u00fd zajist\u00ed investice do tohoto odv\u011btv\u00ed a podpo\u0159\u00ed jeho konkurenceschopnost.\u201c<\/p>\n<p>\u201eSpolupr\u00e1ce mezi soukrom\u00fdm a ve\u0159ejn\u00fdm sektorem je pro urychlen\u00ed t\u00e9to transformace z\u00e1sadn\u00ed. Ve \u0160pan\u011blsku bylo ji\u017e n\u011bkolik krok\u016f ud\u011bl\u00e1no spr\u00e1vn\u00fdm sm\u011brem.\u201c<\/p>\n<p>\u201eNap\u0159\u00edklad opat\u0159en\u00ed vl\u00e1dy poskytovat za n\u00e1kup elektromobilu 15% odpo\u010det dan\u011b z osobn\u00edch p\u0159\u00edjm\u016f. Tato iniciativa mus\u00ed j\u00edt ruku v ruce s dal\u0161\u00edmi investicemi do roz\u0161i\u0159ov\u00e1n\u00ed infrastruktury nab\u00edjec\u00edch p\u0159\u00edpojek.\u201c<\/p>\n<p>\u201eDal\u0161\u00edm skv\u011bl\u00fdm p\u0159\u00edkladem je projekt Future: Fast Forward, kter\u00fd jsem ozn\u00e1mili p\u0159ed n\u011bkolika m\u011bs\u00edci.\u201c<\/p>\n<p>\u201eInvestujeme 10 miliard eur. Touto nejv\u011bt\u0161\u00ed pr\u016fmyslovou investic\u00ed v historii \u0160pan\u011blska budeme elektrifikovat automobilov\u00fd pr\u016fmysl, vytvo\u0159\u00edme tis\u00edce pracovn\u00edch m\u00edst a zachov\u00e1me konkurenceschopnost na\u0161\u00ed zem\u011b.\u201c<\/p>\n<p>\u201eChci pod\u011bkovat v\u0161em lidem, kte\u0159\u00ed pracuj\u00ed na uskute\u010dn\u011bn\u00ed t\u011bchto viz\u00ed: ve\u0159ejn\u00fdm spr\u00e1v\u00e1m, odborov\u00fdm organizac\u00edm i na\u0161im zam\u011bstnanc\u016fm a partner\u016fm.\u201c<\/p>\n<p>\u201eProto\u017ee spole\u010dn\u011b postav\u00edme \u0160pan\u011blsko na elektrick\u00e1 kola.\u201c<\/p>\n<p><img loading=\"lazy\" decoding=\"async\" class=\"alignnone wp-image-69424\" src=\"http:\/\/www.automakersnews.cz\/wp-content\/uploads\/2023\/07\/seat-4-300x169.jpg\" alt=\"\" width=\"760\" height=\"428\" srcset=\"https:\/\/www.automakersnews.cz\/wp-content\/uploads\/2023\/07\/seat-4-300x169.jpg 300w, https:\/\/www.automakersnews.cz\/wp-content\/uploads\/2023\/07\/seat-4.jpg 500w\" sizes=\"auto, (max-width: 760px) 100vw, 760px\" \/><\/p>\n","protected":false},"excerpt":{"rendered":"<div class=\"mh-excerpt\"><p>\u0160\u00e9f SEATu Wayne Griffiths podal \u0161pan\u011blsk\u00fdm \u00fa\u0159ad\u016fm p\u0159ihl\u00e1\u0161ku do nov\u00e9ho dota\u010dn\u00edho programu Battery PERTE VEC. Automobilka chce od st\u00e1tu podporu v\u00fdstavby z\u00e1vodu na akumul\u00e1torov\u00e9 \u010dl\u00e1nky <a class=\"mh-excerpt-more\" href=\"https:\/\/www.automakersnews.cz\/index.php\/2023\/07\/28\/seat-chce-v-martorellu-tovarnu-na-akumulatory\/\" title=\"SEAT chce v Martorellu tov\u00e1rnu na akumul\u00e1tory\">[&#8230;]<\/a><\/p>\n<\/div>","protected":false},"author":4,"featured_media":69423,"comment_status":"open","ping_status":"open","sticky":false,"template":"","format":"standard","meta":{"footnotes":""},"categories":[2],"tags":[],"class_list":["post-69421","post","type-post","status-publish","format-standard","has-post-thumbnail","hentry","category-news"],"_links":{"self":[{"href":"https:\/\/www.automakersnews.cz\/index.php\/wp-json\/wp\/v2\/posts\/69421","targetHints":{"allow":["GET"]}}],"collection":[{"href":"https:\/\/www.automakersnews.cz\/index.php\/wp-json\/wp\/v2\/posts"}],"about":[{"href":"https:\/\/www.automakersnews.cz\/index.php\/wp-json\/wp\/v2\/types\/post"}],"author":[{"embeddable":true,"href":"https:\/\/www.automakersnews.cz\/index.php\/wp-json\/wp\/v2\/users\/4"}],"replies":[{"embeddable":true,"href":"https:\/\/www.automakersnews.cz\/index.php\/wp-json\/wp\/v2\/comments?post=69421"}],"version-history":[{"count":0,"href":"https:\/\/www.automakersnews.cz\/index.php\/wp-json\/wp\/v2\/posts\/69421\/revisions"}],"wp:featuredmedia":[{"embeddable":true,"href":"https:\/\/www.automakersnews.cz\/index.php\/wp-json\/wp\/v2\/media\/69423"}],"wp:attachment":[{"href":"https:\/\/www.automakersnews.cz\/index.php\/wp-json\/wp\/v2\/media?parent=69421"}],"wp:term":[{"taxonomy":"category","embeddable":true,"href":"https:\/\/www.automakersnews.cz\/index.php\/wp-json\/wp\/v2\/categories?post=69421"},{"taxonomy":"post_tag","embeddable":true,"href":"https:\/\/www.automakersnews.cz\/index.php\/wp-json\/wp\/v2\/tags?post=69421"}],"curies":[{"name":"wp","href":"https:\/\/api.w.org\/{rel}","templated":true}]}}