{"id":6943,"date":"2022-12-06T12:39:51","date_gmt":"2022-12-06T12:39:51","guid":{"rendered":"https:\/\/www.automakersnews.cz\/?p=6943"},"modified":"2022-12-06T12:45:01","modified_gmt":"2022-12-06T12:45:01","slug":"autosap-mel-workshop-k-dekarbonizaci","status":"publish","type":"post","link":"https:\/\/www.automakersnews.cz\/index.php\/2022\/12\/06\/autosap-mel-workshop-k-dekarbonizaci\/","title":{"rendered":"AutoSAP m\u011bl workshop na Broomlovce"},"content":{"rendered":"<p><strong>Sdru\u017een\u00ed automobilov\u00e9ho pr\u016fmyslu p\u0159ipravilo pro sv\u00e9 \u010dleny workshop &#8222;Od m\u011b\u0159en\u00ed uhl\u00edkov\u00e9 stopy k nastaven\u00ed dekarboniza\u010dn\u00edch c\u00edl\u016f&#8220;.<\/strong><!--more--><\/p>\n<p>Jak\u00e1 byla t\u00e9mata semin\u00e1\u0159e?<\/p>\n<p>\u25aa\ufe0f Jak vypo\u010d\u00edtat uhl\u00edkovou stopu spole\u010dnosti nebo produktu?<br \/>\n\u25aa\ufe0f Jak vyk\u00e1zat povinnost spojenou s v\u00fdpo\u010dtem uhl\u00edkov\u00e9 stopy?<br \/>\n\u25aa\ufe0f Jak nastavit dekarboniza\u010dn\u00ed strategii?<br \/>\n\u25aa\ufe0f Jak\u00e9 jsou mo\u017enosti energetick\u00fdch \u00faspor?<\/p>\n<p>To v\u0161e a dal\u0161\u00ed se pr\u00e1v\u011b dozv\u00eddaj\u00ed jeho \u00fa\u010dastn\u00edci. Za odborn\u00e9 informace a spolupr\u00e1ci na dne\u0161n\u00edm workshopu d\u011bkujeme\u00a0<a href=\"https:\/\/www.linkedin.com\/in\/ACoAABTorDgB-JB92ElrmuNvtgjiv9msVfKb0aw\" data-attribute-index=\"2\" data-entity-hovercard-id=\"urn:li:fs_miniProfile:ACoAABTorDgB-JB92ElrmuNvtgjiv9msVfKb0aw\" data-entity-type=\"MINI_PROFILE\">Mark\u00e9ta Jechov\u00e1, CGMA<\/a>\u00a0a\u00a0<a href=\"https:\/\/www.linkedin.com\/in\/ACoAAANHgB4BLdGYW0mbf1kPYBXZZiIW6gVmsFY\" data-attribute-index=\"4\" data-entity-hovercard-id=\"urn:li:fs_miniProfile:ACoAAANHgB4BLdGYW0mbf1kPYBXZZiIW6gVmsFY\" data-entity-type=\"MINI_PROFILE\">Ondrej Rybka<\/a>\u00a0z\u00a0<a href=\"https:\/\/www.linkedin.com\/company\/pwc\/\" data-attribute-index=\"6\" data-entity-hovercard-id=\"urn:li:fs_miniCompany:1044\" data-entity-type=\"MINI_COMPANY\">PwC<\/a>\u00a0a tak\u00e9\u00a0<a href=\"https:\/\/www.linkedin.com\/in\/ACoAAAIlwIQB_54esIA3jAioTpn1HkjkeUDsgKE\" data-attribute-index=\"8\" data-entity-hovercard-id=\"urn:li:fs_miniProfile:ACoAAAIlwIQB_54esIA3jAioTpn1HkjkeUDsgKE\" data-entity-type=\"MINI_PROFILE\">Vladimir Svozil<\/a>\u00a0z\u00a0<a href=\"https:\/\/www.linkedin.com\/company\/enerfis\/\" data-attribute-index=\"10\" data-entity-hovercard-id=\"urn:li:fs_miniCompany:2836100\" data-entity-type=\"MINI_COMPANY\">Enerfis<\/a>.<\/p>\n","protected":false},"excerpt":{"rendered":"<div class=\"mh-excerpt\"><p>Sdru\u017een\u00ed automobilov\u00e9ho pr\u016fmyslu p\u0159ipravilo pro sv\u00e9 \u010dleny workshop &#8222;Od m\u011b\u0159en\u00ed uhl\u00edkov\u00e9 stopy k nastaven\u00ed dekarboniza\u010dn\u00edch c\u00edl\u016f&#8220;.<\/p>\n<\/div>","protected":false},"author":1,"featured_media":6946,"comment_status":"open","ping_status":"open","sticky":false,"template":"","format":"standard","meta":{"footnotes":""},"categories":[38,10],"tags":[],"class_list":["post-6943","post","type-post","status-publish","format-standard","has-post-thumbnail","hentry","category-ekologie","category-eventy"],"_links":{"self":[{"href":"https:\/\/www.automakersnews.cz\/index.php\/wp-json\/wp\/v2\/posts\/6943","targetHints":{"allow":["GET"]}}],"collection":[{"href":"https:\/\/www.automakersnews.cz\/index.php\/wp-json\/wp\/v2\/posts"}],"about":[{"href":"https:\/\/www.automakersnews.cz\/index.php\/wp-json\/wp\/v2\/types\/post"}],"author":[{"embeddable":true,"href":"https:\/\/www.automakersnews.cz\/index.php\/wp-json\/wp\/v2\/users\/1"}],"replies":[{"embeddable":true,"href":"https:\/\/www.automakersnews.cz\/index.php\/wp-json\/wp\/v2\/comments?post=6943"}],"version-history":[{"count":0,"href":"https:\/\/www.automakersnews.cz\/index.php\/wp-json\/wp\/v2\/posts\/6943\/revisions"}],"wp:featuredmedia":[{"embeddable":true,"href":"https:\/\/www.automakersnews.cz\/index.php\/wp-json\/wp\/v2\/media\/6946"}],"wp:attachment":[{"href":"https:\/\/www.automakersnews.cz\/index.php\/wp-json\/wp\/v2\/media?parent=6943"}],"wp:term":[{"taxonomy":"category","embeddable":true,"href":"https:\/\/www.automakersnews.cz\/index.php\/wp-json\/wp\/v2\/categories?post=6943"},{"taxonomy":"post_tag","embeddable":true,"href":"https:\/\/www.automakersnews.cz\/index.php\/wp-json\/wp\/v2\/tags?post=6943"}],"curies":[{"name":"wp","href":"https:\/\/api.w.org\/{rel}","templated":true}]}}