{"id":69821,"date":"2023-07-27T07:44:11","date_gmt":"2023-07-27T07:44:11","guid":{"rendered":"https:\/\/www.automakersnews.cz\/?p=69821"},"modified":"2023-07-27T07:44:11","modified_gmt":"2023-07-27T07:44:11","slug":"most-hosti-mistrovstvi-sveta-superbiku","status":"publish","type":"post","link":"https:\/\/www.automakersnews.cz\/index.php\/2023\/07\/27\/most-hosti-mistrovstvi-sveta-superbiku\/","title":{"rendered":"Most host\u00ed mistrovstv\u00ed sv\u011bta superbik\u016f"},"content":{"rendered":"<p><b>Na Autodromu v Most\u011b odstartuje v p\u00e1tek mistrovstv\u00ed sv\u011bta superbik\u016f a \u010cesk\u00e1 republika bude m\u00edt zastoupen\u00ed v ka\u017ed\u00e9 kategorii. Na v\u00edt\u011bze \u010dek\u00e1 origin\u00e1ln\u00ed trofej z \u010desk\u00e9ho skla, kter\u00e1 v sob\u011b nese otisk povrchu c\u00edlov\u00e9 rovinky.<\/b><\/p>\n<p><!--more--><\/p>\n<p>V\u00edkend nabit\u00fd \u0161pi\u010dkov\u00fdm motorsportem a v\u00fdkony jezdc\u016f na nejrychlej\u0161\u00edch motork\u00e1ch sv\u011bta, kter\u00e9 vych\u00e1zej\u00ed ze s\u00e9riov\u00fdch stroj\u016f \u2013 to a mnoho dal\u0161\u00edho p\u0159inese z\u00e1vodn\u00ed v\u00edkend v\u00a0Most\u011b.<\/p>\n<p>Pro jezdce je p\u0159ipravena speci\u00e1ln\u00ed\u00a0<strong>trofej vyroben\u00e1 z\u00a0\u010desk\u00e9ho skla\u00a0<\/strong>oslavuj\u00edc\u00ed skl\u00e1\u0159sk\u00e9 um\u011bn\u00ed, kter\u00e9 m\u00e1 u n\u00e1s dlouhou tradici. Jednoduch\u00fd z\u00e1kladn\u00ed tvar trofeje byl zvolen, aby co nejv\u00edce vyzn\u011bla struktura povrchu. Ten tvo\u0159\u00ed\u00a0<strong>otisk asfaltu, kter\u00fd byl sejmut\u00fd p\u0159\u00edmo z\u00a0c\u00edlov\u00e9 rovinky mosteck\u00e9ho okruhu<\/strong>. V\u00edt\u011bz si tak s\u00a0sebou odveze symbolick\u00fd kus trati, na kter\u00e9 se mu poda\u0159ilo zv\u00edt\u011bzit.<\/p>\n<p><i>\u201eK tomuto ztv\u00e1rn\u011bn\u00ed mne inspirovaly reakce sportovc\u016f po cel\u00e9m sv\u011bt\u011b, kte\u0159\u00ed p\u0159i sv\u00fdch \u00fasp\u011b\u0161\u00edch vedle d\u011bkov\u00e1n\u00ed div\u00e1k\u016fm dost \u010dasto pokleknou na zem a gestem pod\u011bkuj\u00ed, \u010di pol\u00edb\u00ed zem, na kter\u00e9 vybojovali v\u00edt\u011bzstv\u00ed,&#8220;\u00a0<\/i>\u0159\u00edk\u00e1 design\u00e9r Jan Jaro\u0161, kter\u00fd je autorem trofeje.<\/p>\n<p><img loading=\"lazy\" decoding=\"async\" class=\"alignnone size-large wp-image-69822\" src=\"http:\/\/www.automakersnews.cz\/wp-content\/uploads\/2023\/07\/Most-trofej_wsbk_small_rl1-1024x576.jpg\" alt=\"\" width=\"1024\" height=\"576\" \/><\/p>\n<p>Superbiky se v\u00a0Most\u011b jedou letos u\u017e pot\u0159et\u00ed a organiz\u00e1to\u0159i v\u011b\u0159\u00ed, \u017ee p\u0159ekonaj\u00ed lo\u0148sk\u00fd rekord, kter\u00fd p\u0159edstavoval bezm\u00e1la 40 tis\u00edc n\u00e1v\u0161t\u011bvn\u00edk\u016f.\u00a0<strong><i>\u201eAutodrom Most m\u00e1 p\u0159\u00edjem jen ze vstupn\u00e9ho a tak v\u011b\u0159\u00edme, \u017ee \u010de\u0161t\u00ed fanou\u0161ci p\u0159ijedou podpo\u0159it nejen na\u0161e jezdce, ale i n\u00e1s jako okruh, abychom v\u00a0tradici po\u0159\u00e1d\u00e1n\u00ed mistrovstv\u00ed sv\u011bta mohli pokra\u010dovat,&#8220;<\/i>\u00a0\u0159\u00edk\u00e1 Josef Zaj\u00ed\u010dek<\/strong>\u00a0p\u0159edseda p\u0159edstavenstva Autodromu Most.<\/p>\n<figure id=\"attachment_36174\" aria-describedby=\"caption-attachment-36174\" style=\"width: 1024px\" class=\"wp-caption alignnone\"><img loading=\"lazy\" decoding=\"async\" class=\"size-large wp-image-36174\" src=\"http:\/\/www.automakersnews.cz\/wp-content\/uploads\/2023\/04\/20230404_orlen_benzinaautodrom_mostjanik_saitz_tiskova_konference_7-1024x537.jpg\" alt=\"\" width=\"1024\" height=\"537\" srcset=\"https:\/\/www.automakersnews.cz\/wp-content\/uploads\/2023\/04\/20230404_orlen_benzinaautodrom_mostjanik_saitz_tiskova_konference_7-1024x537.jpg 1024w, https:\/\/www.automakersnews.cz\/wp-content\/uploads\/2023\/04\/20230404_orlen_benzinaautodrom_mostjanik_saitz_tiskova_konference_7-300x157.jpg 300w, https:\/\/www.automakersnews.cz\/wp-content\/uploads\/2023\/04\/20230404_orlen_benzinaautodrom_mostjanik_saitz_tiskova_konference_7-768x403.jpg 768w, https:\/\/www.automakersnews.cz\/wp-content\/uploads\/2023\/04\/20230404_orlen_benzinaautodrom_mostjanik_saitz_tiskova_konference_7-1536x806.jpg 1536w, https:\/\/www.automakersnews.cz\/wp-content\/uploads\/2023\/04\/20230404_orlen_benzinaautodrom_mostjanik_saitz_tiskova_konference_7.jpg 2048w\" sizes=\"auto, (max-width: 1024px) 100vw, 1024px\" \/><figcaption id=\"caption-attachment-36174\" class=\"wp-caption-text\">Josef Zaj\u00ed\u010dek na leto\u0161n\u00ed tiskovce (zcela vlevo)<\/figcaption><\/figure>\n<p>Pro fanou\u0161ky je p\u0159ipravena cel\u00e1 \u0159ada atrakc\u00ed a bohat\u00fd doprovodn\u00fd program. U\u017e v\u00a0p\u00e1tek se budou moct\u00a0<strong>setkat s vybran\u00fdmi\u00a0jezdci na speci\u00e1ln\u00ed show v\u00a0kempu<\/strong>\u00a0Matylda, kter\u00fd je v\u00a0bezprost\u0159edn\u00ed bl\u00edzkosti okruhu. Cel\u00fd\u00a0<strong>seri\u00e1l mistrovstv\u00ed sv\u011bta WorldSBK je specifick\u00fd sv\u00fdm zam\u011b\u0159en\u00edm na fanou\u0161ky<\/strong>, kte\u0159\u00ed jsou v\u017edy\u00a0<strong>p\u0159\u00edmo v\u00a0centru d\u011bn\u00ed<\/strong>. Maj\u00ed p\u0159\u00edstup do z\u00e1vodn\u00edho paddocku, kde mohou nahl\u00e9dnout do z\u00e1zem\u00ed t\u00fdm\u016f nebo potkat jezdce. Po ka\u017ed\u00e9m z\u00e1vod\u011b jezdci proj\u00ed\u017ed\u011bj\u00ed k\u00a0hlavn\u00edmu p\u00f3diu p\u0159\u00edmo mezi div\u00e1ky v\u00a0tzv.\u00a0<strong>Victory Lane<\/strong>. Fanou\u0161ci tak s\u00a0nimi mohou sd\u00edlet emoce a jedine\u010dnou atmosf\u00e9ru p\u0159\u00edmo po z\u00e1vod\u011b a n\u00e1sledn\u011b sly\u0161et jejich dojmy v\u00a0<strong>Paddock Show, kde se na podiu cel\u00fd den odehr\u00e1v\u00e1 i dal\u0161\u00ed doprovodn\u00fd program.<\/strong><\/p>\n<p>To hlavn\u00ed se ale bude u\u017e od p\u00e1tku odehr\u00e1vat na dr\u00e1ze. Dobrou zpr\u00e1vou pro \u010desk\u00e9 fanou\u0161ky je, \u017ee v\u00a0ka\u017ed\u00e9 z kategori\u00ed budou moci fandit \u010desk\u00e9mu jezdci.<\/p>\n<p>Ve\u00a0WorldSSP300 je st\u00e1le ve h\u0159e o titul mistra sv\u011bta\u00a0<strong>Petr Svoboda<\/strong>\u00a0(Fusport-RT Motorsport by SKM-Kawasaki) a na dom\u00e1c\u00ed trati se bude p\u00f3diov\u00fdm um\u00edst\u011bn\u00edm sna\u017eit sn\u00ed\u017eit odstup od l\u00eddr\u016f \u0161ampion\u00e1tu, kte\u0159\u00ed maj\u00ed jen nepatrn\u00fd n\u00e1skok.<\/p>\n<p><strong>Ond\u0159ej Vostatek<\/strong>, startuj\u00edc\u00ed na divokou kartu v\u00a0t\u0159\u00edd\u011b WorldSSP, m\u00e1 za c\u00edl um\u00edst\u011bn\u00ed v\u00a0prvn\u00ed des\u00edtce.<\/p>\n<p>V\u00a0kr\u00e1lovsk\u00e9 t\u0159\u00edd\u011b WorldSBK bude bojovat\u00a0<strong>Oliver K\u00f6nig\u00a0<\/strong>o prvn\u00ed body v\u00a0leto\u0161n\u00ed sez\u00f3n\u011b. Jako nejmlad\u0161\u00ed jezdec ve sv\u00e9 kategorii bojuje Oliver se zku\u0161en\u00fdmi borci a m\u016f\u017ee tedy jen p\u0159ekvapit.<\/p>\n<p>Po \u0161esti z\u00e1vodn\u00edch v\u00edkendech je v\u00a0\u010dele pr\u016fb\u011b\u017en\u00e9 klasifikace\u00a0<strong>Alvaro Bautista<\/strong>\u00a0(Aruba.It Racing &#8211; Ducati), kter\u00fd se m\u016f\u017ee pochlubit \u00factyhodn\u00fdm po\u010dtem 391 bod\u016f. Jeho c\u00edlem je z\u00edskat druh\u00e9 v\u00edt\u011bzstv\u00ed v z\u00e1vod\u011b na mosteck\u00e9m okruhu a zv\u00fd\u0161it sv\u016fj n\u00e1skok v pr\u016fb\u011b\u017en\u00e9m po\u0159ad\u00ed.<\/p>\n<p>Za n\u00edm je\u00a0<strong>Toprak Razgatlioglu<\/strong>\u00a0(Pata Yamaha Prometeon WorldSBK), kter\u00fd ztr\u00e1c\u00ed 70 bod\u016f. P\u0159i pohledu na jeho p\u0159edchoz\u00ed v\u00fdkony na mosteck\u00e9m autodromu, kde vybojoval v\u00edt\u011bzstv\u00ed a n\u011bkolik um\u00edst\u011bn\u00ed na stupn\u00edch v\u00edt\u011bz\u016f, je velk\u00fdm kandid\u00e1tem na \u00fasp\u011bch.<\/p>\n<p><strong>Andrea Locatelli<\/strong>\u00a0(Pata Yamaha Prometeon WorldSBK) dr\u017e\u00ed t\u0159et\u00ed pozici s 208 body. Jeho c\u00edlem je zajistit si na mosteck\u00e9m autodromu prvn\u00ed um\u00edst\u011bn\u00ed na stupn\u00edch v\u00edt\u011bz\u016f a udr\u017eet si pozici v boji o mistrovsk\u00fd titul.\u00a0<i>\u201eS lo\u0148sk\u00fdm nov\u00fdm asfaltem v Most\u011b jsem opravdu spokojen\u00fd. Cel\u00e1 \u0161ikana byla pro rok 2022 p\u0159ed\u011bl\u00e1na a bylo to velk\u00e9 zlep\u0161en\u00ed,&#8220;<\/i>\u00a0t\u011b\u0161\u00ed se na z\u00e1vod Locatelli.<\/p>\n<p><strong>Rea slav\u00ed 400. start<\/strong><\/p>\n<p>Jednou ze zaj\u00edmavost\u00ed v\u00edkendu bude i ned\u011bln\u00ed\u00a0<strong>jubilejn\u00ed 400. start<\/strong>, na kter\u00fd se postav\u00ed britsk\u00fd jezdec\u00a0<strong>Jonathan Rea<\/strong>. Stane se prvn\u00edm jezdcem \u0161ampion\u00e1tu, kter\u00fd dos\u00e1hne tohoto pozoruhodn\u00e9ho miln\u00edku. Druh\u00fdm jezdcem s nejv\u011bt\u0161\u00edm po\u010dtem start\u016f ve WorldSBK je Troy Corser s 377 starty.<\/p>\n<p>Vstupenky jsou pro div\u00e1ky st\u00e1le k\u00a0dispozici na webu\u00a0<a href=\"https:\/\/autodrom-mostcz.t.mailkit.eu\/mc\/VUQIVPCL\/GEXGFRALGRDEHWVTRZ\/CEMIEWQCEEU\" target=\"_blank\" rel=\"noopener noreferrer\">www.autodrom-most.cz<\/a>. Pro fanou\u0161ky, kte\u0159\u00ed se rozhodnout dorazit na vlastn\u00ed motorce je k\u00a0dispozici parkov\u00e1n\u00ed p\u0159\u00edmo v\u00a0are\u00e1lu, kde bude p\u0159ichyst\u00e1na tak\u00e9 \u0161atna na odlo\u017een\u00ed helem a dal\u0161\u00edho vybaven\u00ed.<\/p>\n<p><img loading=\"lazy\" decoding=\"async\" class=\"alignnone size-large wp-image-36181\" src=\"http:\/\/www.automakersnews.cz\/wp-content\/uploads\/2023\/04\/orlen_benzinaautodrom_mostjanik_motorsport_tiskova_konference_1-1024x700.jpg\" alt=\"\" width=\"1024\" height=\"700\" \/><\/p>\n","protected":false},"excerpt":{"rendered":"<div class=\"mh-excerpt\"><p>Na Autodromu v Most\u011b odstartuje v p\u00e1tek mistrovstv\u00ed sv\u011bta superbik\u016f a \u010cesk\u00e1 republika bude m\u00edt zastoupen\u00ed v ka\u017ed\u00e9 kategorii. Na v\u00edt\u011bze \u010dek\u00e1 origin\u00e1ln\u00ed trofej z <a class=\"mh-excerpt-more\" href=\"https:\/\/www.automakersnews.cz\/index.php\/2023\/07\/27\/most-hosti-mistrovstvi-sveta-superbiku\/\" title=\"Most host\u00ed mistrovstv\u00ed sv\u011bta superbik\u016f\">[&#8230;]<\/a><\/p>\n<\/div>","protected":false},"author":1,"featured_media":69824,"comment_status":"open","ping_status":"open","sticky":false,"template":"","format":"standard","meta":{"footnotes":""},"categories":[2],"tags":[],"class_list":["post-69821","post","type-post","status-publish","format-standard","has-post-thumbnail","hentry","category-news"],"_links":{"self":[{"href":"https:\/\/www.automakersnews.cz\/index.php\/wp-json\/wp\/v2\/posts\/69821","targetHints":{"allow":["GET"]}}],"collection":[{"href":"https:\/\/www.automakersnews.cz\/index.php\/wp-json\/wp\/v2\/posts"}],"about":[{"href":"https:\/\/www.automakersnews.cz\/index.php\/wp-json\/wp\/v2\/types\/post"}],"author":[{"embeddable":true,"href":"https:\/\/www.automakersnews.cz\/index.php\/wp-json\/wp\/v2\/users\/1"}],"replies":[{"embeddable":true,"href":"https:\/\/www.automakersnews.cz\/index.php\/wp-json\/wp\/v2\/comments?post=69821"}],"version-history":[{"count":0,"href":"https:\/\/www.automakersnews.cz\/index.php\/wp-json\/wp\/v2\/posts\/69821\/revisions"}],"wp:featuredmedia":[{"embeddable":true,"href":"https:\/\/www.automakersnews.cz\/index.php\/wp-json\/wp\/v2\/media\/69824"}],"wp:attachment":[{"href":"https:\/\/www.automakersnews.cz\/index.php\/wp-json\/wp\/v2\/media?parent=69821"}],"wp:term":[{"taxonomy":"category","embeddable":true,"href":"https:\/\/www.automakersnews.cz\/index.php\/wp-json\/wp\/v2\/categories?post=69821"},{"taxonomy":"post_tag","embeddable":true,"href":"https:\/\/www.automakersnews.cz\/index.php\/wp-json\/wp\/v2\/tags?post=69821"}],"curies":[{"name":"wp","href":"https:\/\/api.w.org\/{rel}","templated":true}]}}