{"id":69827,"date":"2023-07-27T07:58:59","date_gmt":"2023-07-27T07:58:59","guid":{"rendered":"https:\/\/www.automakersnews.cz\/?p=69827"},"modified":"2023-07-27T07:58:59","modified_gmt":"2023-07-27T07:58:59","slug":"porsche-ia-meni-manazerku-marketingu","status":"publish","type":"post","link":"https:\/\/www.automakersnews.cz\/index.php\/2023\/07\/27\/porsche-ia-meni-manazerku-marketingu\/","title":{"rendered":"Porsche IA m\u011bn\u00ed mana\u017eerku marketingu"},"content":{"rendered":"<p><strong>Z postu marketingov\u00e9 a PR mana\u017eerky zna\u010dky Porsche odch\u00e1z\u00ed po n\u011bkolika letech p\u016fsoben\u00ed Katar\u00edna Ardov\u00e1. Jej\u00ed roli nov\u011b p\u0159eb\u00edr\u00e1 n\u00e1stupkyn\u011b, kter\u00e1 m\u00e1 za sebou zku\u0161enosti z obdobn\u00e9 pozice ve \u0160kod\u011b Auto \u010cesk\u00e1 republika.<\/strong><!--more--><\/p>\n<p>\u201eB\u00fdt sou\u010d\u00e1st\u00ed t\u00fdmu Porsche je pro m\u011b obrovskou poctou a v\u00fdznamn\u00fdm krokem v m\u00e9 kari\u00e9\u0159e. Jsem nad\u0161en\u00e1 z p\u0159\u00edle\u017eitosti pracovat pro tak renomovanou zna\u010dku jakou Porsche nepochybn\u011b je. T\u011b\u0161\u00edm se na nov\u00e9 v\u00fdzvy, kter\u00e9 mi p\u0159inesou nejen zaj\u00edmav\u00e9 zku\u0161enosti, ale tak\u00e9 nezapomenuteln\u00e9 z\u00e1\u017eitky,\u201c dod\u00e1v\u00e1\u00a0 nov\u00e1 market\u00e9rka Petra Klosov\u00e1.<\/p>\n<p><strong>Porsche Inter Auto CZ<\/strong><\/p>\n<p>Porsche Inter Auto CZ je jedn\u00edm z nejv\u011bt\u0161\u00edch dom\u00e1c\u00edch prodejc\u016f voz\u016f Volkswagen, Audi, SEAT, \u0160KODA, import\u00e9rem a prodejcem zna\u010dky Porsche v \u010cR a ofici\u00e1ln\u00edm prodejn\u00edm a servisn\u00edm zastoupen\u00edm pro zna\u010dky Bentley a Lamborghini.<\/p>\n<p>Ro\u010dn\u011b se v s\u00edti Porsche Inter Auto CZ prod\u00e1 p\u0159es 13 000 nov\u00fdch a ojet\u00fdch voz\u016f. Spole\u010dnost Porsche Inter Auto CZ aktu\u00e1ln\u011b zam\u011bstn\u00e1v\u00e1 p\u0159es 850 zam\u011bstnanc\u016f a p\u016fsob\u00ed na 11 pobo\u010dk\u00e1ch ve m\u011bstech: Praha, Brno, Ostrava, Plze\u0148, Olomouc, \u010cesk\u00e9 Bud\u011bjovice, Hradec Kr\u00e1lov\u00e9 a Opava.<\/p>\n<p><img loading=\"lazy\" decoding=\"async\" class=\"alignnone size-large wp-image-69858\" src=\"http:\/\/www.automakersnews.cz\/wp-content\/uploads\/2023\/07\/Porsche-Klosova-683x1024.jpg\" alt=\"\" width=\"683\" height=\"1024\" \/><\/p>\n","protected":false},"excerpt":{"rendered":"<div class=\"mh-excerpt\"><p>Z postu marketingov\u00e9 a PR mana\u017eerky zna\u010dky Porsche odch\u00e1z\u00ed po n\u011bkolika letech p\u016fsoben\u00ed Katar\u00edna Ardov\u00e1. Jej\u00ed roli nov\u011b p\u0159eb\u00edr\u00e1 n\u00e1stupkyn\u011b, kter\u00e1 m\u00e1 za sebou zku\u0161enosti <a class=\"mh-excerpt-more\" href=\"https:\/\/www.automakersnews.cz\/index.php\/2023\/07\/27\/porsche-ia-meni-manazerku-marketingu\/\" title=\"Porsche IA m\u011bn\u00ed mana\u017eerku marketingu\">[&#8230;]<\/a><\/p>\n<\/div>","protected":false},"author":1,"featured_media":69829,"comment_status":"open","ping_status":"open","sticky":false,"template":"","format":"standard","meta":{"footnotes":""},"categories":[30,3],"tags":[],"class_list":["post-69827","post","type-post","status-publish","format-standard","has-post-thumbnail","hentry","category-marketing","category-personalie"],"_links":{"self":[{"href":"https:\/\/www.automakersnews.cz\/index.php\/wp-json\/wp\/v2\/posts\/69827","targetHints":{"allow":["GET"]}}],"collection":[{"href":"https:\/\/www.automakersnews.cz\/index.php\/wp-json\/wp\/v2\/posts"}],"about":[{"href":"https:\/\/www.automakersnews.cz\/index.php\/wp-json\/wp\/v2\/types\/post"}],"author":[{"embeddable":true,"href":"https:\/\/www.automakersnews.cz\/index.php\/wp-json\/wp\/v2\/users\/1"}],"replies":[{"embeddable":true,"href":"https:\/\/www.automakersnews.cz\/index.php\/wp-json\/wp\/v2\/comments?post=69827"}],"version-history":[{"count":0,"href":"https:\/\/www.automakersnews.cz\/index.php\/wp-json\/wp\/v2\/posts\/69827\/revisions"}],"wp:featuredmedia":[{"embeddable":true,"href":"https:\/\/www.automakersnews.cz\/index.php\/wp-json\/wp\/v2\/media\/69829"}],"wp:attachment":[{"href":"https:\/\/www.automakersnews.cz\/index.php\/wp-json\/wp\/v2\/media?parent=69827"}],"wp:term":[{"taxonomy":"category","embeddable":true,"href":"https:\/\/www.automakersnews.cz\/index.php\/wp-json\/wp\/v2\/categories?post=69827"},{"taxonomy":"post_tag","embeddable":true,"href":"https:\/\/www.automakersnews.cz\/index.php\/wp-json\/wp\/v2\/tags?post=69827"}],"curies":[{"name":"wp","href":"https:\/\/api.w.org\/{rel}","templated":true}]}}