{"id":70227,"date":"2023-07-28T09:14:18","date_gmt":"2023-07-28T09:14:18","guid":{"rendered":"https:\/\/www.automakersnews.cz\/?p=70227"},"modified":"2023-07-28T09:14:18","modified_gmt":"2023-07-28T09:14:18","slug":"sit-dobijecek-cez-letos-pridala-51-stanic","status":"publish","type":"post","link":"https:\/\/www.automakersnews.cz\/index.php\/2023\/07\/28\/sit-dobijecek-cez-letos-pridala-51-stanic\/","title":{"rendered":"S\u00ed\u0165 dob\u00edje\u010dek \u010cEZ letos p\u0159idala 51 stanic"},"content":{"rendered":"<p><strong>V\u00edce ne\u017e 50 nov\u00fdch dob\u00edjec\u00edch stojan\u016f, meziro\u010dn\u00ed r\u016fst celkov\u011b odebran\u00e9 bezemisn\u00ed elekt\u0159iny o 12 % a k tomu 14% nav\u00fd\u0161en\u00ed pr\u016fm\u011brn\u011b na\u010derpan\u00e9 energie p\u0159i jednom dob\u00edjen\u00ed. To jsou hlavn\u00ed p\u0159\u00edsp\u011bvky nejv\u011bt\u0161\u00ed \u010desk\u00e9 ve\u0159ejn\u00e9 dob\u00edjec\u00ed s\u00edt\u011b k boomu elektromobility v \u010cesk\u00e9 republice. <\/strong><!--more--><\/p>\n<p>\u010cEZ zat\u00edm letos nav\u00fd\u0161il celkov\u00fd v\u00fdkon s\u00edt\u011b na 36,3 MW, a to hlavn\u011b akcelerovanou v\u00fdstavbou vysokorychlostn\u00edch stanic. V kombinaci s roz\u0161i\u0159ov\u00e1n\u00edm po\u010dtu stojan\u016f to znamen\u00e1 zkracov\u00e1n\u00ed doby, kterou \u0159idi\u010di tr\u00e1v\u00ed dob\u00edjen\u00edm nebo \u010dek\u00e1n\u00edm na n\u011bj. S\u00ed\u0165 roste d\u00edky evropsk\u00e9mu grantu z programu Connecting Europe Facility (CEF), prost\u0159edk\u016fm p\u0159id\u011blovan\u00fdm Opera\u010dn\u00edm programem Doprava i z vlastn\u00edch zdroj\u016f Skupiny \u010cEZ.<\/p>\n<p>\u010cEZ z\u016fst\u00e1v\u00e1 tahounem rozvoje ve\u0159ejn\u00e9 dob\u00edjec\u00ed infrastruktury pro elektromobily v \u010cesk\u00e9 republice. Z jeho stojan\u016f nateklo od ledna do \u010dervna do bateri\u00ed aut v\u00edce ne\u017e 2,3 milionu kWh \u010dist\u00e9 elekt\u0159iny, co\u017e je p\u011btin\u00e1sobek ve srovn\u00e1n\u00ed se stejn\u00fdm obdob\u00edm p\u0159ed p\u011bti lety. \u0158idi\u010di u \u010cEZ na\u010derpaj\u00ed v pr\u016fm\u011bru nejrychleji v cel\u00e9 \u010cR, a to d\u00edky nejvy\u0161\u0161\u00edmu v\u00fdkonu cel\u00e9 s\u00edt\u011b stojan\u016f, kter\u00fd se koncem \u010dervna vy\u0161plhal na 36,3 MW. P\u0159isp\u00edv\u00e1 k tomu p\u0159edev\u0161\u00edm instalace nov\u00fdch ultrarychl\u00fdch stanic o v\u00fdkonu a\u017e 360 kW, u kter\u00fdch lid\u00e9 nap\u0159. dopln\u00ed energii pot\u0159ebnou k cest\u011b z Prahy do Brna za 10 minut. Za cel\u00fd leto\u0161n\u00ed rok jich chce \u010cEZ postavit kolem \u010dty\u0159iceti. \u010casov\u00e9 prostoje vznikl\u00e9 \u010dek\u00e1n\u00edm na voln\u00fd dob\u00edjec\u00ed konektor zase \u00fa\u010dinn\u011b eliminuj\u00ed dob\u00edjec\u00ed huby, m\u00edsta o v\u011bt\u0161\u00edm po\u010dtu stojan\u016f, kde m\u016f\u017ee \u0159idi\u010d za\u010d\u00edt dob\u00edjet v\u011bt\u0161inou ihned po p\u0159\u00edjezdu. Vedle v\u00edce ne\u017e 1 500 dob\u00edjec\u00edch bod\u016f vlastn\u00ed s\u00edt\u011b nab\u00edz\u00ed \u010cEZ sv\u00fdm z\u00e1kazn\u00edk\u016fm d\u00edky roamingu i zhruba stejn\u00fd po\u010det konektor\u016f dal\u0161\u00edch poskytovatel\u016f dob\u00edjen\u00ed v \u010cesk\u00e9 republice.<\/p>\n<p>\u201eRoz\u0161i\u0159ov\u00e1n\u00ed elektromobility v\u011bnujeme v \u010cEZ velkou pozornost. Rychle stav\u00edme nov\u00e9 stanice a tak\u00e9 navy\u0161ujeme jejich v\u00fdkon. V podstat\u011b do ka\u017ed\u00e9ho nov\u011b spou\u0161t\u011bn\u00e9ho dob\u00edjec\u00edho hubu se sna\u017e\u00edme za\u010dlenit minim\u00e1ln\u011b jeden ultrarychl\u00fd stojan, u kter\u00e9ho se \u0159idi\u010d zdr\u017e\u00ed jen n\u011bkolik minut. Zvy\u0161ov\u00e1n\u00ed kvality slu\u017eeb pro z\u00e1kazn\u00edky se t\u00fdk\u00e1 i dal\u0161\u00edch mo\u017enost\u00ed v \u010dele s roamingem. D\u00edky tomu mohou dnes lid\u00e9 s na\u0161\u00ed dob\u00edjec\u00ed kartou nebo sta\u017eenou aplikac\u00ed dopl\u0148ovat energii celkov\u011b u t\u0159\u00ed tis\u00edc dob\u00edjec\u00edch bod\u016f. Dal\u0161\u00ed tis\u00edce konektor\u016f chceme na\u0161im z\u00e1kazn\u00edk\u016fm takto zp\u0159\u00edstupnit v n\u00e1sleduj\u00edc\u00edch m\u011bs\u00edc\u00edch v okoln\u00edch zem\u00edch,\u201c \u0159\u00edk\u00e1 m\u00edstop\u0159edseda p\u0159edstavenstva \u010cEZ Pavel Cyrani.<\/p>\n<p>P\u0159i vyu\u017e\u00edv\u00e1n\u00ed s\u00edt\u011b se u\u017eivatel p\u0159ed dob\u00edjen\u00edm identifikuje RFID kartou nebo pomoc\u00ed aplikace FUTUR\/E\/GO. Ta zefektiv\u0148uje dob\u00edjen\u00ed d\u00edky sp\u00e1rov\u00e1n\u00ed mobiln\u00edho telefonu s dob\u00edjec\u00ed stanic\u00ed, vyhled\u00e1 nejbli\u017e\u0161\u00ed dob\u00edjec\u00ed m\u00edsto v\u010detn\u011b aktu\u00e1ln\u00ed doby dojezdu nebo uk\u00e1\u017ee aktu\u00e1ln\u00ed obsazenost stojan\u016f. V\u00edce ne\u017e 80% s\u00edt\u011b \u010cEZ tvo\u0159\u00ed dnes dob\u00edjec\u00ed stojany o v\u00fdkonu 50 kW, rychle ale roste pod\u00edl ultrarychl\u00fdch stanic.<\/p>\n<p><img loading=\"lazy\" decoding=\"async\" class=\"alignnone wp-image-70229\" src=\"http:\/\/www.automakersnews.cz\/wp-content\/uploads\/2023\/07\/05_Dobijeci-stanice-Tesco-Kolin-small-1-300x200.jpg\" alt=\"\" width=\"866\" height=\"577\" srcset=\"https:\/\/www.automakersnews.cz\/wp-content\/uploads\/2023\/07\/05_Dobijeci-stanice-Tesco-Kolin-small-1-300x200.jpg 300w, https:\/\/www.automakersnews.cz\/wp-content\/uploads\/2023\/07\/05_Dobijeci-stanice-Tesco-Kolin-small-1-1024x681.jpg 1024w, https:\/\/www.automakersnews.cz\/wp-content\/uploads\/2023\/07\/05_Dobijeci-stanice-Tesco-Kolin-small-1-768x511.jpg 768w, https:\/\/www.automakersnews.cz\/wp-content\/uploads\/2023\/07\/05_Dobijeci-stanice-Tesco-Kolin-small-1.jpg 1418w\" sizes=\"auto, (max-width: 866px) 100vw, 866px\" \/><\/p>\n","protected":false},"excerpt":{"rendered":"<div class=\"mh-excerpt\"><p>V\u00edce ne\u017e 50 nov\u00fdch dob\u00edjec\u00edch stojan\u016f, meziro\u010dn\u00ed r\u016fst celkov\u011b odebran\u00e9 bezemisn\u00ed elekt\u0159iny o 12 % a k tomu 14% nav\u00fd\u0161en\u00ed pr\u016fm\u011brn\u011b na\u010derpan\u00e9 energie p\u0159i jednom <a class=\"mh-excerpt-more\" href=\"https:\/\/www.automakersnews.cz\/index.php\/2023\/07\/28\/sit-dobijecek-cez-letos-pridala-51-stanic\/\" title=\"S\u00ed\u0165 dob\u00edje\u010dek \u010cEZ letos p\u0159idala 51 stanic\">[&#8230;]<\/a><\/p>\n<\/div>","protected":false},"author":4,"featured_media":70228,"comment_status":"open","ping_status":"open","sticky":false,"template":"","format":"standard","meta":{"footnotes":""},"categories":[22],"tags":[],"class_list":["post-70227","post","type-post","status-publish","format-standard","has-post-thumbnail","hentry","category-elektromobily"],"_links":{"self":[{"href":"https:\/\/www.automakersnews.cz\/index.php\/wp-json\/wp\/v2\/posts\/70227","targetHints":{"allow":["GET"]}}],"collection":[{"href":"https:\/\/www.automakersnews.cz\/index.php\/wp-json\/wp\/v2\/posts"}],"about":[{"href":"https:\/\/www.automakersnews.cz\/index.php\/wp-json\/wp\/v2\/types\/post"}],"author":[{"embeddable":true,"href":"https:\/\/www.automakersnews.cz\/index.php\/wp-json\/wp\/v2\/users\/4"}],"replies":[{"embeddable":true,"href":"https:\/\/www.automakersnews.cz\/index.php\/wp-json\/wp\/v2\/comments?post=70227"}],"version-history":[{"count":0,"href":"https:\/\/www.automakersnews.cz\/index.php\/wp-json\/wp\/v2\/posts\/70227\/revisions"}],"wp:featuredmedia":[{"embeddable":true,"href":"https:\/\/www.automakersnews.cz\/index.php\/wp-json\/wp\/v2\/media\/70228"}],"wp:attachment":[{"href":"https:\/\/www.automakersnews.cz\/index.php\/wp-json\/wp\/v2\/media?parent=70227"}],"wp:term":[{"taxonomy":"category","embeddable":true,"href":"https:\/\/www.automakersnews.cz\/index.php\/wp-json\/wp\/v2\/categories?post=70227"},{"taxonomy":"post_tag","embeddable":true,"href":"https:\/\/www.automakersnews.cz\/index.php\/wp-json\/wp\/v2\/tags?post=70227"}],"curies":[{"name":"wp","href":"https:\/\/api.w.org\/{rel}","templated":true}]}}