{"id":70475,"date":"2023-07-31T06:20:34","date_gmt":"2023-07-31T06:20:34","guid":{"rendered":"https:\/\/www.automakersnews.cz\/?p=70475"},"modified":"2023-07-31T06:20:34","modified_gmt":"2023-07-31T06:20:34","slug":"elektroskutr-equis-ve-sportovnim-designu","status":"publish","type":"post","link":"https:\/\/www.automakersnews.cz\/index.php\/2023\/07\/31\/elektroskutr-equis-ve-sportovnim-designu\/","title":{"rendered":"Elektrosk\u00fatr Equis ve sportovn\u00edm designu"},"content":{"rendered":"<p><strong>Elektro sk\u00fatry jsou aktu\u00e1ln\u00edm hitem nejen ve velk\u00fdch m\u011bstech. Nov\u00fd elektrick\u00fd sk\u00fatr Equis nab\u00edz\u00ed sportovn\u00ed design, v\u00fdkonn\u00fd motor a dojezd a\u017e 60 km.<\/strong><!--more--><\/p>\n<p>Elektrick\u00fd sk\u00fatr Equis je ide\u00e1ln\u00edm dopravn\u00edm prost\u0159edkem jak do m\u011bsta, tak na venkov. Equis je tich\u00fd stroj, kter\u00fd neprodukuje \u017e\u00e1dn\u00e9 zplodiny, \u0161et\u0159\u00ed p\u0159\u00edrodu a nab\u00edz\u00ed levn\u00fd provoz. Je poh\u00e1n\u011bn v\u00fdkonn\u00fdm 3000 W siln\u00fdm elektromotorem. Nap\u00e1jen je z akumul\u00e1toru 72 V\/ 20 Ah, kter\u00fd je pln\u011b nabit\u00fd za 6 \u2013 8 hodin a dojezd sk\u00fatru na jedno nabit\u00ed je a\u017e 60 km.<\/p>\n<p>Nav\u00edc zaujme tak\u00e9 sv\u00fdm kvalitn\u00edm zpracov\u00e1n\u00edm a modern\u00edm sportovn\u00edm designem. M\u00e1 velk\u00e9 sedlo, dostatek prostoru pro nohy, p\u0159\u00edjemn\u00e9 dr\u017een\u00ed \u0159\u00edd\u00edtek, stabiln\u00ed a dob\u0159e odpru\u017een\u00fd podvozek, to v\u0161e je z\u00e1rukou vysok\u00e9ho komfortu p\u0159i j\u00edzd\u011b.<\/p>\n<p>Z\u00e1sadn\u00ed v\u00fdhodou elektrick\u00e9ho sk\u00fatru je velice levn\u00fd provoz s minim\u00e1ln\u00ed \u00fadr\u017ebou. N\u00e1klady na ujet\u00fd kilometr jsou zlomkem n\u00e1klad\u016f provozu spalovac\u00edho motoru. Levn\u011bji u\u017e lze jezdit jen na kole nebo chodit p\u011b\u0161ky. Elektromotor je tich\u00fd, neprodukuje \u017e\u00e1dn\u00e9 zplodiny, m\u00e1 vysok\u00fd to\u010div\u00fd moment ji\u017e v n\u00edzk\u00fdch ot\u00e1\u010dk\u00e1ch. Sk\u00fatr je proto v rozjezdu svi\u017en\u00fd, co\u017e se hod\u00ed zejm\u00e9na v m\u011bstsk\u00e9m provozu.<\/p>\n<p><img loading=\"lazy\" decoding=\"async\" class=\"alignnone wp-image-70476\" src=\"http:\/\/www.automakersnews.cz\/wp-content\/uploads\/2023\/07\/Hecht_Equis_white-300x300.png\" alt=\"\" width=\"891\" height=\"891\" srcset=\"https:\/\/www.automakersnews.cz\/wp-content\/uploads\/2023\/07\/Hecht_Equis_white-300x300.png 300w, https:\/\/www.automakersnews.cz\/wp-content\/uploads\/2023\/07\/Hecht_Equis_white-150x150.png 150w, https:\/\/www.automakersnews.cz\/wp-content\/uploads\/2023\/07\/Hecht_Equis_white.png 720w\" sizes=\"auto, (max-width: 891px) 100vw, 891px\" \/><\/p>\n","protected":false},"excerpt":{"rendered":"<div class=\"mh-excerpt\"><p>Elektro sk\u00fatry jsou aktu\u00e1ln\u00edm hitem nejen ve velk\u00fdch m\u011bstech. Nov\u00fd elektrick\u00fd sk\u00fatr Equis nab\u00edz\u00ed sportovn\u00ed design, v\u00fdkonn\u00fd motor a dojezd a\u017e 60 km.<\/p>\n<\/div>","protected":false},"author":4,"featured_media":70478,"comment_status":"open","ping_status":"open","sticky":false,"template":"","format":"standard","meta":{"footnotes":""},"categories":[19,22],"tags":[],"class_list":["post-70475","post","type-post","status-publish","format-standard","has-post-thumbnail","hentry","category-design","category-elektromobily"],"_links":{"self":[{"href":"https:\/\/www.automakersnews.cz\/index.php\/wp-json\/wp\/v2\/posts\/70475","targetHints":{"allow":["GET"]}}],"collection":[{"href":"https:\/\/www.automakersnews.cz\/index.php\/wp-json\/wp\/v2\/posts"}],"about":[{"href":"https:\/\/www.automakersnews.cz\/index.php\/wp-json\/wp\/v2\/types\/post"}],"author":[{"embeddable":true,"href":"https:\/\/www.automakersnews.cz\/index.php\/wp-json\/wp\/v2\/users\/4"}],"replies":[{"embeddable":true,"href":"https:\/\/www.automakersnews.cz\/index.php\/wp-json\/wp\/v2\/comments?post=70475"}],"version-history":[{"count":0,"href":"https:\/\/www.automakersnews.cz\/index.php\/wp-json\/wp\/v2\/posts\/70475\/revisions"}],"wp:featuredmedia":[{"embeddable":true,"href":"https:\/\/www.automakersnews.cz\/index.php\/wp-json\/wp\/v2\/media\/70478"}],"wp:attachment":[{"href":"https:\/\/www.automakersnews.cz\/index.php\/wp-json\/wp\/v2\/media?parent=70475"}],"wp:term":[{"taxonomy":"category","embeddable":true,"href":"https:\/\/www.automakersnews.cz\/index.php\/wp-json\/wp\/v2\/categories?post=70475"},{"taxonomy":"post_tag","embeddable":true,"href":"https:\/\/www.automakersnews.cz\/index.php\/wp-json\/wp\/v2\/tags?post=70475"}],"curies":[{"name":"wp","href":"https:\/\/api.w.org\/{rel}","templated":true}]}}