{"id":70481,"date":"2023-07-31T06:18:28","date_gmt":"2023-07-31T06:18:28","guid":{"rendered":"https:\/\/www.automakersnews.cz\/?p=70481"},"modified":"2023-07-31T07:35:15","modified_gmt":"2023-07-31T07:35:15","slug":"bmw-otevrelo-testovaci-polygon-v-sokolove","status":"publish","type":"post","link":"https:\/\/www.automakersnews.cz\/index.php\/2023\/07\/31\/bmw-otevrelo-testovaci-polygon-v-sokolove\/","title":{"rendered":"BMW otev\u0159elo testovac\u00ed polygon v Sokolov\u011b"},"content":{"rendered":"<p><strong>BMW Group v Sokolov\u011b v\u00a0\u010cesk\u00e9 republice slavnostn\u011b otev\u0159ela sv\u016fj nov\u00fd testovac\u00ed a v\u00fdvojov\u00fd polygon \u2013 Future Mobility Development Center (FMDC). <\/strong><!--more--><\/p>\n<p>Za \u00fa\u010dasti Petra O\u010dka, n\u00e1m\u011bstka ministra pr\u016fmyslu a obchodu \u010cR, a Petra Kulh\u00e1nka, hejtmana Karlovarsk\u00e9ho kraje, Ilky Hortsmeier, \u010dlenky p\u0159edstavenstva BMW Group pro zam\u011bstnance a nemovitosti, a Franka Webera, \u010dlena p\u0159edstavenstva BMW Group odpov\u011bdn\u00e9ho za v\u00fdvoj, byl slavnostn\u011b otev\u0159en testovac\u00ed are\u00e1l pro v\u00fdvoj syst\u00e9m\u016f pln\u011b automatizovan\u00e9 j\u00edzdy a testov\u00e1n\u00ed.<\/p>\n<p>Jako prvn\u00ed v\u00fdvojov\u00e9 m\u00edsto sv\u00e9ho druhu ve st\u0159edn\u00ed Evrop\u011b bude FMDC, do n\u011bho\u017e bylo investov\u00e1no 300 milion\u016f eur, hr\u00e1t kl\u00ed\u010dovou roli ve v\u00fdvoji syst\u00e9m\u016f mobility budoucnosti. B\u00fdval\u00e1 v\u00fdsypka povrchov\u00e9ho dolu se prom\u011bnila v\u00a0inova\u010dn\u00ed centrum zam\u011bstn\u00e1vaj\u00edc\u00ed v\u00edce ne\u017e sto kvalifikovan\u00fdch pracovn\u00edk\u016f. Okoln\u00ed ter\u00e9n nab\u00edz\u00ed ide\u00e1ln\u00ed re\u00e1ln\u00e9 podm\u00ednky pro testov\u00e1n\u00ed vysoce a pln\u011b automatizovan\u00e9 j\u00edzdy a parkov\u00e1n\u00ed, kter\u00e9 dopl\u0148uj\u00ed virtu\u00e1ln\u00ed simulace j\u00edzdn\u00edch situac\u00ed.<\/p>\n<p>Pr\u00e1v\u011b z\u00e1sluhou kombinace virtu\u00e1ln\u00edch simulac\u00ed a re\u00e1ln\u00e9ho testov\u00e1n\u00ed spl\u0148uje BMW Group nejvy\u0161\u0161\u00ed bezpe\u010dnostn\u00ed po\u017eadavky sv\u00fdch z\u00e1kazn\u00edk\u016f. FMDC v Sokolov\u011b dopl\u0148uje st\u00e1vaj\u00edc\u00ed testovac\u00ed a v\u00fdvojov\u00e9 are\u00e1ly BMW, kter\u00e9 se nach\u00e1zej\u00ed v Aschheimu u Mnichova, Miramas ve Francii a Arjeplogu ve \u0160v\u00e9dsku.<\/p>\n<p>\u201eS na\u0161\u00edm nov\u00fdm v\u00fdvojov\u00fdm centrem Future Mobility Development Center jsme vytvo\u0159ili ojedin\u011bl\u00e9 testovac\u00ed pracovi\u0161t\u011b, ur\u010den\u00e9 v\u00fdhradn\u011b pro vysoce pokro\u010dil\u00e9 testov\u00e1n\u00ed automatizovan\u00e9 j\u00edzdy a parkov\u00e1n\u00ed a\u017e do \u00farovn\u011b 4. Na plo\u0161e 600 hektar\u016f mimo\u0159\u00e1dn\u011b flexibiln\u011b a efektivn\u011b testujeme v\u0161echny mo\u017en\u00e9 j\u00edzdn\u00ed situace, kter\u00e9 mohou nastat ve m\u011bstech, na venkovsk\u00fdch silnic\u00edch i na d\u00e1lnic\u00edch, stejn\u011b jako syst\u00e9my pro automatick\u00e9 parkov\u00e1n\u00ed. Na\u0161e specialita: zdej\u0161\u00ed testovac\u00ed moduly m\u016f\u017eeme absolvovat v\u00a0plynul\u00e9 n\u00e1vaznosti bez p\u0159eru\u0161en\u00ed rovnou za sebou. D\u00edky tomu jsou na\u0161e testy maxim\u00e1ln\u011b realistick\u00e9, spolehliv\u00e9 a orientovan\u00e9 na z\u00e1kazn\u00edka,\u201c \u0159ekl Frank Weber, \u010dlen p\u0159edstavenstva BMW odpov\u011bdn\u00fd za v\u00fdvoj.<\/p>\n<p><img loading=\"lazy\" decoding=\"async\" class=\"alignnone wp-image-70483\" src=\"http:\/\/www.automakersnews.cz\/wp-content\/uploads\/2023\/07\/P90515603_lowRes_bmw-group-future-mob-small-2-300x200.jpg\" alt=\"\" width=\"998\" height=\"665\" srcset=\"https:\/\/www.automakersnews.cz\/wp-content\/uploads\/2023\/07\/P90515603_lowRes_bmw-group-future-mob-small-2-300x200.jpg 300w, https:\/\/www.automakersnews.cz\/wp-content\/uploads\/2023\/07\/P90515603_lowRes_bmw-group-future-mob-small-2-1024x682.jpg 1024w, https:\/\/www.automakersnews.cz\/wp-content\/uploads\/2023\/07\/P90515603_lowRes_bmw-group-future-mob-small-2-768x512.jpg 768w, https:\/\/www.automakersnews.cz\/wp-content\/uploads\/2023\/07\/P90515603_lowRes_bmw-group-future-mob-small-2-1536x1024.jpg 1536w, https:\/\/www.automakersnews.cz\/wp-content\/uploads\/2023\/07\/P90515603_lowRes_bmw-group-future-mob-small-2-2048x1365.jpg 2048w\" sizes=\"auto, (max-width: 998px) 100vw, 998px\" \/><\/p>\n<p>Nov\u00fd testovac\u00ed polygon umo\u017e\u0148uje nejen testov\u00e1n\u00ed a dal\u0161\u00ed v\u00fdvoj technologick\u00fdch inovac\u00ed, ale je tak\u00e9 p\u0159\u00edkladem d\u016fsledn\u00e9ho za\u010dlen\u011bn\u00ed nejvy\u0161\u0161\u00edch standard\u016f ochrany \u017eivotn\u00edho prost\u0159ed\u00ed a udr\u017eitelnosti do celkov\u00e9 koncepce i realizace. Po celou dobu pl\u00e1nov\u00e1n\u00ed a v\u00fdstavby testovac\u00edch trat\u00ed BMW \u00fazce spolupracovalo se specializovan\u00fdm ekologick\u00fdm stavebn\u00edm dozorem.<\/p>\n<p>\u201eVytv\u00e1\u0159en\u00ed elektrick\u00e9, digit\u00e1ln\u00ed a udr\u017eiteln\u00e9 mobility v\u00a0BMW Group p\u0159esahuje r\u00e1mec na\u0161ich voz\u016f. Sledujeme cel\u00fd hodnotov\u00fd \u0159et\u011bzec, v\u010detn\u011b na\u0161ich vlastn\u00edch v\u00fdrobn\u00edch z\u00e1vod\u016f. Spole\u010dn\u011b s na\u0161imi partnery jsme zde v Sokolov\u011b dok\u00e1zali z\u00a0b\u00fdval\u00e9ho are\u00e1lu v\u00fdsypky povrchov\u00e9ho dolu vybudovat modern\u00ed a efektivn\u00ed testovac\u00ed are\u00e1l a vytvo\u0159it nov\u00e1, atraktivn\u00ed pracovn\u00ed m\u00edsta,\u201c uvedla Ilka Horstmeier, \u010dlenka p\u0159edstavenstva BMW pro zam\u011bstnance a nemovitosti. \u201eFuture Mobility Development Center a jeho nab\u00edjec\u00ed infrastruktura jsou stoprocentn\u011b z\u00e1sobov\u00e1ny ekologickou elekt\u0159inou z obnoviteln\u00fdch zdroj\u016f. Je\u00a0to\u00a0dal\u0161\u00ed krok k dekarbonizaci na\u0161ich provoz\u016f po cel\u00e9m sv\u011bt\u011b.\u201c<\/p>\n<p>Krom\u011b vyu\u017e\u00edv\u00e1n\u00ed zelen\u00e9 elekt\u0159iny je are\u00e1l vybaven inovativn\u00edm syst\u00e9mem hospoda\u0159en\u00ed s vodou, kter\u00fd systematicky sb\u00edr\u00e1 de\u0161\u0165ovou vodu a vyu\u017e\u00edv\u00e1 ji k\u00a0zavla\u017eov\u00e1n\u00ed \u00fasek\u016f zku\u0161ebn\u00edch trat\u00ed. V pr\u016fb\u011bhu pl\u00e1nov\u00e1n\u00ed byla zohledn\u011bna tak\u00e9 ochrana a podpora m\u00edstn\u00ed biologick\u00e9 diverzity: v cel\u00e9m are\u00e1lu byly instalov\u00e1ny syst\u00e9my pro kontrolu oboj\u017eiveln\u00edk\u016f, kter\u00e9 zaji\u0161\u0165uj\u00ed bezpe\u010dn\u00e9 p\u0159ech\u00e1zen\u00ed zv\u00ed\u0159at p\u0159es testovac\u00ed dr\u00e1hy. K vybudov\u00e1n\u00ed are\u00e1lu bylo pou\u017eito 2,2\u00a0milionu metr\u016f krychlov\u00fdch zeminy, je\u017e byla d\u0159\u00edve vyt\u011b\u017eena p\u0159i t\u011b\u017eb\u011b v\u00a0okoln\u00edch dolech. Nebyla tedy zabr\u00e1na \u017e\u00e1dn\u00e1 dal\u0161\u00ed p\u016fda, ale naopak byla pro\u00a0perspektivn\u00ed technologick\u00fd v\u00fdvoj recyklov\u00e1na plocha, kter\u00e1 le\u017eela ladem.<\/p>\n<p><img loading=\"lazy\" decoding=\"async\" class=\"alignnone wp-image-70484\" src=\"http:\/\/www.automakersnews.cz\/wp-content\/uploads\/2023\/07\/P90515604_lowRes_bmw-group-future-mob-small-1-300x200.jpg\" alt=\"\" width=\"923\" height=\"615\" srcset=\"https:\/\/www.automakersnews.cz\/wp-content\/uploads\/2023\/07\/P90515604_lowRes_bmw-group-future-mob-small-1-300x200.jpg 300w, https:\/\/www.automakersnews.cz\/wp-content\/uploads\/2023\/07\/P90515604_lowRes_bmw-group-future-mob-small-1-1024x682.jpg 1024w, https:\/\/www.automakersnews.cz\/wp-content\/uploads\/2023\/07\/P90515604_lowRes_bmw-group-future-mob-small-1-768x512.jpg 768w, https:\/\/www.automakersnews.cz\/wp-content\/uploads\/2023\/07\/P90515604_lowRes_bmw-group-future-mob-small-1-1536x1024.jpg 1536w, https:\/\/www.automakersnews.cz\/wp-content\/uploads\/2023\/07\/P90515604_lowRes_bmw-group-future-mob-small-1-2048x1365.jpg 2048w\" sizes=\"auto, (max-width: 923px) 100vw, 923px\" \/><\/p>\n","protected":false},"excerpt":{"rendered":"<div class=\"mh-excerpt\"><p>BMW Group v Sokolov\u011b v\u00a0\u010cesk\u00e9 republice slavnostn\u011b otev\u0159ela sv\u016fj nov\u00fd testovac\u00ed a v\u00fdvojov\u00fd polygon \u2013 Future Mobility Development Center (FMDC).<\/p>\n<\/div>","protected":false},"author":4,"featured_media":70482,"comment_status":"open","ping_status":"open","sticky":false,"template":"","format":"standard","meta":{"footnotes":""},"categories":[2],"tags":[],"class_list":["post-70481","post","type-post","status-publish","format-standard","has-post-thumbnail","hentry","category-news"],"_links":{"self":[{"href":"https:\/\/www.automakersnews.cz\/index.php\/wp-json\/wp\/v2\/posts\/70481","targetHints":{"allow":["GET"]}}],"collection":[{"href":"https:\/\/www.automakersnews.cz\/index.php\/wp-json\/wp\/v2\/posts"}],"about":[{"href":"https:\/\/www.automakersnews.cz\/index.php\/wp-json\/wp\/v2\/types\/post"}],"author":[{"embeddable":true,"href":"https:\/\/www.automakersnews.cz\/index.php\/wp-json\/wp\/v2\/users\/4"}],"replies":[{"embeddable":true,"href":"https:\/\/www.automakersnews.cz\/index.php\/wp-json\/wp\/v2\/comments?post=70481"}],"version-history":[{"count":0,"href":"https:\/\/www.automakersnews.cz\/index.php\/wp-json\/wp\/v2\/posts\/70481\/revisions"}],"wp:featuredmedia":[{"embeddable":true,"href":"https:\/\/www.automakersnews.cz\/index.php\/wp-json\/wp\/v2\/media\/70482"}],"wp:attachment":[{"href":"https:\/\/www.automakersnews.cz\/index.php\/wp-json\/wp\/v2\/media?parent=70481"}],"wp:term":[{"taxonomy":"category","embeddable":true,"href":"https:\/\/www.automakersnews.cz\/index.php\/wp-json\/wp\/v2\/categories?post=70481"},{"taxonomy":"post_tag","embeddable":true,"href":"https:\/\/www.automakersnews.cz\/index.php\/wp-json\/wp\/v2\/tags?post=70481"}],"curies":[{"name":"wp","href":"https:\/\/api.w.org\/{rel}","templated":true}]}}