{"id":7131,"date":"2022-12-07T12:19:18","date_gmt":"2022-12-07T12:19:18","guid":{"rendered":"https:\/\/www.automakersnews.cz\/?p=7131"},"modified":"2022-12-07T12:19:44","modified_gmt":"2022-12-07T12:19:44","slug":"orlen-partnerem-skiarealu-spindleruv-mlyn","status":"publish","type":"post","link":"https:\/\/www.automakersnews.cz\/index.php\/2022\/12\/07\/orlen-partnerem-skiarealu-spindleruv-mlyn\/","title":{"rendered":"ORLEN partnerem are\u00e1lu \u0160pindler\u016fv Ml\u00fdn"},"content":{"rendered":"<p align=\"JUSTIFY\"><span style=\"color: #5a666f;\"><span style=\"font-size: small;\"><b>ORLEN Benzina, kter\u00e1 je se sv\u00fdmi 430 stanicemi nejv\u011bt\u0161\u00ed s\u00edt\u00ed \u010derpac\u00edch stanic v\u00a0\u010cesku, se stala hlavn\u00edm partnerem skiare\u00e1lu \u0160pindler\u016fv Ml\u00fdn a podporovatelem ly\u017ea\u0159sk\u00e9 akce ORLEN \u0160pindl Ski Opening 2022\/2023. Seda\u010dkov\u00e1 lanovka z\u00a0Horn\u00edch M\u00edse\u010dek na Medv\u011bd\u00edn bude p\u0159ejmenov\u00e1na na ORLEN line a sjezdovky ponesou n\u00e1zev pohonn\u00fdch hmot Efecta a Verva. Na vrcholu Medv\u011bd\u00edna bude otev\u0159eno bistro s\u00a0ob\u010derstven\u00edm Stop Cafe.<\/b><\/span><\/span><!--more--><\/p>\n<p align=\"JUSTIFY\"><span style=\"color: #5a666f;\">\u201e<span style=\"font-size: small;\"><i>Podporujeme \u0159adu vrcholn\u00fdch sportovn\u00ed akc\u00ed. \u010c\u00e1st z\u00a0nich m\u00e1 i p\u0159esah do masov\u00e9ho sportov\u00e1n\u00ed. A to je i p\u0159\u00edpad na\u0161ich partnersk\u00fdch aktivit b\u011bhem zimy. Dosud jsme podporovali zejm\u00e9na b\u011b\u017eka\u0159e, nyn\u00ed k\u00a0tomu p\u0159id\u00e1v\u00e1me i sjezdov\u00e9 ly\u017eov\u00e1n\u00ed.\u00a0Stali jsme se hlavn\u00edm partnerem jednoho z\u00a0nejv\u011bt\u0161\u00edch ly\u017ea\u0159sk\u00fdch st\u0159edisek v\u00a0\u010cesku. Svou p\u0159\u00edtomnost\u00ed budeme podporovat dal\u0161\u00ed rozvoj a prosperitu tohoto n\u00e1dhern\u00e9ho are\u00e1lu, kter\u00fd slou\u017e\u00ed n\u00e1v\u0161t\u011bvn\u00edk\u016fm nejen z\u00a0\u010ceska, ale z\u00a0mnoha dal\u0161\u00edch zem\u00ed,\u201c<\/i> \u0159ekla <b>Anna Ziobro\u0144, \u0159editelka sponzoringu skupiny ORLEN Unipetrol<\/b>.<\/span><\/span><\/p>\n<p align=\"JUSTIFY\"><span style=\"color: #5a666f;\"><span style=\"font-size: small;\">N\u00e1v\u0161t\u011bvn\u00edci skiare\u00e1lu maj\u00ed mo\u017enost nechat se vyv\u00e9zt z\u00a0Horn\u00edch M\u00edse\u010dek na Medv\u011bd\u00edn seda\u010dkovou lanovkou s\u00a0nov\u00fdm n\u00e1zvem ORLEN line. U jej\u00ed vrcholov\u00e9 stanice bylo v\u00a0prostor\u00e1ch restaurace z\u0159\u00edzeno\u00a0bistro Stop Cafe, zn\u00e1m\u00e9 sv\u00fdmi kvalitn\u00edmi produkty z\u00a0\u010derpac\u00edch stanic ORLEN Benzina. <\/span><\/span><\/p>\n<p align=\"JUSTIFY\"><span style=\"color: #5a666f;\"><span style=\"font-size: small;\">N\u00e1v\u0161t\u011bvn\u00edci v\u00a0tomto bistru mohou do\u010derpat energii v\u00fdb\u011brovou fair trade k\u00e1vou \u010di specialitami ze \u0161irok\u00e9\u00a0nab\u00eddky ob\u010derstven\u00ed Stop Cafe. Pro sjezd z\u00a0Medv\u011bd\u00edna maj\u00ed ly\u017ea\u0159i na v\u00fdb\u011br ze sjezdovek Efecta Turistick\u00e1 nebo Verva \u010cerven\u00e1, jejich\u017e n\u00e1zvy odkazuj\u00ed na aditivovan\u00e9 a pr\u00e9miov\u00e9 pohonn\u00e9 hmoty, kter\u00e9 ORLEN Benzina nab\u00edz\u00ed z\u00e1kazn\u00edk\u016fm ve sv\u00e9 s\u00edti. Podpora are\u00e1lu ze strany ORLEN Benzina zahrnuje tak\u00e9 dod\u00e1vky pohonn\u00fdch hmot pro provoz sn\u011b\u017en\u00fdch roleb v\u00a0cel\u00e9m skiare\u00e1lu.<\/span><\/span><\/p>\n<p align=\"JUSTIFY\"><a name=\"Bookmark\"><\/a><span style=\"color: #5a666f;\"><span style=\"font-size: small;\">Nov\u00e1 zimn\u00ed sez\u00f3na ve \u0160pindlerov\u011b Ml\u00fdn\u011b za\u010d\u00edn\u00e1 ji\u017e 10. prosince 2022 a v\u0161ichni z\u00e1jemci z\u00a0\u0159ad \u0161irok\u00e9 ve\u0159ejnosti jsou i jm\u00e9nem ORLEN Benzina srde\u010dn\u011b zv\u00e1ni na zah\u00e1jen\u00ed sez\u00f3ny ORLEN \u0160pindl SkiOpening 2022\/2023. Slavnostn\u00ed zah\u00e1jen\u00ed odstartuje v 10:00 a cel\u00fd den si n\u00e1v\u0161t\u011bvn\u00edci budou moci u\u017e\u00edt bohat\u00fd doprovodn\u00fd program.<\/span><\/span><\/p>\n","protected":false},"excerpt":{"rendered":"<div class=\"mh-excerpt\"><p>ORLEN Benzina, kter\u00e1 je se sv\u00fdmi 430 stanicemi nejv\u011bt\u0161\u00ed s\u00edt\u00ed \u010derpac\u00edch stanic v\u00a0\u010cesku, se stala hlavn\u00edm partnerem skiare\u00e1lu \u0160pindler\u016fv Ml\u00fdn a podporovatelem ly\u017ea\u0159sk\u00e9 akce ORLEN <a class=\"mh-excerpt-more\" href=\"https:\/\/www.automakersnews.cz\/index.php\/2022\/12\/07\/orlen-partnerem-skiarealu-spindleruv-mlyn\/\" title=\"ORLEN partnerem are\u00e1lu \u0160pindler\u016fv Ml\u00fdn\">[&#8230;]<\/a><\/p>\n<\/div>","protected":false},"author":1,"featured_media":7132,"comment_status":"open","ping_status":"open","sticky":false,"template":"","format":"standard","meta":{"footnotes":""},"categories":[18],"tags":[],"class_list":["post-7131","post","type-post","status-publish","format-standard","has-post-thumbnail","hentry","category-sponzoring"],"_links":{"self":[{"href":"https:\/\/www.automakersnews.cz\/index.php\/wp-json\/wp\/v2\/posts\/7131","targetHints":{"allow":["GET"]}}],"collection":[{"href":"https:\/\/www.automakersnews.cz\/index.php\/wp-json\/wp\/v2\/posts"}],"about":[{"href":"https:\/\/www.automakersnews.cz\/index.php\/wp-json\/wp\/v2\/types\/post"}],"author":[{"embeddable":true,"href":"https:\/\/www.automakersnews.cz\/index.php\/wp-json\/wp\/v2\/users\/1"}],"replies":[{"embeddable":true,"href":"https:\/\/www.automakersnews.cz\/index.php\/wp-json\/wp\/v2\/comments?post=7131"}],"version-history":[{"count":0,"href":"https:\/\/www.automakersnews.cz\/index.php\/wp-json\/wp\/v2\/posts\/7131\/revisions"}],"wp:featuredmedia":[{"embeddable":true,"href":"https:\/\/www.automakersnews.cz\/index.php\/wp-json\/wp\/v2\/media\/7132"}],"wp:attachment":[{"href":"https:\/\/www.automakersnews.cz\/index.php\/wp-json\/wp\/v2\/media?parent=7131"}],"wp:term":[{"taxonomy":"category","embeddable":true,"href":"https:\/\/www.automakersnews.cz\/index.php\/wp-json\/wp\/v2\/categories?post=7131"},{"taxonomy":"post_tag","embeddable":true,"href":"https:\/\/www.automakersnews.cz\/index.php\/wp-json\/wp\/v2\/tags?post=7131"}],"curies":[{"name":"wp","href":"https:\/\/api.w.org\/{rel}","templated":true}]}}