{"id":7136,"date":"2022-12-07T12:34:15","date_gmt":"2022-12-07T12:34:15","guid":{"rendered":"https:\/\/www.automakersnews.cz\/?p=7136"},"modified":"2022-12-07T12:34:15","modified_gmt":"2022-12-07T12:34:15","slug":"autopalace-otevira-pobocku-v-pop-airport","status":"publish","type":"post","link":"https:\/\/www.automakersnews.cz\/index.php\/2022\/12\/07\/autopalace-otevira-pobocku-v-pop-airport\/","title":{"rendered":"AutoPalace otev\u00edr\u00e1 pobo\u010dku v POP Airport"},"content":{"rendered":"<p><strong>\u0160\u00e9f dealersk\u00e9 skupiny AutoPalace Franti\u0161ek \u0160vec odstartoval provoz nov\u00e9 pobo\u010dky pro z\u00e1novn\u00ed a ojet\u00e9 vozy v prostor\u00e1ch pra\u017esk\u00e9ho obchodn\u00edho centra POP Airport nedaleko leti\u0161t\u011b V\u00e1clava Havla, bl\u00edzko pobo\u010dky AutoPalace v Tuchom\u011b\u0159ic\u00edch.<\/strong><!--more--><\/p>\n<p>C\u00edlem prvn\u00ed f\u00e1ze tohoto projektu pro obchodov\u00e1n\u00ed se z\u00e1novn\u00edmi a\u00a0ojet\u00fdmi vozy je roz\u0161\u00ed\u0159en\u00ed portfolia a t\u00edm i celkov\u00e9 pos\u00edlen\u00ed pozice skupiny AutoPalace na trhu s\u00a0ojetinami.<\/p>\n<p>Skute\u010dnost, \u017ee nov\u00e1 pobo\u010dka s\u00a0celkovou plochou pro a\u017e 400 ojet\u00fdch voz\u016f je situov\u00e1na do jednoho z\u00a0nejv\u011bt\u0161\u00edch pra\u017esk\u00fdch obchodn\u00edch center, d\u00e1v\u00e1 p\u0159edpoklad k\u00a0\u00fazk\u00e9mu kontaktu se z\u00e1kazn\u00edky, hledaj\u00edc\u00edmi \u0159e\u0161en\u00ed sv\u00e9 mobility pr\u00e1v\u011b formou n\u00e1kupu ojetiny. Kvalitn\u011b upraven\u00fd prodejn\u00ed prostor je \u010d\u00e1ste\u010dn\u011b zast\u0159e\u0161en\u00fd a t\u00edm nab\u00edz\u00ed mo\u017enost v\u00fdb\u011bru ojet\u00e9ho vozu i v\u00a0nep\u0159\u00edzniv\u00fdch pov\u011btrnostn\u00edch podm\u00ednk\u00e1ch.<\/p>\n<p>V\u00a0prvn\u00ed f\u00e1zi se management nov\u00e9 pobo\u010dky spole\u010dnosti AutoPalace zam\u011b\u0159uje na maximalizaci skladov\u00fdch z\u00e1sob s\u00a0c\u00edlem nab\u00eddnout vozy v\u0161ech kategori\u00ed v\u00a0r\u016fzn\u00e9m cenov\u00e9m rozmez\u00ed, v\u010detn\u011b ro\u010dn\u00edch voz\u016f s plnou tov\u00e1rn\u00ed z\u00e1rukou a minim\u00e1ln\u00edm n\u00e1jezdem kilometr\u016f.<\/p>\n<p>Hlavn\u00edm zdrojem pro napln\u011bn\u00ed t\u011bchto z\u00e1sob budou p\u0159edev\u0161\u00edm prov\u011b\u0159en\u00e9 ojet\u00e9 vozy z\u00a0pobo\u010dky AutoPalace a sou\u010dasn\u011b tak\u00e9 vozy vykoupen\u00e9 od st\u00e1vaj\u00edc\u00edch z\u00e1kazn\u00edk\u016f na proti\u00fa\u010det. Samoz\u0159ejmost\u00ed je v\u00a0nov\u00e9 pobo\u010dce tak\u00e9 nab\u00eddka ostatn\u00edch slu\u017eeb, jako nap\u0159\u00edklad profinancov\u00e1n\u00ed nebo poji\u0161t\u011bn\u00ed voz\u016f. Nov\u00e1 pobo\u010dka v\u00a0pra\u017esk\u00e9m obchodn\u00edm a z\u00e1bavn\u00edm centru POP Airport m\u00e1 kvalitn\u00ed servisn\u00ed podporu v\u00a0dal\u0161\u00ed nedalek\u00e9 pobo\u010dce AutoPalace v\u00a0Tuchom\u011b\u0159ic\u00edch.<\/p>\n<p>Druh\u00e1 f\u00e1ze tohoto projektu s\u00a0term\u00ednem dokon\u010den\u00ed v\u00a0prvn\u00edm kvart\u00e1lu roku 2023 nab\u00eddne z\u00e1jemc\u016fm o prov\u011b\u0159en\u00e9 z\u00e1novn\u00ed nebo ojet\u00e9 vozy v\u0161ech segment\u016f plnohodnotn\u00e9 komfortn\u00ed z\u00e1zem\u00ed v\u010detn\u011b klientsk\u00e9 z\u00f3ny. O maxim\u00e1ln\u00ed spokojenost z\u00e1kazn\u00edk\u016f se zde bude starat profesion\u00e1ln\u00ed odborn\u00fd t\u00fdm \u0161esti prodejc\u016f, \u010dty\u0159ech v\u00fdkupn\u00edch technik\u016f a dvou specialist\u016f pro finan\u010dn\u00ed slu\u017eby. Spole\u010dn\u011b by m\u011bli, vzhledem k sou\u010dasn\u00e9 slo\u017eit\u00e9 situaci na trhu s nov\u00fdmi vozy, zobchodovat v roce 2023 a\u017e dva tis\u00edce z\u00e1novn\u00edch \u010di ojet\u00fdch voz\u016f.<\/p>\n<p>\u201cJsem nesm\u00edrn\u011b r\u00e1d, \u017ee se na\u0161emu realiza\u010dn\u00edmu t\u00fdmu poda\u0159ilo uv\u00e9st v \u017eivot prvn\u00ed f\u00e1zi projektu pobo\u010dky v POP Airport, a to v \u0159\u00e1du pouh\u00fdch n\u011bkolika t\u00fddn\u016f. Jsem si pln\u011b v\u011bdom, \u017ee p\u0159\u00edprava nov\u00e9 pobo\u010dky byla z mnoha pohled\u016f nesm\u00edrn\u011b n\u00e1ro\u010dn\u00e1, ale sou\u010dasn\u00fd nestabiln\u00ed automobilov\u00fd trh vy\u017eaduje rychl\u00e9 reakce na aktu\u00e1ln\u00ed slo\u017eitou dod\u00e1vku nov\u00fdch voz\u016f. To byl tak\u00e9 d\u016fvod, pro\u010d jsme realizaci nov\u00e9 pobo\u010dky rozd\u011blili do dvou f\u00e1z\u00ed a ji\u017e dnes se nemohu do\u010dkat slavnostn\u00edho otev\u0159en\u00ed cel\u00e9ho are\u00e1lu konstruk\u010dn\u011b slo\u017een\u00e9ho z jeden\u00e1cti stavebn\u00edch modul\u016f s modern\u00edm a komfortn\u00edm z\u00e1zem\u00edm pro z\u00e1kazn\u00edky, kter\u00e9 pl\u00e1nujeme na prvn\u00ed kvart\u00e1l roku 2023,\u201d \u0159ekl ke spu\u0161t\u011bn\u00ed provozu nov\u00e9 pobo\u010dky POP Airport Ojet\u00e9 vozy Franti\u0161ek \u0160vec, gener\u00e1ln\u00ed \u0159editel AutoPalace.<\/p>\n<p><img loading=\"lazy\" decoding=\"async\" class=\"alignnone size-medium wp-image-7166\" src=\"http:\/\/www.automakersnews.cz\/wp-content\/uploads\/2022\/12\/autopalace-pop-airport-scaled-e1670416417654-300x169.jpg\" alt=\"\" width=\"300\" height=\"169\" srcset=\"https:\/\/www.automakersnews.cz\/wp-content\/uploads\/2022\/12\/autopalace-pop-airport-scaled-e1670416417654-300x169.jpg 300w, https:\/\/www.automakersnews.cz\/wp-content\/uploads\/2022\/12\/autopalace-pop-airport-scaled-e1670416417654.jpg 560w\" sizes=\"auto, (max-width: 300px) 100vw, 300px\" \/><\/p>\n<p>Slavnostn\u00ed otev\u0159en\u00ed prvn\u00ed f\u00e1ze pobo\u010dky AutoPalace POP Airport<\/p>\n","protected":false},"excerpt":{"rendered":"<div class=\"mh-excerpt\"><p>\u0160\u00e9f dealersk\u00e9 skupiny AutoPalace Franti\u0161ek \u0160vec odstartoval provoz nov\u00e9 pobo\u010dky pro z\u00e1novn\u00ed a ojet\u00e9 vozy v prostor\u00e1ch pra\u017esk\u00e9ho obchodn\u00edho centra POP Airport nedaleko leti\u0161t\u011b V\u00e1clava <a class=\"mh-excerpt-more\" href=\"https:\/\/www.automakersnews.cz\/index.php\/2022\/12\/07\/autopalace-otevira-pobocku-v-pop-airport\/\" title=\"AutoPalace otev\u00edr\u00e1 pobo\u010dku v POP Airport\">[&#8230;]<\/a><\/p>\n<\/div>","protected":false},"author":1,"featured_media":7137,"comment_status":"open","ping_status":"open","sticky":false,"template":"","format":"standard","meta":{"footnotes":""},"categories":[40,39],"tags":[],"class_list":["post-7136","post","type-post","status-publish","format-standard","has-post-thumbnail","hentry","category-bazary","category-dealeri"],"_links":{"self":[{"href":"https:\/\/www.automakersnews.cz\/index.php\/wp-json\/wp\/v2\/posts\/7136","targetHints":{"allow":["GET"]}}],"collection":[{"href":"https:\/\/www.automakersnews.cz\/index.php\/wp-json\/wp\/v2\/posts"}],"about":[{"href":"https:\/\/www.automakersnews.cz\/index.php\/wp-json\/wp\/v2\/types\/post"}],"author":[{"embeddable":true,"href":"https:\/\/www.automakersnews.cz\/index.php\/wp-json\/wp\/v2\/users\/1"}],"replies":[{"embeddable":true,"href":"https:\/\/www.automakersnews.cz\/index.php\/wp-json\/wp\/v2\/comments?post=7136"}],"version-history":[{"count":0,"href":"https:\/\/www.automakersnews.cz\/index.php\/wp-json\/wp\/v2\/posts\/7136\/revisions"}],"wp:featuredmedia":[{"embeddable":true,"href":"https:\/\/www.automakersnews.cz\/index.php\/wp-json\/wp\/v2\/media\/7137"}],"wp:attachment":[{"href":"https:\/\/www.automakersnews.cz\/index.php\/wp-json\/wp\/v2\/media?parent=7136"}],"wp:term":[{"taxonomy":"category","embeddable":true,"href":"https:\/\/www.automakersnews.cz\/index.php\/wp-json\/wp\/v2\/categories?post=7136"},{"taxonomy":"post_tag","embeddable":true,"href":"https:\/\/www.automakersnews.cz\/index.php\/wp-json\/wp\/v2\/tags?post=7136"}],"curies":[{"name":"wp","href":"https:\/\/api.w.org\/{rel}","templated":true}]}}