{"id":714,"date":"2022-10-25T08:00:30","date_gmt":"2022-10-25T08:00:30","guid":{"rendered":"https:\/\/www.automakersnews.cz\/?p=714"},"modified":"2022-10-25T08:01:50","modified_gmt":"2022-10-25T08:01:50","slug":"norma-euro-7-ek-nechce-dalsi-snizeni-emisi","status":"publish","type":"post","link":"https:\/\/www.automakersnews.cz\/index.php\/2022\/10\/25\/norma-euro-7-ek-nechce-dalsi-snizeni-emisi\/","title":{"rendered":"Norma Euro 7: EK nepl\u00e1nuje dal\u0161\u00ed sn\u00ed\u017een\u00ed emis\u00ed"},"content":{"rendered":"<p><strong><span class=\"e1id0 advancedHighlight\" data-id=\"0\" data-classic=\"false\">Evropsk\u00e1<\/span>\u00a0<span class=\"e1id0 advancedHighlight\" data-id=\"0\" data-classic=\"false\">komise<\/span>\u00a0(<span class=\"e1id0 advancedHighlight\" data-id=\"0\" data-classic=\"false\">EK<\/span>) z\u0159ejm\u011b nebude po\u017eadovat dal\u0161\u00ed sn\u00ed\u017een\u00ed zne\u010di\u0161\u0165uj\u00edc\u00edch emis\u00ed u automobil\u016f. Uvedl to server <span class=\"e3id0 advancedHighlight\" data-id=\"3\" data-classic=\"false\">Politico<\/span>\u00a0s odkazem na p\u0159ipravovanou normu Euro 7. Ta by m\u011bla br\u00e1t ohled zejm\u00e9na na aktu\u00e1ln\u00ed energetickou situaci, kter\u00e1 je slo\u017eit\u00e1 pr\u00e1v\u011b i pro\u00a0<span class=\"e5id2 advancedHighlight e-personGeneral SearchKeywordHighlight\" data-id=\"4\" data-classic=\"true\">automobilov\u00fd<\/span>\u00a0<span class=\"e5id2 advancedHighlight\" data-id=\"5\" data-classic=\"false\">pr\u016fmysl<\/span>.<\/strong><!--more--><\/p>\n<p>Podle n\u00e1vrhu nov\u00fdch pravidel Euro 7 budou emisn\u00ed normy pro osobn\u00ed automobily i dod\u00e1vky stanoveny na stejn\u00e9 \u00farovni, jako tomu je ve st\u00e1vaj\u00edc\u00ed norm\u011b Euro 6.\u00a0<span class=\"e5id2 advancedHighlight e-personGeneral SearchKeywordHighlight\" data-id=\"4\" data-classic=\"true\">Automobilov\u00fd<\/span>\u00a0<span class=\"e5id2 advancedHighlight\" data-id=\"5\" data-classic=\"false\">pr\u016fmysl<\/span>\u00a0tak nebude muset v n\u00e1sleduj\u00edc\u00edch deseti letech vynakl\u00e1dat velk\u00e9 investice na sn\u00ed\u017een\u00ed zne\u010di\u0161t\u011bn\u00ed u nov\u00e9 generace automobil\u016f se spalovac\u00edmi motory.<\/p>\n<p>&#8222;S ohledem na sou\u010dasnou geopolitickou a ekonomickou situaci do\u0161lo k z\u00e1v\u011bre\u010dn\u00e9mu p\u0159ezkumu,&#8220; uvedla Komise v \u00favodu s odkazem na zv\u00fd\u0161enou z\u00e1t\u011b\u017e pr\u016fmyslu zejm\u00e9na kv\u016fli n\u00e1klad\u016fm na energie. &#8222;To vytv\u00e1\u0159\u00ed bezprecedentn\u00ed tlak na dodavatelsk\u00fd \u0159et\u011bzec\u00a0<span class=\"e5id2 advancedHighlight e-personGeneral SearchKeywordHighlight\" data-id=\"4\" data-classic=\"true\">automobilov\u00e9ho<\/span>\u00a0<span class=\"e5id2 advancedHighlight\" data-id=\"5\" data-classic=\"false\">pr\u016fmyslu<\/span>\u00a0a vyvol\u00e1v\u00e1 ot\u00e1zky cenov\u00e9 dostupnosti pro\u00a0<span class=\"e5id3 advancedHighlight\" data-id=\"16\" data-classic=\"false\">spot\u0159ebitele<\/span>, a to v celkov\u00e9m kontextu vysok\u00e9 inflace,&#8220; uv\u00e1d\u00ed se v n\u00e1vrhu.<\/p>\n<p>&#8222;Z pohledu pr\u016fmyslu Euro 7 nepot\u0159ebujeme, proto\u017ee bude od\u010derp\u00e1vat zdroje, kter\u00e9 bychom m\u011bli vynakl\u00e1dat na elektrifikaci,&#8220; \u0159ekl tento t\u00fdden na pa\u0159\u00ed\u017esk\u00e9m autosalonu\u00a0<span class=\"e5id0 advancedHighlight\" data-id=\"17\" data-classic=\"false\">gener\u00e1ln\u00ed<\/span>\u00a0<span class=\"e5id0 advancedHighlight\" data-id=\"17\" data-classic=\"false\">\u0159editel<\/span>\u00a0spole\u010dnosti\u00a0<span class=\"e1id3 advancedHighlight\" data-id=\"19\" data-classic=\"false\">Stellantis<\/span>\u00a0(PSA,\u00a0<span class=\"e1id2 e4id0 advancedHighlight\" data-id=\"20\" data-classic=\"false\">Fiat<\/span>,\u00a0<span class=\"e1id1 e4id0 advancedHighlight\" data-id=\"21\" data-classic=\"false\">Chrysler<\/span>)\u00a0<span class=\"e2id0 advancedHighlight\" data-id=\"22\" data-classic=\"false\">Carlos<\/span>\u00a0<span class=\"e2id0 advancedHighlight\" data-id=\"22\" data-classic=\"false\">Tavares<\/span>.<\/p>\n<p>Zast\u00e1nci nulov\u00fdch emis\u00ed jsou ale znepokojeni. &#8222;Lobby\u00a0<span class=\"e5id2 advancedHighlight e-personGeneral SearchKeywordHighlight\" data-id=\"4\" data-classic=\"true\">automobilov\u00e9ho<\/span>\u00a0<span class=\"e5id2 advancedHighlight\" data-id=\"5\" data-classic=\"false\">pr\u016fmyslu<\/span>\u00a0se ost\u0159e postavila proti Euro 7,&#8220; \u0159ekla Anna Krajinska z ekologick\u00e9 nevl\u00e1dn\u00ed organizace Transport &amp; Environment. &#8222;Nyn\u00ed Komise ustoupila jejich po\u017eadavk\u016fm. Zisky\u00a0<span class=\"e5id4 advancedHighlight\" data-id=\"26\" data-classic=\"false\">v\u00fdrobc\u016f<\/span>\u00a0automobil\u016f jsou up\u0159ednost\u0148ov\u00e1ny p\u0159ed zdrav\u00edm milion\u016f\u00a0<span class=\"e5id1 advancedHighlight\" data-id=\"27\" data-classic=\"false\">Evropan\u016f<\/span>,&#8220; dodala.<\/p>\n<p>Nov\u00e1 pravidla Euro 7 maj\u00ed b\u00fdt zve\u0159ejn\u011bna 9. listopadu. St\u00e1vaj\u00edc\u00ed normy se tak roz\u0161\u00ed\u0159\u00ed o pravidla pro zne\u010di\u0161\u0165uj\u00edc\u00ed l\u00e1tky tak, aby zahrnovala i \u010d\u00e1stice z pneumatik a brzd a l\u00e1tky jako jsou oxid uhelnat\u00fd nebo oxidy dus\u00edku, budou se zab\u00fdvat i ot\u00e1zkou \u017eivotnosti bateri\u00ed.<\/p>\n","protected":false},"excerpt":{"rendered":"<div class=\"mh-excerpt\"><p>Evropsk\u00e1\u00a0komise\u00a0(EK) z\u0159ejm\u011b nebude po\u017eadovat dal\u0161\u00ed sn\u00ed\u017een\u00ed zne\u010di\u0161\u0165uj\u00edc\u00edch emis\u00ed u automobil\u016f. Uvedl to server Politico\u00a0s odkazem na p\u0159ipravovanou normu Euro 7. Ta by m\u011bla br\u00e1t ohled <a class=\"mh-excerpt-more\" href=\"https:\/\/www.automakersnews.cz\/index.php\/2022\/10\/25\/norma-euro-7-ek-nechce-dalsi-snizeni-emisi\/\" title=\"Norma Euro 7: EK nepl\u00e1nuje dal\u0161\u00ed sn\u00ed\u017een\u00ed emis\u00ed\">[&#8230;]<\/a><\/p>\n<\/div>","protected":false},"author":1,"featured_media":715,"comment_status":"open","ping_status":"open","sticky":false,"template":"","format":"standard","meta":{"footnotes":""},"categories":[2],"tags":[],"class_list":["post-714","post","type-post","status-publish","format-standard","has-post-thumbnail","hentry","category-news"],"_links":{"self":[{"href":"https:\/\/www.automakersnews.cz\/index.php\/wp-json\/wp\/v2\/posts\/714","targetHints":{"allow":["GET"]}}],"collection":[{"href":"https:\/\/www.automakersnews.cz\/index.php\/wp-json\/wp\/v2\/posts"}],"about":[{"href":"https:\/\/www.automakersnews.cz\/index.php\/wp-json\/wp\/v2\/types\/post"}],"author":[{"embeddable":true,"href":"https:\/\/www.automakersnews.cz\/index.php\/wp-json\/wp\/v2\/users\/1"}],"replies":[{"embeddable":true,"href":"https:\/\/www.automakersnews.cz\/index.php\/wp-json\/wp\/v2\/comments?post=714"}],"version-history":[{"count":0,"href":"https:\/\/www.automakersnews.cz\/index.php\/wp-json\/wp\/v2\/posts\/714\/revisions"}],"wp:featuredmedia":[{"embeddable":true,"href":"https:\/\/www.automakersnews.cz\/index.php\/wp-json\/wp\/v2\/media\/715"}],"wp:attachment":[{"href":"https:\/\/www.automakersnews.cz\/index.php\/wp-json\/wp\/v2\/media?parent=714"}],"wp:term":[{"taxonomy":"category","embeddable":true,"href":"https:\/\/www.automakersnews.cz\/index.php\/wp-json\/wp\/v2\/categories?post=714"},{"taxonomy":"post_tag","embeddable":true,"href":"https:\/\/www.automakersnews.cz\/index.php\/wp-json\/wp\/v2\/tags?post=714"}],"curies":[{"name":"wp","href":"https:\/\/api.w.org\/{rel}","templated":true}]}}