{"id":71692,"date":"2023-07-31T06:25:43","date_gmt":"2023-07-31T06:25:43","guid":{"rendered":"https:\/\/www.automakersnews.cz\/?p=71692"},"modified":"2023-07-31T06:48:27","modified_gmt":"2023-07-31T06:48:27","slug":"superbiky-v-moste-v-blaznivem-pocasi","status":"publish","type":"post","link":"https:\/\/www.automakersnews.cz\/index.php\/2023\/07\/31\/superbiky-v-moste-v-blaznivem-pocasi\/","title":{"rendered":"Superbiky v Most\u011b v bl\u00e1zniv\u00e9m po\u010das\u00ed"},"content":{"rendered":"<p><strong>Most s prvn\u00edm v\u00edkendov\u00fdm dnem za\u017eil dal\u0161\u00ed show, kdy si s jezdci pohr\u00e1lo po\u010das\u00ed. Navzdory tomu <\/strong><strong>autodrom za\u017eil rekordn\u00ed akci. \u0160pi\u010dkov\u00fd motorsport vid\u011blo b\u011bhem cel\u00e9ho v\u00edkendu t\u00e9m\u011b\u0159 54 tis\u00edc div\u00e1k\u016f. Mezi fanou\u0161ky zav\u00edtal i prezident Petr Pavel.<\/strong><!--more--><\/p>\n<p>Po cel\u00fd v\u00edkend panovala fantastick\u00e1 atmosf\u00e9ra, kterou si ji\u017e t\u0159et\u00edm rokem pochvaluj\u00ed jak fanou\u0161ci, tak jezdci i organiz\u00e1to\u0159i. To byl posledn\u00ed \u010dervencov\u00fd v\u00edkend, kter\u00fd se na mosteck\u00e9m okruhu nesl v\u00a0duchu mistrovstv\u00ed sv\u011bta superbik\u016f. Organiz\u00e1to\u0159i v\u00a0Most\u011b letos napo\u010d\u00edtali 53\u00a0871 n\u00e1v\u0161t\u011bvn\u00edk\u016f a p\u0159ekonali tak lo\u0148sk\u00fdch 37 tis\u00edc i vlastn\u00ed odhady, kter\u00e9 kon\u010dily u 50 tis\u00edc div\u00e1k\u016f. Z\u00a0mosteck\u00fdch superbik\u016f se tak st\u00e1v\u00e1 ji\u017e tradi\u010dn\u00ed podnik, kter\u00fd je vrcholem sez\u00f3ny motorsportu v\u00a0\u010cesk\u00e9 republice. D\u00edky televizn\u00edm p\u0159enos\u016fm jej pak u obrazovek celosv\u011btov\u011b sleduje pr\u016fm\u011brn\u011b 75 milion\u016f div\u00e1k\u016f a dosahem tak p\u0159ekon\u00e1v\u00e1 v\u0161echny sportovn\u00ed akce, kter\u00e9 se v\u00a0\u010cesk\u00e9 republice konaj\u00ed.<\/p>\n<p><em>\u201eV\u00edkend WorldSBK byl op\u011bt fantastick\u00fd. Jsem moc r\u00e1d, \u017ee div\u00e1ci p\u0159iv\u00edtali rozd\u011blen\u00ed vstupn\u00e9ho na div\u00e1ck\u00fd svah a paddock a dorazili v\u00a0rekordn\u00edm po\u010dtu. Bezm\u00e1la 54 tis\u00edc fanou\u0161k\u016f si u\u017eilo skv\u011bl\u00fd motorsport i velkou show, jakou dok\u00e1\u017ee nab\u00eddnout jenom WorldSBK. Op\u011bt jsme dok\u00e1zali, \u017ee v\u00a0Most\u011b um\u00edme uspo\u0159\u00e1dat podnik sv\u011btov\u00e9ho m\u011b\u0159\u00edtka a d\u011bl\u00e1me tak dobr\u00e9 jm\u00e9no \u010cesk\u00e9 republice,&#8220;\u00a0<\/em>hodnot\u00ed \u00fasp\u011b\u0161n\u00fd v\u00edkend Josef Zaj\u00ed\u010dek, p\u0159edseda p\u0159edstavenstva spole\u010dnosti Autodrom Most.<\/p>\n<p>Spolupr\u00e1ci si pochvaluje tak\u00e9 Gregorio Lavilla, v\u00fdkonn\u00fd \u0159editel WorldSBK.\u00a0<em>\u201eM\u00e1m velkou radost, kdy\u017e vid\u00edm, jak se \u00fasp\u011b\u0161n\u011b rozv\u00edj\u00ed na\u0161e vztahy a zku\u0161enosti s\u00a0mosteck\u00fdm autodromem, jako domovem WorldSBK v \u010cesk\u00e9 republice. Ji\u017e t\u0159et\u00ed ro\u010dn\u00edk v \u0159ad\u011b p\u0159inesl fantastickou pod\u00edvanou a akc\u00ed nabit\u00fd v\u00edkend. Fanou\u0161ci si mohli vychutnat WorldSBK naplno v\u010detn\u011b Victory Lane a Paddock Show v\u00a0sam\u00e9m srdci okruhu. Rostouc\u00ed \u010d\u00edsla n\u00e1v\u0161t\u011bvnosti sv\u011bd\u010d\u00ed o \u00fasp\u011bchu akce a my se t\u011b\u0161\u00edme na dal\u0161\u00ed spolupr\u00e1ci s mosteck\u00fdm autodromem, abychom v tomto trendu pokra\u010dovali i v p\u0159\u00ed\u0161t\u00edch letech.&#8220;<\/em><\/p>\n<p><img loading=\"lazy\" decoding=\"async\" class=\"alignnone size-large wp-image-71696\" src=\"http:\/\/www.automakersnews.cz\/wp-content\/uploads\/2023\/07\/Most-Rea-pohar-1024x683.jpg\" alt=\"\" width=\"1024\" height=\"683\" \/><\/p>\n<p>Ned\u011bln\u00ed z\u00e1vod kr\u00e1lovsk\u00e9 t\u0159\u00eddy World Superbike ovl\u00e1dl dosavadn\u00ed l\u00eddr \u0161ampion\u00e1tu Alv\u00e1ro Bautista, kter\u00fd si tak spravil chu\u0165 po nevyda\u0159en\u00e9m sobotn\u00edm z\u00e1vod\u011b. Bautista v\u00a0ned\u011bli p\u0159edvedl fenomen\u00e1ln\u00ed bitvu s Toprakem Razgatlioglu, \u0161ampionem z roku 2021. P\u0159edj\u00ed\u017ed\u011bli se v podstat\u011b p\u0159i ka\u017ed\u00e9m pr\u016fjezdu po hlavn\u00ed rovince. Souboj ukon\u010dil Toprak\u016fv p\u00e1d a bylo z toho osmn\u00e1ct\u00e9 v\u00edt\u011bzstv\u00ed v jedin\u00e9 v sez\u00f3n\u011b, co\u017e je rekord, kter\u00fd se zat\u00edm v\u00a0historii WorldSBK nikomu nepoda\u0159il. Oliver K\u00f6nig, jedin\u00fd \u010desk\u00fd jezdec v\u00a0nejvy\u0161\u0161\u00ed t\u0159\u00edd\u011b, bohu\u017eel za\u017eil dal\u0161\u00ed smoln\u00fd v\u00edkend, kdy ho v\u00a0obou z\u00e1vodech zradila technika. Nejprve v sobotu kv\u016fli nezvl\u00e1dnut\u00e9 v\u00fdm\u011bn\u011b pneumatik ztratil hodn\u011b vte\u0159in, aby ho pak v ned\u011bli zastavila technick\u00e1 z\u00e1vada \u201eOd za\u010d\u00e1tku vypad\u00e1valy kvalty, a\u017e jsem za\u010dal pod\u0159azovat. Zastavilo to zadn\u00ed kolo a motorka z\u016fstala st\u00e1t,&#8220; popsal K\u00f6nig smoln\u00fd z\u00e1vod.<\/p>\n<p>Probl\u00e9my se nevyhnuli ani dal\u0161\u00edmu \u010desk\u00e9mu z\u00e1stupci Ond\u0159eji Vostatkovi v\u00a0supersportech. Po slibn\u011b rozjet\u00e9m z\u00e1vodu, kdy se postupn\u011b p\u0159ibli\u017eoval bodovan\u00fdm p\u0159\u00ed\u010dk\u00e1m, ho zdr\u017eelo t\u00fdmov\u00e9 nedorozum\u011bn\u00ed p\u0159i zast\u00e1vce v\u00a0boxech a n\u00e1sledn\u011b technick\u00e9 probl\u00e9my. Nakonec musel ze z\u00e1vodu odstoupit. Z\u00e1vod, kter\u00fd poznamenal d\u00e9\u0161\u0165 naopak skv\u011ble vyu\u017eil Tarran Mackenzie, kter\u00fd zariskoval a nep\u0159ezul na mokr\u00e9 pneumatiky a z\u00edskal tak sv\u00e9 v\u016fbec prvn\u00ed v\u00edt\u011bzstv\u00ed v\u00a0kategorii.<\/p>\n<p>\u010ce\u0161t\u00ed fanou\u0161ci netrp\u011bliv\u011b \u010dekali na posledn\u00ed z\u00e1vod v\u00edkendu, kter\u00fd pat\u0159il nejni\u017e\u0161\u00ed t\u0159\u00edd\u011b SSP300, kde si skv\u011ble vede Petr Svoboda. Start op\u011bt zdramatizovala prudk\u00e1 p\u0159eh\u00e1\u0148ka, kter\u00e1 posunula z\u00e1vod o n\u011bkolik minut. Velk\u00e9 d\u00edky pat\u0159\u00ed hasi\u010d\u016fm a tra\u0165ov\u00fdm mar\u0161\u00e1l\u016fm, kte\u0159\u00ed museli vodu z\u00a0n\u011bkter\u00fdch m\u00edst od\u010derp\u00e1vat. Z\u00e1vod pak musel b\u00fdt zkr\u00e1cen na osm kol. Svoboda nakonec ve slo\u017eit\u00fdch podm\u00ednk\u00e1ch vybojoval osm\u00e9 m\u00edsto, kter\u00e9 je d\u016fle\u017eit\u00e9 pro celkov\u00e9 po\u0159ad\u00ed v\u00a0\u0161ampion\u00e1tu. Na vedouc\u00edho Gonzalese te\u010f Svoboda ztr\u00e1c\u00ed jen \u010dty\u0159i body a cesta k\u00a0titulu bude je\u0161t\u011b hodn\u011b nap\u00edn\u00e1v\u00e1.<\/p>\n<p>Ned\u011bln\u00ed z\u00e1vod si nenechal uj\u00edt ani prezident republiky Petr Pavel, kter\u00fd do Mostu dorazil stylov\u011b na motorce. B\u011bhem n\u00e1v\u0161t\u011bvy nav\u0161t\u00edvil \u0159\u00edd\u00edc\u00ed v\u011b\u017e, z\u00e1vodn\u00ed boxy a na startovn\u00edm ro\u0161tu si podal ruku s\u00a0Oliverem K\u00f6nigem. Nakonec si u\u017eil i slavnostn\u00ed ceremoni\u00e1l po z\u00e1vodu superbik\u016f, kdy promluvil s\u00a0v\u00edt\u011bzem Alv\u00e1rem Bautistou.<\/p>\n<figure id=\"attachment_36174\" aria-describedby=\"caption-attachment-36174\" style=\"width: 1024px\" class=\"wp-caption alignnone\"><img loading=\"lazy\" decoding=\"async\" class=\"size-large wp-image-36174\" src=\"http:\/\/www.automakersnews.cz\/wp-content\/uploads\/2023\/04\/20230404_orlen_benzinaautodrom_mostjanik_saitz_tiskova_konference_7-1024x537.jpg\" alt=\"\" width=\"1024\" height=\"537\" srcset=\"https:\/\/www.automakersnews.cz\/wp-content\/uploads\/2023\/04\/20230404_orlen_benzinaautodrom_mostjanik_saitz_tiskova_konference_7-1024x537.jpg 1024w, https:\/\/www.automakersnews.cz\/wp-content\/uploads\/2023\/04\/20230404_orlen_benzinaautodrom_mostjanik_saitz_tiskova_konference_7-300x157.jpg 300w, https:\/\/www.automakersnews.cz\/wp-content\/uploads\/2023\/04\/20230404_orlen_benzinaautodrom_mostjanik_saitz_tiskova_konference_7-768x403.jpg 768w, https:\/\/www.automakersnews.cz\/wp-content\/uploads\/2023\/04\/20230404_orlen_benzinaautodrom_mostjanik_saitz_tiskova_konference_7-1536x806.jpg 1536w, https:\/\/www.automakersnews.cz\/wp-content\/uploads\/2023\/04\/20230404_orlen_benzinaautodrom_mostjanik_saitz_tiskova_konference_7.jpg 2048w\" sizes=\"auto, (max-width: 1024px) 100vw, 1024px\" \/><figcaption id=\"caption-attachment-36174\" class=\"wp-caption-text\">Josef Zaj\u00ed\u010dek na leto\u0161n\u00ed tiskovce (zcela vlevo)<\/figcaption><\/figure>\n<p>\u201e\u00dasp\u011b\u0161n\u00fd t\u0159et\u00ed ro\u010dn\u00edk je pro n\u00e1s hlavn\u011b motivac\u00ed do p\u0159\u00ed\u0161t\u00edch let. Nyn\u00ed si v\u0161echno vyhodnot\u00edme, v\u00edme o n\u011bkter\u00fdch nedostatc\u00edch a pe\u010dliv\u011b sledujeme reakce div\u00e1k\u016f, abychom jim dok\u00e1zali p\u0159\u00ed\u0161t\u00ed rok nab\u00eddnout je\u0161t\u011b lep\u0161\u00ed servis,&#8220; ohl\u00ed\u017e\u00ed se za t\u0159et\u00edm mistrovstv\u00edm sv\u011bta superbik\u016f v Most\u011b Josef Zaj\u00ed\u010dek, p\u0159edseda p\u0159edstavenstva spole\u010dnosti Autodrom Most.<\/p>\n<p><img loading=\"lazy\" decoding=\"async\" class=\"alignnone size-large wp-image-69824\" src=\"http:\/\/www.automakersnews.cz\/wp-content\/uploads\/2023\/07\/Most-motorky-superbike-1024x683.jpg\" alt=\"\" width=\"1024\" height=\"683\" \/><\/p>\n","protected":false},"excerpt":{"rendered":"<div class=\"mh-excerpt\"><p>Most s prvn\u00edm v\u00edkendov\u00fdm dnem za\u017eil dal\u0161\u00ed show, kdy si s jezdci pohr\u00e1lo po\u010das\u00ed. Navzdory tomu autodrom za\u017eil rekordn\u00ed akci. \u0160pi\u010dkov\u00fd motorsport vid\u011blo b\u011bhem cel\u00e9ho <a class=\"mh-excerpt-more\" href=\"https:\/\/www.automakersnews.cz\/index.php\/2023\/07\/31\/superbiky-v-moste-v-blaznivem-pocasi\/\" title=\"Superbiky v Most\u011b v bl\u00e1zniv\u00e9m po\u010das\u00ed\">[&#8230;]<\/a><\/p>\n<\/div>","protected":false},"author":1,"featured_media":71693,"comment_status":"open","ping_status":"open","sticky":false,"template":"","format":"standard","meta":{"footnotes":""},"categories":[16],"tags":[],"class_list":["post-71692","post","type-post","status-publish","format-standard","has-post-thumbnail","hentry","category-motorsport"],"_links":{"self":[{"href":"https:\/\/www.automakersnews.cz\/index.php\/wp-json\/wp\/v2\/posts\/71692","targetHints":{"allow":["GET"]}}],"collection":[{"href":"https:\/\/www.automakersnews.cz\/index.php\/wp-json\/wp\/v2\/posts"}],"about":[{"href":"https:\/\/www.automakersnews.cz\/index.php\/wp-json\/wp\/v2\/types\/post"}],"author":[{"embeddable":true,"href":"https:\/\/www.automakersnews.cz\/index.php\/wp-json\/wp\/v2\/users\/1"}],"replies":[{"embeddable":true,"href":"https:\/\/www.automakersnews.cz\/index.php\/wp-json\/wp\/v2\/comments?post=71692"}],"version-history":[{"count":0,"href":"https:\/\/www.automakersnews.cz\/index.php\/wp-json\/wp\/v2\/posts\/71692\/revisions"}],"wp:featuredmedia":[{"embeddable":true,"href":"https:\/\/www.automakersnews.cz\/index.php\/wp-json\/wp\/v2\/media\/71693"}],"wp:attachment":[{"href":"https:\/\/www.automakersnews.cz\/index.php\/wp-json\/wp\/v2\/media?parent=71692"}],"wp:term":[{"taxonomy":"category","embeddable":true,"href":"https:\/\/www.automakersnews.cz\/index.php\/wp-json\/wp\/v2\/categories?post=71692"},{"taxonomy":"post_tag","embeddable":true,"href":"https:\/\/www.automakersnews.cz\/index.php\/wp-json\/wp\/v2\/tags?post=71692"}],"curies":[{"name":"wp","href":"https:\/\/api.w.org\/{rel}","templated":true}]}}