{"id":71732,"date":"2023-08-01T04:09:30","date_gmt":"2023-08-01T04:09:30","guid":{"rendered":"https:\/\/www.automakersnews.cz\/?p=71732"},"modified":"2023-08-01T15:38:28","modified_gmt":"2023-08-01T15:38:28","slug":"premiera-porsche-cayenne-ve-veletrznim-palaci","status":"publish","type":"post","link":"https:\/\/www.automakersnews.cz\/index.php\/2023\/08\/01\/premiera-porsche-cayenne-ve-veletrznim-palaci\/","title":{"rendered":"Veletr\u017en\u00ed pal\u00e1c hostil premi\u00e9ru Cayenne"},"content":{"rendered":"<p><strong>Import\u00e9r zna\u010dky Porsche p\u0159edstavil 27. \u010dervence 2023 ve\u010der modernizovan\u00e9 proveden\u00ed modelu: Porsche Cayenne. \u0160\u00e9f zna\u010dky Jan Sedl\u00e1\u010dek si vybral pro premi\u00e9ru Velkou dvoranu pra\u017esk\u00e9ho Veletr\u017en\u00edho pal\u00e1ce.<\/strong><!--more--><\/p>\n<p>\u201eP\u0159ed v\u00edce ne\u017e dvaceti lety zna\u010dka Porsche p\u0159edstavila revolu\u010dn\u00ed v\u016fz \u2013 SUV, do kter\u00e9ho pozd\u011bji za\u010dala montovat diesel. Tehdy spousta lid\u00ed nev\u011b\u0159ila, \u017ee z toho bude takov\u00fd \u00fasp\u011bch,\u201c \u0159\u00edk\u00e1 Jan Sedl\u00e1\u010dek, v\u00fdkonn\u00fd \u0159editel importu automobil\u016f Porsche ze spole\u010dnosti Porsche Inter Auto CZ.<\/p>\n<p>\u201eDnes tady stoj\u00edme s nov\u00fdm modelem Cayenne, kter\u00e9 je zdaleka nejprod\u00e1van\u011bj\u0161\u00edm Porsche v\u016fbec. Tuto t\u0159et\u00ed generaci Porsche modernizovalo tak v\u00fdrazn\u011b, \u017ee bychom mohli mluvit prakticky o generaci nov\u00e9,\u201c dodal Sedl\u00e1\u010dek.<\/p>\n<p><img loading=\"lazy\" decoding=\"async\" class=\"alignnone size-full wp-image-71738\" src=\"http:\/\/www.automakersnews.cz\/wp-content\/uploads\/2023\/07\/Porsche-Cayenne-Sedlacek-premiera-sirka-1.jpg\" alt=\"\" width=\"667\" height=\"629\" srcset=\"https:\/\/www.automakersnews.cz\/wp-content\/uploads\/2023\/07\/Porsche-Cayenne-Sedlacek-premiera-sirka-1.jpg 667w, https:\/\/www.automakersnews.cz\/wp-content\/uploads\/2023\/07\/Porsche-Cayenne-Sedlacek-premiera-sirka-1-300x283.jpg 300w\" sizes=\"auto, (max-width: 667px) 100vw, 667px\" \/><\/p>\n<p>\u201eNov\u00fd Cayenne je sportovn\u011bj\u0161\u00ed, v\u00edce digitalizovan\u00fd a tak\u00e9 v\u00edce elektrifikovan\u00fd. Plug-in hybridn\u00ed E-Hybrid ujede a\u017e 90 km \u010dist\u011b na elekt\u0159inu a poda\u0159ilo se n\u00e1m ho homologovat na EL registra\u010dn\u00ed zna\u010dky,\u201c zmi\u0148uje Jan Sedl\u00e1\u010dek n\u011bkter\u00e9 inovace.<\/p>\n<p>Novinkov\u00e9 luxusn\u00ed SUV se nad\u00e1le bude nab\u00edzet ve dvou karos\u00e1\u0159sk\u00fdch verz\u00edch Cayenne a Cayenne Coup\u00e9. Na prvn\u00ed pohled se pozn\u00e1 podle omlazen\u00e9ho designu zejm\u00e9na zadn\u00ed \u010d\u00e1sti s anima\u010dn\u00ed funkc\u00ed 3D LED sv\u011btlomet\u016f, vp\u0159edu pak novinku prozrad\u00ed nov\u00e9 HD Matrix LED sv\u011btlomety.<\/p>\n<p>Uvnit\u0159 upout\u00e1 vysoce digitalizovan\u00fd koncept zobrazov\u00e1n\u00ed se t\u0159emi displeji: zak\u0159iven\u00fd 12,6\u201c panel p\u0159ed \u0159idi\u010dem dopl\u0148uje centr\u00e1ln\u00ed Porsche Comunication Management (\u00fahlop\u0159\u00ed\u010dka 12,3 palce) se streamov\u00e1n\u00edm televiz\u00ed a novinkou je 10,9\u201c displej pro spolujezdce.<\/p>\n<p>Ten na n\u011bm m\u016f\u017ee sledovat t\u0159eba videa \u010di nastavovat funkce vozu. P\u0159es v\u0161echny inovace Porsche ct\u00ed tradice \u2013 ot\u00e1\u010dkom\u011br z\u016fst\u00e1v\u00e1 v z\u00e1kladn\u00edm zobrazen\u00ed uprost\u0159ed a startov\u00e1n\u00ed vozu prob\u00edh\u00e1 st\u00e1le nalevo od volantu. Inspirace elektrick\u00fdm modelem Taycan pak prozrad\u00ed nov\u00fd voli\u010d p\u0159evodovky vpravo od volantu.<\/p>\n<p>Zdrojem intenzivn\u00edho pot\u011b\u0161en\u00ed z ostr\u00e9 j\u00edzdy je optimalizovan\u00fd podvozek s nov\u00fdmi dvouventilov\u00fdmi tlumi\u010di ve spojen\u00ed s mimo\u0159\u00e1dn\u011b v\u00fdkonn\u00fdm pohonem dod\u00e1van\u00fdm ve t\u0159ech variant\u00e1ch poskytuj\u00edc\u00edch maxim\u00e1ln\u00ed v\u00fdkon od 260 kW (353 k) do 349 kW (474 k).<\/p>\n<p><strong>Motorizace: benz\u00edn i plug-in hybrid\u00a0<\/strong><\/p>\n<p>Krom\u011b p\u0159epl\u0148ovan\u00fdch benzinov\u00fdch motor\u016f V6 (Cayenne) a V8 (Cayenne S) nechyb\u00ed ani plug-in hybridn\u00ed verze Cayenne E-Hybrid s dojezdem na elekt\u0159inu a\u017e 90 kilometr\u016f a emisemi CO2 pod hranic\u00ed 50 g\/km. To dovoluje mo\u017enost registrovat nov\u00e9 Porsche Cayenne E-Hybrid na zna\u010dky EL, co\u017e d\u0159\u00edve mo\u017en\u00e9 nebylo. V porovn\u00e1n\u00ed s p\u0159edch\u016fdcem citeln\u011b v\u00fdkonn\u011bj\u0161\u00ed motory umoc\u0148uj\u00ed pov\u011bst modelu Cayenne jako nejsportovn\u011bj\u0161\u00edho vozu ve sv\u00e9m segmentu.<\/p>\n<p>Nov\u00e9 Porsche Cayenne se nab\u00edz\u00ed za cenu od 2 248 800 K\u010d, atraktivn\u011bj\u0161\u00ed verze Coup\u00e9 startuje na 2 357 061 K\u010d.<\/p>\n<p><img loading=\"lazy\" decoding=\"async\" class=\"alignnone size-full wp-image-71734\" src=\"http:\/\/www.automakersnews.cz\/wp-content\/uploads\/2023\/07\/Porsche-Cayenne-Veletrzni-palac--e1690787550608.jpg\" alt=\"\" width=\"500\" height=\"750\" srcset=\"https:\/\/www.automakersnews.cz\/wp-content\/uploads\/2023\/07\/Porsche-Cayenne-Veletrzni-palac--e1690787550608.jpg 500w, https:\/\/www.automakersnews.cz\/wp-content\/uploads\/2023\/07\/Porsche-Cayenne-Veletrzni-palac--e1690787550608-200x300.jpg 200w\" sizes=\"auto, (max-width: 500px) 100vw, 500px\" \/><\/p>\n","protected":false},"excerpt":{"rendered":"<div class=\"mh-excerpt\"><p>Import\u00e9r zna\u010dky Porsche p\u0159edstavil 27. \u010dervence 2023 ve\u010der modernizovan\u00e9 proveden\u00ed modelu: Porsche Cayenne. \u0160\u00e9f zna\u010dky Jan Sedl\u00e1\u010dek si vybral pro premi\u00e9ru Velkou dvoranu pra\u017esk\u00e9ho Veletr\u017en\u00edho <a class=\"mh-excerpt-more\" href=\"https:\/\/www.automakersnews.cz\/index.php\/2023\/08\/01\/premiera-porsche-cayenne-ve-veletrznim-palaci\/\" title=\"Veletr\u017en\u00ed pal\u00e1c hostil premi\u00e9ru Cayenne\">[&#8230;]<\/a><\/p>\n<\/div>","protected":false},"author":1,"featured_media":71737,"comment_status":"open","ping_status":"open","sticky":false,"template":"","format":"standard","meta":{"footnotes":""},"categories":[44,31],"tags":[],"class_list":["post-71732","post","type-post","status-publish","format-standard","has-post-thumbnail","hentry","category-ceny-novinek","category-premiery"],"_links":{"self":[{"href":"https:\/\/www.automakersnews.cz\/index.php\/wp-json\/wp\/v2\/posts\/71732","targetHints":{"allow":["GET"]}}],"collection":[{"href":"https:\/\/www.automakersnews.cz\/index.php\/wp-json\/wp\/v2\/posts"}],"about":[{"href":"https:\/\/www.automakersnews.cz\/index.php\/wp-json\/wp\/v2\/types\/post"}],"author":[{"embeddable":true,"href":"https:\/\/www.automakersnews.cz\/index.php\/wp-json\/wp\/v2\/users\/1"}],"replies":[{"embeddable":true,"href":"https:\/\/www.automakersnews.cz\/index.php\/wp-json\/wp\/v2\/comments?post=71732"}],"version-history":[{"count":0,"href":"https:\/\/www.automakersnews.cz\/index.php\/wp-json\/wp\/v2\/posts\/71732\/revisions"}],"wp:featuredmedia":[{"embeddable":true,"href":"https:\/\/www.automakersnews.cz\/index.php\/wp-json\/wp\/v2\/media\/71737"}],"wp:attachment":[{"href":"https:\/\/www.automakersnews.cz\/index.php\/wp-json\/wp\/v2\/media?parent=71732"}],"wp:term":[{"taxonomy":"category","embeddable":true,"href":"https:\/\/www.automakersnews.cz\/index.php\/wp-json\/wp\/v2\/categories?post=71732"},{"taxonomy":"post_tag","embeddable":true,"href":"https:\/\/www.automakersnews.cz\/index.php\/wp-json\/wp\/v2\/tags?post=71732"}],"curies":[{"name":"wp","href":"https:\/\/api.w.org\/{rel}","templated":true}]}}