{"id":719,"date":"2022-10-25T08:06:46","date_gmt":"2022-10-25T08:06:46","guid":{"rendered":"https:\/\/www.automakersnews.cz\/?p=719"},"modified":"2022-10-25T08:07:06","modified_gmt":"2022-10-25T08:07:06","slug":"penzijni-fondy-zaluji-koncern-volkswagen","status":"publish","type":"post","link":"https:\/\/www.automakersnews.cz\/index.php\/2022\/10\/25\/penzijni-fondy-zaluji-koncern-volkswagen\/","title":{"rendered":"Penzijn\u00ed fondy \u017ealuj\u00ed koncern Volkswagen"},"content":{"rendered":"<p><strong>\u0160est <span class=\"e5id0 advancedHighlight\" data-id=\"0\" data-classic=\"false\">penzin\u00edch fond\u016f<\/span> podalo \u017ealobu na koncern <span class=\"e1id1 e4id1 advancedHighlight\" data-id=\"2\" data-classic=\"false\">Volkswagen<\/span>. Podnik se toti\u017e na v\u00fdro\u010dn\u00ed valn\u00e9 hromad\u011b\u00a0<span class=\"e5id1 advancedHighlight\" data-id=\"3\" data-classic=\"false\">akcion\u00e1\u0159\u016f<\/span> odm\u00edtl bavit o tom, zda by jeho lobbistick\u00e9 aktivity mohly ohrozit jejich investice. Informoval o tom <span class=\"e1id0 e4id0 advancedHighlight\" data-id=\"4\" data-classic=\"false\">Reuters<\/span>.<\/strong> <!--more--><\/p>\n<p>\u017dalobu podaly \u0161v\u00e9dsk\u00e9 penzijn\u00ed fondy AP7, AP2, AP3 a AP4, d\u00e1nsk\u00fd penzijn\u00ed fond AkademikerPension a britsk\u00fd penzijn\u00ed fond Church of England Pensions Board, p\u00ed\u0161e port\u00e1l finance.cz.<\/p>\n<p>Fondy tvrd\u00ed, \u017ee lobbistick\u00e9 aktivity\u00a0<span class=\"e1id1 e4id1 advancedHighlight\" data-id=\"2\" data-classic=\"false\">Volkswagenu<\/span>\u00a0uskute\u010d\u0148ovan\u00e9 prost\u0159ednictv\u00edm \u010dlenstv\u00ed v\u00a0<span class=\"advancedHighlight SearchKeywordHighlight\" data-classic=\"true\">automobilov\u00fdch<\/span>\u00a0a podnikatelsk\u00fdch sdru\u017een\u00edch jsou v rozporu s ve\u0159ejn\u00fdmi prohl\u00e1\u0161en\u00edmi podniku o d\u016fle\u017eitosti ekologick\u00e9 transformace.<\/p>\n<p>Podle fond\u016f by tento postup mohl koncernu zp\u016fsobit provozn\u00ed \u00fajmu a u\u0161kodit jeho pov\u011bsti, co\u017e by zas\u00e1hlo tak\u00e9 jejich investice. Fondy vlastn\u00ed zhruba desetinu procenta akci\u00ed\u00a0<span class=\"e1id1 e4id1 advancedHighlight\" data-id=\"2\" data-classic=\"false\">Volkswagenu<\/span>.<\/p>\n","protected":false},"excerpt":{"rendered":"<div class=\"mh-excerpt\"><p>\u0160est penzin\u00edch fond\u016f podalo \u017ealobu na koncern Volkswagen. Podnik se toti\u017e na v\u00fdro\u010dn\u00ed valn\u00e9 hromad\u011b\u00a0akcion\u00e1\u0159\u016f odm\u00edtl bavit o tom, zda by jeho lobbistick\u00e9 aktivity mohly <a class=\"mh-excerpt-more\" href=\"https:\/\/www.automakersnews.cz\/index.php\/2022\/10\/25\/penzijni-fondy-zaluji-koncern-volkswagen\/\" title=\"Penzijn\u00ed fondy \u017ealuj\u00ed koncern Volkswagen\">[&#8230;]<\/a><\/p>\n<\/div>","protected":false},"author":1,"featured_media":537,"comment_status":"open","ping_status":"open","sticky":false,"template":"","format":"standard","meta":{"footnotes":""},"categories":[9,2],"tags":[],"class_list":["post-719","post","type-post","status-publish","format-standard","has-post-thumbnail","hentry","category-investice","category-news"],"_links":{"self":[{"href":"https:\/\/www.automakersnews.cz\/index.php\/wp-json\/wp\/v2\/posts\/719","targetHints":{"allow":["GET"]}}],"collection":[{"href":"https:\/\/www.automakersnews.cz\/index.php\/wp-json\/wp\/v2\/posts"}],"about":[{"href":"https:\/\/www.automakersnews.cz\/index.php\/wp-json\/wp\/v2\/types\/post"}],"author":[{"embeddable":true,"href":"https:\/\/www.automakersnews.cz\/index.php\/wp-json\/wp\/v2\/users\/1"}],"replies":[{"embeddable":true,"href":"https:\/\/www.automakersnews.cz\/index.php\/wp-json\/wp\/v2\/comments?post=719"}],"version-history":[{"count":0,"href":"https:\/\/www.automakersnews.cz\/index.php\/wp-json\/wp\/v2\/posts\/719\/revisions"}],"wp:featuredmedia":[{"embeddable":true,"href":"https:\/\/www.automakersnews.cz\/index.php\/wp-json\/wp\/v2\/media\/537"}],"wp:attachment":[{"href":"https:\/\/www.automakersnews.cz\/index.php\/wp-json\/wp\/v2\/media?parent=719"}],"wp:term":[{"taxonomy":"category","embeddable":true,"href":"https:\/\/www.automakersnews.cz\/index.php\/wp-json\/wp\/v2\/categories?post=719"},{"taxonomy":"post_tag","embeddable":true,"href":"https:\/\/www.automakersnews.cz\/index.php\/wp-json\/wp\/v2\/tags?post=719"}],"curies":[{"name":"wp","href":"https:\/\/api.w.org\/{rel}","templated":true}]}}