{"id":72192,"date":"2023-08-01T08:51:32","date_gmt":"2023-08-01T08:51:32","guid":{"rendered":"https:\/\/www.automakersnews.cz\/?p=72192"},"modified":"2023-08-01T09:03:04","modified_gmt":"2023-08-01T09:03:04","slug":"cesky-mercedes-benz-klub-oslavi-60-let","status":"publish","type":"post","link":"https:\/\/www.automakersnews.cz\/index.php\/2023\/08\/01\/cesky-mercedes-benz-klub-oslavi-60-let\/","title":{"rendered":"\u010cesk\u00fd Mercedes-Benz klub slav\u00ed 60 let"},"content":{"rendered":"<p><strong>Praha bude pat\u0159it ve dnech 3. a\u017e 6. srpna voz\u016fm Mercedes-Benz. Mercedes-Benz klub \u010cesk\u00e1 republika, jedin\u00fd ofici\u00e1ln\u011b uznan\u00fd klub sdru\u017euj\u00edc\u00ed p\u0159\u00edznivce automobil\u016f s t\u0159\u00edc\u00edpou hv\u011bzdou ve znaku, bude slavit 60 let od zalo\u017een\u00ed. P\u0159ipraven je program pro majitele a \u010dleny, ale i p\u0159\u00edznivce z \u0159ad ve\u0159ejnosti.<\/strong><!--more--><\/p>\n<p>Klub byl zalo\u017een v\u00a0tehdej\u0161\u00edm \u010ceskoslovensku v\u00a0roce 1963 v\u00a0Praze sedmi majiteli, kte\u0159\u00ed s\u00a0velk\u00fdm \u00fasil\u00edm udr\u017eovali zachoval\u00e9 star\u0161\u00ed vozy. K\u00a0pravideln\u00e9mu setk\u00e1v\u00e1n\u00ed je vedla nejen v\u00e1\u0161e\u0148 pro zna\u010dku, ale i pragmatick\u00e9 d\u016fvody kv\u016fli tehdy nedostupn\u00fdm sou\u010d\u00e1stk\u00e1m ze Z\u00e1padu \u010di sd\u00edlen\u00ed vz\u00e1cn\u00e9 odborn\u00e9 literatury. Klub se postupn\u011b rozr\u016fstal a\u00a0v\u00a0druh\u00e9 polovin\u011b 80. let dos\u00e1hl po\u010det jeho \u010dlen\u016f 600, svou existenci si zachoval i\u00a0v\u00a0porevolu\u010dn\u00ed dob\u011b.<\/p>\n<p>\u010clenov\u00e9 jsou velmi hrd\u00ed zejm\u00e9na na rok zalo\u017een\u00ed, nebo\u0165 se t\u00edm jejich sdru\u017een\u00ed \u0159ad\u00ed mezi p\u011bt nejstar\u0161\u00edch st\u00e1le provozovan\u00fdch klub\u016f Mercedes-Benz na sv\u011bt\u011b. Z\u00e1rove\u0148 je nejstar\u0161\u00edm klubem zna\u010dky na evropsk\u00e9 pevnin\u011b, v\u010detn\u011b v\u0161ech n\u011bmeck\u00fdch spolk\u016f. Nejstar\u0161\u00ed klub zna\u010dky, The Mercedes-Benz Club UK ze\u00a0Spojen\u00e9ho kr\u00e1lovstv\u00ed, byl zalo\u017een v roce 1952.<\/p>\n<p>\u010cesk\u00fd klub m\u00e1 st\u00e1le velmi aktivn\u00ed \u010dlenskou z\u00e1kladnu, kter\u00e1 zahrnuje jak sb\u011bratele nebo majitele vz\u00e1cn\u00fdch veter\u00e1nsk\u00fdch model\u016f, tak fanou\u0161ky obl\u00edben\u00fdch youngtimer\u016f i zcela nov\u00fdch voz\u016f Mercedes-Benz.<\/p>\n<p><strong>Oslavy 60 let klubu prob\u011bhnou 3. a\u017e 6. srpna v\u00a0Praze i s\u00a0akcemi pro ve\u0159ejnost<\/strong><\/p>\n<p>Jubilejn\u00ed sraz bude po 10 letech op\u011bt hostit Praha. \u00da\u010dastn\u00edci z\u00a0\u0159ad \u010dlen\u016f \u010desk\u00e9ho klubu a host\u016f ze zahrani\u010dn\u00edch klub\u016f se setkaj\u00ed ji\u017e ve \u010dtvrtek 3. srpna, kdy je \u010dek\u00e1 ve\u010dern\u00ed spole\u010dn\u00e1 j\u00edzda hlavn\u00edm m\u011bstem. Ta bude pokra\u010dovat p\u00e1te\u010dn\u00ed orienta\u010dn\u00ed j\u00edzdou po vybran\u00fdch tras\u00e1ch v\u00a0okol\u00ed Prahy.<\/p>\n<p>Jedn\u00edm z\u00a0vrchol\u016f programu je sobotn\u00ed v\u00fdstava vozidel v\u00a0prostor\u00e1ch N\u00e1rodn\u00edho technick\u00e9ho muzea na Letn\u00e9, kde jsou v\u00edt\u00e1ni z\u00e1jemci z\u00a0\u0159ad ve\u0159ejnosti. NTM m\u00e1 ve\u00a0sv\u00fdch sb\u00edrk\u00e1ch unik\u00e1tn\u00ed vozy sv\u011btov\u00e9ho v\u00fdznamu, mezi jin\u00fdmi Benz Victoria, kter\u00fd se sv\u00fdm libereck\u00fdm majitelem Theodorem von Liebigem vykonal prvn\u00ed d\u00e1lkovou j\u00edzdu v d\u011bjin\u00e1ch automobilismu v\u016fbec, i mimo\u0159\u00e1dn\u011b cenn\u00fd formulov\u00fd \u201est\u0159\u00edbrn\u00fd \u0161\u00edp\u201c W154 v\u00a0prakticky p\u016fvodn\u00edm stavu v\u010detn\u011b origin\u00e1ln\u00edch pneumatik z\u00a0posledn\u00edho z\u00e1vodu.<\/p>\n<p>Na v\u00fdstavu nav\u00e1\u017ee odpoledn\u00ed n\u00e1v\u0161t\u011bva zastoupen\u00ed Mercedes-Benz na Chodov\u011b s\u00a0programem orientovan\u00fdm na\u00a0historickou i sou\u010dasnou produkci automobilky. Vyvrcholen\u00edm bude slavnostn\u00ed galave\u010der v\u00a0kongresov\u00e9m s\u00e1lu TOP Hotelu Praha.<\/p>\n<p>Ned\u011ble 6. srpna 2023 bude vyhrazena spanil\u00e9 j\u00edzd\u011b Prahou s\u00a0c\u00edlem v\u00a0Leteck\u00e9m muzeu Kbely.<\/p>\n<p><img loading=\"lazy\" decoding=\"async\" class=\"size-large wp-image-52410\" src=\"http:\/\/www.automakersnews.cz\/wp-content\/uploads\/2023\/06\/Mercedes_Husek2-1024x459.jpg\" alt=\"\" width=\"1024\" height=\"459\" \/><\/p>\n<p>&nbsp;<\/p>\n","protected":false},"excerpt":{"rendered":"<div class=\"mh-excerpt\"><p>Praha bude pat\u0159it ve dnech 3. a\u017e 6. srpna voz\u016fm Mercedes-Benz. Mercedes-Benz klub \u010cesk\u00e1 republika, jedin\u00fd ofici\u00e1ln\u011b uznan\u00fd klub sdru\u017euj\u00edc\u00ed p\u0159\u00edznivce automobil\u016f s t\u0159\u00edc\u00edpou hv\u011bzdou <a class=\"mh-excerpt-more\" href=\"https:\/\/www.automakersnews.cz\/index.php\/2023\/08\/01\/cesky-mercedes-benz-klub-oslavi-60-let\/\" title=\"\u010cesk\u00fd Mercedes-Benz klub slav\u00ed 60 let\">[&#8230;]<\/a><\/p>\n<\/div>","protected":false},"author":1,"featured_media":72193,"comment_status":"open","ping_status":"open","sticky":false,"template":"","format":"standard","meta":{"footnotes":""},"categories":[53,23],"tags":[],"class_list":["post-72192","post","type-post","status-publish","format-standard","has-post-thumbnail","hentry","category-veterani","category-vyroci"],"_links":{"self":[{"href":"https:\/\/www.automakersnews.cz\/index.php\/wp-json\/wp\/v2\/posts\/72192","targetHints":{"allow":["GET"]}}],"collection":[{"href":"https:\/\/www.automakersnews.cz\/index.php\/wp-json\/wp\/v2\/posts"}],"about":[{"href":"https:\/\/www.automakersnews.cz\/index.php\/wp-json\/wp\/v2\/types\/post"}],"author":[{"embeddable":true,"href":"https:\/\/www.automakersnews.cz\/index.php\/wp-json\/wp\/v2\/users\/1"}],"replies":[{"embeddable":true,"href":"https:\/\/www.automakersnews.cz\/index.php\/wp-json\/wp\/v2\/comments?post=72192"}],"version-history":[{"count":0,"href":"https:\/\/www.automakersnews.cz\/index.php\/wp-json\/wp\/v2\/posts\/72192\/revisions"}],"wp:featuredmedia":[{"embeddable":true,"href":"https:\/\/www.automakersnews.cz\/index.php\/wp-json\/wp\/v2\/media\/72193"}],"wp:attachment":[{"href":"https:\/\/www.automakersnews.cz\/index.php\/wp-json\/wp\/v2\/media?parent=72192"}],"wp:term":[{"taxonomy":"category","embeddable":true,"href":"https:\/\/www.automakersnews.cz\/index.php\/wp-json\/wp\/v2\/categories?post=72192"},{"taxonomy":"post_tag","embeddable":true,"href":"https:\/\/www.automakersnews.cz\/index.php\/wp-json\/wp\/v2\/tags?post=72192"}],"curies":[{"name":"wp","href":"https:\/\/api.w.org\/{rel}","templated":true}]}}